{"id":9033,"date":"2026-09-03T11:26:18","date_gmt":"2026-09-03T09:26:18","guid":{"rendered":"https:\/\/heimatverein-nieder-roden.de\/?p=9033"},"modified":"2026-09-03T11:28:45","modified_gmt":"2026-09-03T09:28:45","slug":"die-kerblounge-des-musikvereins-3","status":"publish","type":"post","link":"https:\/\/heimatverein-nieder-roden.de\/?p=9033","title":{"rendered":"Die Kerblounge des Musikvereins"},"content":{"rendered":"\n<p class=\"wp-block-paragraph\"><strong>Ein Beitrag zur Nirrer\u00e4irer Kerb 2026<\/strong><\/p>\n\n\n\n<p class=\"wp-block-paragraph\">Der Musikverein Nieder-Roden l\u00e4dt im Rahmen der Kerb in diesem Jahr erstmals<br>in den Garten des Pfarrheims ein! <\/p>\n\n\n\n<p class=\"wp-block-paragraph\">Los geht es mit der Kerblounge am Samstag, den 12.09. ab 19 Uhr mit Livemusik von Tom Sch\u00fcler &amp; Friends. Am Kerbsonntag, den 13.09., pr\u00e4sentieren sich \u00fcber den Tag verteilt die Orchester des Musikvereins beginnend mit dem Konzertorchester gleich nach dem Fest-Gottesdienst. <\/p>\n\n\n\n<p class=\"wp-block-paragraph\">Auch das Jugendorchester, die Rodgauer Blasmusik und die Klangfarben werden zur Unterhaltung der G\u00e4ste beitragen. <\/p>\n\n\n\n<p class=\"wp-block-paragraph\">An beiden Tagen gibt es wie immer Grillspezialit\u00e4ten, Suppen, Getr\u00e4nke und Bio-Weine.<\/p>\n\n\n\n<p class=\"wp-block-paragraph\"><strong>Der Eintritt ist frei!<\/strong><\/p>\n\n\n\n<h2 class=\"wp-block-heading\">Besetzung der Kerblounge<\/h2>\n\n\n\n<ul class=\"wp-block-list\">\n<li>Jutta Vollmann (Gesang)<\/li>\n\n\n\n<li>Tom Sch\u00fcler (Trompete)<\/li>\n\n\n\n<li>Matthias R\u00fcdiger (Sax)<\/li>\n\n\n\n<li>Stephan Langer (Bass)<\/li>\n\n\n\n<li>Johannes Kunze (Drums)<\/li>\n\n\n\n<li>Matthias Fenchel (Piano)<\/li>\n\n\n\n<li>Tim Neckermann<\/li>\n<\/ul>\n\n\n\n<hr class=\"wp-block-separator has-alpha-channel-opacity\"\/>\n\n\n\n<h2 class=\"wp-block-heading\"><strong>Programm am Kerbsamstag (12.09.2026)<\/strong><\/h2>\n\n\n\n<ul class=\"wp-block-list\">\n<li><strong>18:00 Uhr:<\/strong> Die Kerb Lounge \u00f6ffnet<\/li>\n\n\n\n<li><strong>19:00 Uhr:<\/strong> Beginn Livemusik (Swing, Groove, Latin)<\/li>\n<\/ul>\n\n\n\n<p class=\"wp-block-paragraph\"><strong>Verpflegung:<\/strong> Grillspezialit\u00e4ten, Getr\u00e4nke und Bio-Weine<\/p>\n\n\n\n<hr class=\"wp-block-separator has-alpha-channel-opacity\"\/>\n\n\n\n<h2 class=\"wp-block-heading\"><strong>Programm am Kerbsonntag (13.09.2026)<\/strong><\/h2>\n\n\n\n<ul class=\"wp-block-list\">\n<li><strong>11:00 Uhr:<\/strong> Konzertorchester<\/li>\n\n\n\n<li><strong>13:00 Uhr:<\/strong> Jugendorchester<\/li>\n\n\n\n<li><strong>14:00 Uhr:<\/strong> Rodgauer Blasmusik<\/li>\n\n\n\n<li><strong>17:00 Uhr:<\/strong> Orchester K<\/li>\n<\/ul>\n\n\n\n<p class=\"wp-block-paragraph\"><strong>Verpflegung:<\/strong> Grillspezialit\u00e4ten, Getr\u00e4nke, Bio-Weine, vegane Suppen, Kaffee und Kuchen<\/p>\n\n\n\n<hr class=\"wp-block-separator has-alpha-channel-opacity\"\/>\n\n\n\n<p class=\"wp-block-paragraph\">Alle Infos mit dem gesamten Programm im katholischen Pfarrheim Nieder-Roden (Schulstra\u00dfe 31) gibt es auch in folgendem Flyer:<\/p>\n\n\n\n<div class=\"wp-block-columns is-layout-flex wp-container-core-columns-is-layout-8f761849 wp-block-columns-is-layout-flex\">\n<div class=\"wp-block-column is-layout-flow wp-block-column-is-layout-flow\" style=\"flex-basis:50%\">\n<figure class=\"wp-block-image size-full\"><img decoding=\"async\" width=\"349\" height=\"747\" src=\"https:\/\/heimatverein-nieder-roden.de\/wp-content\/uploads\/2026\/09\/grafik.png\" alt=\"\" class=\"wp-image-9034\" srcset=\"https:\/\/heimatverein-nieder-roden.de\/wp-content\/uploads\/2026\/09\/grafik.png 349w, https:\/\/heimatverein-nieder-roden.de\/wp-content\/uploads\/2026\/09\/grafik-140x300.png 140w\" sizes=\"(max-width: 349px) 100vw, 349px\" \/><\/figure>\n<\/div>\n\n\n\n<div class=\"wp-block-column is-layout-flow wp-block-column-is-layout-flow\" style=\"flex-basis:50%\">\n<figure class=\"wp-block-image size-full\"><img decoding=\"async\" width=\"352\" height=\"746\" src=\"https:\/\/heimatverein-nieder-roden.de\/wp-content\/uploads\/2026\/09\/grafik-1.png\" alt=\"\" class=\"wp-image-9035\" srcset=\"https:\/\/heimatverein-nieder-roden.de\/wp-content\/uploads\/2026\/09\/grafik-1.png 352w, https:\/\/heimatverein-nieder-roden.de\/wp-content\/uploads\/2026\/09\/grafik-1-142x300.png 142w\" sizes=\"(max-width: 352px) 100vw, 352px\" \/><\/figure>\n<\/div>\n<\/div>\n\n\n\n<hr class=\"wp-block-separator has-alpha-channel-opacity is-style-wide\"\/>\n\n\nBeitrag 0 mal aufgerufen in den letzten 365 Tagen.\n","protected":false},"excerpt":{"rendered":"<p>Ein Beitrag zur Nirrer\u00e4irer Kerb 2026<\/p>\n<p>Die Kerblounge des MVN in der 10. Auflage, diesmal im katholischen Pfarrheim, mit folgender Besetzung&#8230;<\/p><p><a class=\"more-link btn\" href=\"https:\/\/heimatverein-nieder-roden.de\/?p=9033\">Weiterlesen<\/a><\/p>\n","protected":false},"author":1,"featured_media":9034,"comment_status":"closed","ping_status":"closed","sticky":false,"template":"","format":"standard","meta":{"_coblocks_attr":"","_coblocks_dimensions":"","_coblocks_responsive_height":"","_coblocks_accordion_ie_support":"","footnotes":"","_share_on_mastodon":"0"},"categories":[6,784,97],"tags":[514,789,176,785,379,515,512,21,22,368,367,374,376,786,513,788,511],"class_list":["post-9033","post","type-post","status-publish","format-standard","has-post-thumbnail","hentry","category-aktuell","category-kerb-2026","category-slider","tag-johannes-kunze","tag-jutta-vollmann","tag-kerb","tag-kerb-2026","tag-kerblounge","tag-matthias-fenchel","tag-matthias-ruediger","tag-musikverein","tag-musikverein-nieder-roden","tag-nieder-roeder-kerb","tag-nirreraeirer-kerb","tag-pfarrheim","tag-pfarrheim-nieder-roden","tag-schulstrasse","tag-stephan-langer","tag-tim-neckermann-2","tag-tom-schueler","nodate"],"share_on_mastodon":{"url":"","error":""},"publishpress_future_action":{"enabled":false,"date":"2026-09-11 08:11:30","action":"category-remove","newStatus":"draft","terms":[],"taxonomy":"category","extraData":[]},"publishpress_future_workflow_manual_trigger":{"enabledWorkflows":[]},"_links":{"self":[{"href":"https:\/\/heimatverein-nieder-roden.de\/index.php?rest_route=\/wp\/v2\/posts\/9033","targetHints":{"allow":["GET"]}}],"collection":[{"href":"https:\/\/heimatverein-nieder-roden.de\/index.php?rest_route=\/wp\/v2\/posts"}],"about":[{"href":"https:\/\/heimatverein-nieder-roden.de\/index.php?rest_route=\/wp\/v2\/types\/post"}],"author":[{"embeddable":true,"href":"https:\/\/heimatverein-nieder-roden.de\/index.php?rest_route=\/wp\/v2\/users\/1"}],"replies":[{"embeddable":true,"href":"https:\/\/heimatverein-nieder-roden.de\/index.php?rest_route=%2Fwp%2Fv2%2Fcomments&post=9033"}],"version-history":[{"count":2,"href":"https:\/\/heimatverein-nieder-roden.de\/index.php?rest_route=\/wp\/v2\/posts\/9033\/revisions"}],"predecessor-version":[{"id":9038,"href":"https:\/\/heimatverein-nieder-roden.de\/index.php?rest_route=\/wp\/v2\/posts\/9033\/revisions\/9038"}],"wp:featuredmedia":[{"embeddable":true,"href":"https:\/\/heimatverein-nieder-roden.de\/index.php?rest_route=\/wp\/v2\/media\/9034"}],"wp:attachment":[{"href":"https:\/\/heimatverein-nieder-roden.de\/index.php?rest_route=%2Fwp%2Fv2%2Fmedia&parent=9033"}],"wp:term":[{"taxonomy":"category","embeddable":true,"href":"https:\/\/heimatverein-nieder-roden.de\/index.php?rest_route=%2Fwp%2Fv2%2Fcategories&post=9033"},{"taxonomy":"post_tag","embeddable":true,"href":"https:\/\/heimatverein-nieder-roden.de\/index.php?rest_route=%2Fwp%2Fv2%2Ftags&post=9033"}],"curies":[{"name":"wp","href":"https:\/\/api.w.org\/{rel}","templated":true}]}}