{"id":9017,"date":"2026-09-02T17:02:14","date_gmt":"2026-09-02T15:02:14","guid":{"rendered":"https:\/\/heimatverein-nieder-roden.de\/?p=9017"},"modified":"2026-09-02T17:05:55","modified_gmt":"2026-09-02T15:05:55","slug":"heimat-genuss-am-donnerstag-den-3-september","status":"publish","type":"post","link":"https:\/\/heimatverein-nieder-roden.de\/?p=9017","title":{"rendered":"Heimat &amp; Genuss am Donnerstag den 3. September"},"content":{"rendered":"\n<p class=\"wp-block-paragraph\"><strong>Heimatverein l\u00e4dt wieder ein zum Afterwork an der Kersch<\/strong><\/p>\n\n\n<div class=\"wp-block-image\">\n<figure class=\"aligncenter size-large is-resized\"><a href=\"https:\/\/heimatverein-nieder-roden.de\/wp-content\/uploads\/2026\/05\/2026-04-30_18-47-20_AKHNR_HeimatGenuss-1_FMA_PXL_20260430_164720382-scaled-scaled.jpg\"><img decoding=\"async\" width=\"1024\" height=\"771\" src=\"https:\/\/heimatverein-nieder-roden.de\/wp-content\/uploads\/2026\/05\/2026-04-30_18-47-20_AKHNR_HeimatGenuss-1_FMA_PXL_20260430_164720382-scaled-scaled-1024x771.jpg\" alt=\"\" class=\"wp-image-8723\" style=\"width:561px;height:auto\" srcset=\"https:\/\/heimatverein-nieder-roden.de\/wp-content\/uploads\/2026\/05\/2026-04-30_18-47-20_AKHNR_HeimatGenuss-1_FMA_PXL_20260430_164720382-scaled-scaled-1024x771.jpg 1024w, https:\/\/heimatverein-nieder-roden.de\/wp-content\/uploads\/2026\/05\/2026-04-30_18-47-20_AKHNR_HeimatGenuss-1_FMA_PXL_20260430_164720382-scaled-scaled-300x226.jpg 300w, https:\/\/heimatverein-nieder-roden.de\/wp-content\/uploads\/2026\/05\/2026-04-30_18-47-20_AKHNR_HeimatGenuss-1_FMA_PXL_20260430_164720382-scaled-scaled-768x578.jpg 768w, https:\/\/heimatverein-nieder-roden.de\/wp-content\/uploads\/2026\/05\/2026-04-30_18-47-20_AKHNR_HeimatGenuss-1_FMA_PXL_20260430_164720382-scaled-scaled-1536x1157.jpg 1536w, https:\/\/heimatverein-nieder-roden.de\/wp-content\/uploads\/2026\/05\/2026-04-30_18-47-20_AKHNR_HeimatGenuss-1_FMA_PXL_20260430_164720382-scaled-scaled-2048x1542.jpg 2048w, https:\/\/heimatverein-nieder-roden.de\/wp-content\/uploads\/2026\/05\/2026-04-30_18-47-20_AKHNR_HeimatGenuss-1_FMA_PXL_20260430_164720382-scaled-scaled-836x630.jpg 836w, https:\/\/heimatverein-nieder-roden.de\/wp-content\/uploads\/2026\/05\/2026-04-30_18-47-20_AKHNR_HeimatGenuss-1_FMA_PXL_20260430_164720382-scaled-scaled-560x422.jpg 560w\" sizes=\"(max-width: 1024px) 100vw, 1024px\" \/><\/a><figcaption class=\"wp-element-caption\">Heimat &amp; Genuss auf dem Kirchplatz in Nieder-Roden.<br>(c) AKHNR\/FMA<\/figcaption><\/figure>\n<\/div>\n\n<div class=\"wp-block-image\">\n<figure class=\"aligncenter size-full is-resized\"><a href=\"https:\/\/heimatverein-nieder-roden.de\/wp-content\/uploads\/2026\/09\/HG_Insta-Story_0309-2.jpeg\"><img decoding=\"async\" width=\"1080\" height=\"1920\" src=\"https:\/\/heimatverein-nieder-roden.de\/wp-content\/uploads\/2026\/09\/HG_Insta-Story_0309-2.jpeg\" alt=\"\" class=\"wp-image-9019\" style=\"aspect-ratio:0.5624950135738079;width:312px;height:auto\" srcset=\"https:\/\/heimatverein-nieder-roden.de\/wp-content\/uploads\/2026\/09\/HG_Insta-Story_0309-2.jpeg 1080w, https:\/\/heimatverein-nieder-roden.de\/wp-content\/uploads\/2026\/09\/HG_Insta-Story_0309-2-169x300.jpeg 169w, https:\/\/heimatverein-nieder-roden.de\/wp-content\/uploads\/2026\/09\/HG_Insta-Story_0309-2-576x1024.jpeg 576w, https:\/\/heimatverein-nieder-roden.de\/wp-content\/uploads\/2026\/09\/HG_Insta-Story_0309-2-768x1365.jpeg 768w, https:\/\/heimatverein-nieder-roden.de\/wp-content\/uploads\/2026\/09\/HG_Insta-Story_0309-2-864x1536.jpeg 864w, https:\/\/heimatverein-nieder-roden.de\/wp-content\/uploads\/2026\/09\/HG_Insta-Story_0309-2-836x1486.jpeg 836w, https:\/\/heimatverein-nieder-roden.de\/wp-content\/uploads\/2026\/09\/HG_Insta-Story_0309-2-560x996.jpeg 560w\" sizes=\"(max-width: 1080px) 100vw, 1080px\" \/><\/a><\/figure>\n<\/div>\n\n\n<p class=\"wp-block-paragraph\">Am Donnerstag, den 3. September 2026 l\u00e4dt der AKHNR wieder Nieder-R\u00f6der, Rodgauer, G\u00e4ste, Nachbarn und Freunde auf den Nirrer\u00e4irer Kirchplatz ein zur Veranstaltungsreihe &#8222;Heimat &amp; Genuss&#8220;.<\/p>\n\n\n\n<p class=\"wp-block-paragraph\">Nutzen Sie die entspannte Gelegenheit den Feierabend willkommen zu hei\u00dfen, sich zu treffen und vor allem ins Gespr\u00e4ch zu kommen. Mit guter Musik und etwas Leckerem zu trinken und zu essen.<\/p>\n\n\n\n<h2 class=\"wp-block-heading\">8 Termine in diesem Jahr<\/h2>\n\n\n\n<p class=\"wp-block-paragraph\">&#8222;Heimat &amp; Genuss&#8220; ist nicht nur ein Strohfeuer! Wir wollen am liebsten regelm\u00e4\u00dfig eine sch\u00f6ne Gelegenheit f\u00fcr Begegnungen schaffen. In diesem Jahr haben wir 8 Termine angesetzt!<\/p>\n\n\n\n<p class=\"wp-block-paragraph\">Mehr zur Idee und Intention, und alle Termine gibt es auf der Seite zur Veranstaltung:<\/p>\n\n\n\n<div class=\"wp-block-buttons is-content-justification-center is-layout-flex wp-container-core-buttons-is-layout-fe48e5de wp-block-buttons-is-layout-flex\">\n<div class=\"wp-block-button is-style-circular\"><a class=\"wp-block-button__link has-background wp-element-button\" href=\"https:\/\/heimatverein-nieder-roden.de\/?page_id=8616\" style=\"background-color:#932418\" target=\"_blank\" rel=\"noreferrer noopener\">Zur Seite von &#8222;Heimat &amp; Genuss&#8220;<\/a><\/div>\n<\/div>\n\n\n\n<h2 class=\"wp-block-heading\">Das gibt es am 3. September<\/h2>\n\n\n\n<p class=\"wp-block-paragraph\">An diesem Tag werden folgende Gastronomen\/Gruppen dabei sein:<\/p>\n\n\n\n<h3 class=\"wp-block-heading has-text-align-center\">Musik<\/h3>\n\n\n\n<p class=\"has-text-align-center wp-block-paragraph\">Es gibt stimmungsvolle Hintergrund-Musik vom Band.<\/p>\n\n\n\n<div style=\"height:10px\" aria-hidden=\"true\" class=\"wp-block-spacer\"><\/div>\n\n\n\n<h3 class=\"wp-block-heading has-text-align-center\">Getr\u00e4nke<\/h3>\n\n\n\n<div style=\"height:10px\" aria-hidden=\"true\" class=\"wp-block-spacer\"><\/div>\n\n\n\n<div class=\"wp-block-columns is-layout-flex wp-container-core-columns-is-layout-8f761849 wp-block-columns-is-layout-flex\">\n<div class=\"wp-block-column is-vertically-aligned-center is-layout-flow wp-block-column-is-layout-flow\" style=\"flex-basis:50%\"><div class=\"wp-block-image\">\n<figure class=\"aligncenter size-large\"><img decoding=\"async\" width=\"1024\" height=\"1024\" src=\"https:\/\/heimatverein-nieder-roden.de\/wp-content\/uploads\/2026\/09\/HG_Insta-Feed_WeinKunst_0309-1024x1024.jpeg\" alt=\"\" class=\"wp-image-9024\" srcset=\"https:\/\/heimatverein-nieder-roden.de\/wp-content\/uploads\/2026\/09\/HG_Insta-Feed_WeinKunst_0309-1024x1024.jpeg 1024w, https:\/\/heimatverein-nieder-roden.de\/wp-content\/uploads\/2026\/09\/HG_Insta-Feed_WeinKunst_0309-300x300.jpeg 300w, https:\/\/heimatverein-nieder-roden.de\/wp-content\/uploads\/2026\/09\/HG_Insta-Feed_WeinKunst_0309-150x150.jpeg 150w, https:\/\/heimatverein-nieder-roden.de\/wp-content\/uploads\/2026\/09\/HG_Insta-Feed_WeinKunst_0309-768x768.jpeg 768w, https:\/\/heimatverein-nieder-roden.de\/wp-content\/uploads\/2026\/09\/HG_Insta-Feed_WeinKunst_0309-836x836.jpeg 836w, https:\/\/heimatverein-nieder-roden.de\/wp-content\/uploads\/2026\/09\/HG_Insta-Feed_WeinKunst_0309-560x560.jpeg 560w, https:\/\/heimatverein-nieder-roden.de\/wp-content\/uploads\/2026\/09\/HG_Insta-Feed_WeinKunst_0309.jpeg 1080w\" sizes=\"(max-width: 1024px) 100vw, 1024px\" \/><\/figure>\n<\/div>\n\n\n<p class=\"wp-block-paragraph\"><strong>Was euch erwartet:<\/strong><br><strong><br><\/strong>Pers\u00f6nlich ausgew\u00e4hlte Weine, Br\u00e4nde &amp; Lik\u00f6re aus Deutschland. Die Winzer aus Pfalz, W\u00fcrttemberg und Rheinhessen kennt das Team pers\u00f6nlich \u2013 Qualit\u00e4t, die man schmeckt. Komm vorbei, probiert euch durch und genie\u00dft euren Feierabend.<\/p>\n<\/div>\n\n\n\n<div class=\"wp-block-column is-layout-flow wp-block-column-is-layout-flow\" style=\"flex-basis:50%\"><div class=\"wp-block-image\">\n<figure class=\"aligncenter size-large\"><img decoding=\"async\" width=\"1024\" height=\"1024\" src=\"https:\/\/heimatverein-nieder-roden.de\/wp-content\/uploads\/2026\/09\/HG_Insta-Feed_Glaabsbraeu_0309-1024x1024.jpeg\" alt=\"\" class=\"wp-image-9025\" srcset=\"https:\/\/heimatverein-nieder-roden.de\/wp-content\/uploads\/2026\/09\/HG_Insta-Feed_Glaabsbraeu_0309-1024x1024.jpeg 1024w, https:\/\/heimatverein-nieder-roden.de\/wp-content\/uploads\/2026\/09\/HG_Insta-Feed_Glaabsbraeu_0309-300x300.jpeg 300w, https:\/\/heimatverein-nieder-roden.de\/wp-content\/uploads\/2026\/09\/HG_Insta-Feed_Glaabsbraeu_0309-150x150.jpeg 150w, https:\/\/heimatverein-nieder-roden.de\/wp-content\/uploads\/2026\/09\/HG_Insta-Feed_Glaabsbraeu_0309-768x768.jpeg 768w, https:\/\/heimatverein-nieder-roden.de\/wp-content\/uploads\/2026\/09\/HG_Insta-Feed_Glaabsbraeu_0309-836x836.jpeg 836w, https:\/\/heimatverein-nieder-roden.de\/wp-content\/uploads\/2026\/09\/HG_Insta-Feed_Glaabsbraeu_0309-560x560.jpeg 560w, https:\/\/heimatverein-nieder-roden.de\/wp-content\/uploads\/2026\/09\/HG_Insta-Feed_Glaabsbraeu_0309.jpeg 1080w\" sizes=\"(max-width: 1024px) 100vw, 1024px\" \/><\/figure>\n<\/div>\n\n\n<p class=\"wp-block-paragraph\"><strong>Was euch erwartet:<\/strong><\/p>\n\n\n\n<p class=\"wp-block-paragraph\">\u00c4lteste Brauerei Hessens.<br>Familiengef\u00fchrt. Regional. Besonders.<\/p>\n\n\n\n<p class=\"wp-block-paragraph\">Naturbelassene Biere<br>mit Charakter und Leidenschaft.<\/p>\n<\/div>\n<\/div>\n\n\n\n<h3 class=\"wp-block-heading has-text-align-center\"><br>Essen<\/h3>\n\n\n\n<div style=\"height:10px\" aria-hidden=\"true\" class=\"wp-block-spacer\"><\/div>\n\n\n\n<div class=\"wp-block-columns is-layout-flex wp-container-core-columns-is-layout-8f761849 wp-block-columns-is-layout-flex\">\n<div class=\"wp-block-column is-vertically-aligned-center is-layout-flow wp-block-column-is-layout-flow\" style=\"flex-basis:50%\"><div class=\"wp-block-image\">\n<figure class=\"aligncenter size-large\"><img decoding=\"async\" width=\"1024\" height=\"1024\" src=\"https:\/\/heimatverein-nieder-roden.de\/wp-content\/uploads\/2026\/09\/HG_Insta-Feed_Jambo_0309-1024x1024.jpeg\" alt=\"\" class=\"wp-image-9026\" srcset=\"https:\/\/heimatverein-nieder-roden.de\/wp-content\/uploads\/2026\/09\/HG_Insta-Feed_Jambo_0309-1024x1024.jpeg 1024w, https:\/\/heimatverein-nieder-roden.de\/wp-content\/uploads\/2026\/09\/HG_Insta-Feed_Jambo_0309-300x300.jpeg 300w, https:\/\/heimatverein-nieder-roden.de\/wp-content\/uploads\/2026\/09\/HG_Insta-Feed_Jambo_0309-150x150.jpeg 150w, https:\/\/heimatverein-nieder-roden.de\/wp-content\/uploads\/2026\/09\/HG_Insta-Feed_Jambo_0309-768x768.jpeg 768w, https:\/\/heimatverein-nieder-roden.de\/wp-content\/uploads\/2026\/09\/HG_Insta-Feed_Jambo_0309-836x836.jpeg 836w, https:\/\/heimatverein-nieder-roden.de\/wp-content\/uploads\/2026\/09\/HG_Insta-Feed_Jambo_0309-560x560.jpeg 560w, https:\/\/heimatverein-nieder-roden.de\/wp-content\/uploads\/2026\/09\/HG_Insta-Feed_Jambo_0309.jpeg 1080w\" sizes=\"(max-width: 1024px) 100vw, 1024px\" \/><\/figure>\n<\/div>\n\n\n<p class=\"has-text-align-left wp-block-paragraph\"><strong>Was euch erwartet:<\/strong><\/p>\n\n\n\n<p class=\"has-text-align-left wp-block-paragraph\">Kr\u00e4ftige Aromen, besondere Gew\u00fcrze und authentischer Genuss:<\/p>\n\n\n\n<p class=\"has-text-align-left wp-block-paragraph\">Jambo African Dishes l\u00e4dt euch auf eine kulinarische Reise durch die afrikanische K\u00fcche ein.<br><\/p>\n<\/div>\n\n\n\n<div class=\"wp-block-column is-layout-flow wp-block-column-is-layout-flow\" style=\"flex-basis:50%\"><div class=\"wp-block-image\">\n<figure class=\"aligncenter size-large\"><img decoding=\"async\" width=\"576\" height=\"1024\" src=\"https:\/\/heimatverein-nieder-roden.de\/wp-content\/uploads\/2026\/09\/HG_Insta-Story_AKHNR_0309-576x1024.jpeg\" alt=\"\" class=\"wp-image-9020\" srcset=\"https:\/\/heimatverein-nieder-roden.de\/wp-content\/uploads\/2026\/09\/HG_Insta-Story_AKHNR_0309-576x1024.jpeg 576w, https:\/\/heimatverein-nieder-roden.de\/wp-content\/uploads\/2026\/09\/HG_Insta-Story_AKHNR_0309-169x300.jpeg 169w, https:\/\/heimatverein-nieder-roden.de\/wp-content\/uploads\/2026\/09\/HG_Insta-Story_AKHNR_0309-768x1365.jpeg 768w, https:\/\/heimatverein-nieder-roden.de\/wp-content\/uploads\/2026\/09\/HG_Insta-Story_AKHNR_0309-864x1536.jpeg 864w, https:\/\/heimatverein-nieder-roden.de\/wp-content\/uploads\/2026\/09\/HG_Insta-Story_AKHNR_0309-836x1486.jpeg 836w, https:\/\/heimatverein-nieder-roden.de\/wp-content\/uploads\/2026\/09\/HG_Insta-Story_AKHNR_0309-560x996.jpeg 560w, https:\/\/heimatverein-nieder-roden.de\/wp-content\/uploads\/2026\/09\/HG_Insta-Story_AKHNR_0309.jpeg 1080w\" sizes=\"(max-width: 576px) 100vw, 576px\" \/><\/figure>\n<\/div>\n\n\n<p class=\"wp-block-paragraph\"><strong>Was euch erwartet:<\/strong><\/p>\n\n\n\n<p class=\"wp-block-paragraph\">Worscht im Weck, frisch vom Grill.<br>F\u00fcr den kleinen Hunger.<\/p>\n<\/div>\n<\/div>\n\n\n\n<h3 class=\"wp-block-heading\">Unterst\u00fctzt von<\/h3>\n\n\n\n<p class=\"wp-block-paragraph\">Au\u00dferdem werden wir organisatorisch unterst\u00fctzt vom Kerbverein Nieder-Roden.<br>Vielen Dank!<\/p>\n\n\n<div class=\"wp-block-image\">\n<figure class=\"aligncenter size-full is-resized\"><img decoding=\"async\" width=\"387\" height=\"357\" src=\"https:\/\/heimatverein-nieder-roden.de\/wp-content\/uploads\/2023\/08\/Kerbverein-Nieder-Roden_Logo.jpg\" alt=\"\" class=\"wp-image-5637\" style=\"aspect-ratio:1.0840406821136346;width:244px;height:auto\" srcset=\"https:\/\/heimatverein-nieder-roden.de\/wp-content\/uploads\/2023\/08\/Kerbverein-Nieder-Roden_Logo.jpg 387w, https:\/\/heimatverein-nieder-roden.de\/wp-content\/uploads\/2023\/08\/Kerbverein-Nieder-Roden_Logo-300x277.jpg 300w\" sizes=\"(max-width: 387px) 100vw, 387px\" \/><\/figure>\n<\/div>","protected":false},"excerpt":{"rendered":"<p>Heimatverein l\u00e4dt wieder ein zum Afterwork an der Kersch Am Donnerstag, den 3. September 2026 l\u00e4dt der AKHNR wieder Nieder-R\u00f6der, Rodgauer, G\u00e4ste, Nachbarn und Freunde auf den Nirrer\u00e4irer Kirchplatz ein zur Veranstaltungsreihe &#8222;Heimat &amp; Genuss&#8220;. Nutzen Sie die entspannte Gelegenheit den Feierabend willkommen zu hei\u00dfen, sich zu treffen und vor allem ins Gespr\u00e4ch zu kommen. &hellip; <\/p>\n<p><a class=\"more-link btn\" href=\"https:\/\/heimatverein-nieder-roden.de\/?p=9017\">Weiterlesen<\/a><\/p>\n","protected":false},"author":1,"featured_media":9028,"comment_status":"closed","ping_status":"closed","sticky":false,"template":"","format":"standard","meta":{"_coblocks_attr":"","_coblocks_dimensions":"","_coblocks_responsive_height":"","_coblocks_accordion_ie_support":"","footnotes":"","_share_on_mastodon":"0"},"categories":[6,726,97],"tags":[34,35,729,727,783,499,648,728,730],"class_list":["post-9017","post","type-post","status-publish","format-standard","has-post-thumbnail","hentry","category-aktuell","category-heimatundgenuss","category-slider","tag-akhnr","tag-arbeitskreis-fuer-heimatkunde-nieder-roden-e-v","tag-glaabsbraeu","tag-heimat-genuss","tag-jambo-african-dishes","tag-kerbverein-nieder-roden","tag-kirchplatz","tag-turmstrasse","tag-wein-kunst","nodate"],"share_on_mastodon":{"url":"","error":""},"publishpress_future_action":{"enabled":false,"date":"2026-09-10 08:17:12","action":"category-remove","newStatus":"draft","terms":[],"taxonomy":"category","extraData":[]},"publishpress_future_workflow_manual_trigger":{"enabledWorkflows":[]},"_links":{"self":[{"href":"https:\/\/heimatverein-nieder-roden.de\/index.php?rest_route=\/wp\/v2\/posts\/9017","targetHints":{"allow":["GET"]}}],"collection":[{"href":"https:\/\/heimatverein-nieder-roden.de\/index.php?rest_route=\/wp\/v2\/posts"}],"about":[{"href":"https:\/\/heimatverein-nieder-roden.de\/index.php?rest_route=\/wp\/v2\/types\/post"}],"author":[{"embeddable":true,"href":"https:\/\/heimatverein-nieder-roden.de\/index.php?rest_route=\/wp\/v2\/users\/1"}],"replies":[{"embeddable":true,"href":"https:\/\/heimatverein-nieder-roden.de\/index.php?rest_route=%2Fwp%2Fv2%2Fcomments&post=9017"}],"version-history":[{"count":1,"href":"https:\/\/heimatverein-nieder-roden.de\/index.php?rest_route=\/wp\/v2\/posts\/9017\/revisions"}],"predecessor-version":[{"id":9027,"href":"https:\/\/heimatverein-nieder-roden.de\/index.php?rest_route=\/wp\/v2\/posts\/9017\/revisions\/9027"}],"wp:featuredmedia":[{"embeddable":true,"href":"https:\/\/heimatverein-nieder-roden.de\/index.php?rest_route=\/wp\/v2\/media\/9028"}],"wp:attachment":[{"href":"https:\/\/heimatverein-nieder-roden.de\/index.php?rest_route=%2Fwp%2Fv2%2Fmedia&parent=9017"}],"wp:term":[{"taxonomy":"category","embeddable":true,"href":"https:\/\/heimatverein-nieder-roden.de\/index.php?rest_route=%2Fwp%2Fv2%2Fcategories&post=9017"},{"taxonomy":"post_tag","embeddable":true,"href":"https:\/\/heimatverein-nieder-roden.de\/index.php?rest_route=%2Fwp%2Fv2%2Ftags&post=9017"}],"curies":[{"name":"wp","href":"https:\/\/api.w.org\/{rel}","templated":true}]}}