{"id":8694,"date":"2026-04-25T13:26:00","date_gmt":"2026-04-25T11:26:00","guid":{"rendered":"https:\/\/heimatverein-nieder-roden.de\/?p=8694"},"modified":"2026-04-25T23:30:31","modified_gmt":"2026-04-25T21:30:31","slug":"einladung-zum-stadtteiltreff-nieder-roden-sozialzentrum-27-april","status":"publish","type":"post","link":"https:\/\/heimatverein-nieder-roden.de\/?p=8694","title":{"rendered":"Einladung zum Stadtteiltreff Nieder-Roden &#8211; Sozialzentrum 27. April"},"content":{"rendered":"\n<p class=\"is-style-info\">Text: Gemeinwesenarbeit Stadt Rodgau &#8211; Stadtteilb\u00fcro Nieder-Roden<\/p>\n\n\n\n<p><strong>Das Stadtteilb\u00fcro l\u00e4dt herzlich zum Stadtteiltreffen in Nieder-Roden am Montag, 27. April 2026, ein.<\/strong><\/p>\n\n\n\n<p><strong>Austausch und Netzwerken im Sozialzentrum<\/strong><\/p>\n\n\n\n<p>Am Montag, den 27.04.2026 um 18:00 Uhr, findet das n\u00e4chste Stadtteiltreffen Nieder-Roden im Sozialzentrum Nieder-Roden (Raum 3), Puiseauxplatz 3 statt. <\/p>\n\n\n\n<p>Eingeladen sind alle B\u00fcrgerinnen und B\u00fcrger sowie Vertreterinnen und Vertreter von Vereinen und Initiativen, die in Nieder-Roden aktiv sind. Das Stadtteiltreffen bietet alle zwei Monate eine offene Plattform zum <strong>Austausch, zur Vernetzung und zur gemeinsamen Entwicklung von Ideen<\/strong> f\u00fcr das Zusammenleben im Stadtteil. Organisiert wird das Treffen vom Stadtteilb\u00fcro Nieder-Roden im Rahmen der Gemeinwesenarbeit \u2013 gef\u00f6rdert durch das Land Hessen.<\/p>\n\n\n<div class=\"wp-block-image\">\n<figure class=\"aligncenter size-full is-resized\"><img decoding=\"async\" width=\"660\" height=\"153\" src=\"https:\/\/heimatverein-nieder-roden.de\/wp-content\/uploads\/2024\/11\/Druck_2024_Logo_Gemeinwesenarbeit_kompr.jpg\" alt=\"\" class=\"wp-image-7726\" style=\"width:649px;height:auto\" srcset=\"https:\/\/heimatverein-nieder-roden.de\/wp-content\/uploads\/2024\/11\/Druck_2024_Logo_Gemeinwesenarbeit_kompr.jpg 660w, https:\/\/heimatverein-nieder-roden.de\/wp-content\/uploads\/2024\/11\/Druck_2024_Logo_Gemeinwesenarbeit_kompr-300x70.jpg 300w, https:\/\/heimatverein-nieder-roden.de\/wp-content\/uploads\/2024\/11\/Druck_2024_Logo_Gemeinwesenarbeit_kompr-560x130.jpg 560w\" sizes=\"(max-width: 660px) 100vw, 660px\" \/><figcaption class=\"wp-element-caption\">Logo zur Gemeinwesenarbeit in Hessen \n\u00a9Hessisches Sozialministerium<\/figcaption><\/figure>\n<\/div>\n\n\n<p>Ziel der Stadtteiltreffen ist es, gemeinsam mit den Menschen vor Ort aktuelle Themen zu besprechen, neue Projekte anzusto\u00dfen und bestehende Initiativen zu unterst\u00fctzen. Das Stadtteilb\u00fcro steht dabei als <strong>Ansprechpartner f\u00fcr Anregungen, Fragen und Unterst\u00fctzungsbedarf<\/strong> zur Verf\u00fcgung und begleitet bei der Umsetzung von Ideen zur St\u00e4rkung des Miteinanders in Nieder-Roden.<\/p>\n\n\n\n<p>Beste Gr\u00fc\u00dfe<\/p>\n\n\n\n<p>Rafael Ledwig<\/p>\n\n\n\n<p>Fachbereich Kommunales Bildungsmanagement<br><br>Sozialzentrum<br>Puiseauxplatz 3<br>63110 Rodgau<br><br>Tel.:\u00a0+49 (6106) 693-1250\u00a0<br>FAX:\u00a0+49 (6106) 693-2009\u00a0<br>E-Mail:\u00a0<a href=\"mailto:gemeinwesenarbeit@rodgau.de\">gemeinwesenarbeit@rodgau.de<\/a>\u00a0<\/p>\n","protected":false},"excerpt":{"rendered":"<p>Text: Gemeinwesenarbeit Stadt Rodgau &#8211; Stadtteilb\u00fcro Nieder-Roden Das Stadtteilb\u00fcro l\u00e4dt herzlich zum Stadtteiltreffen in Nieder-Roden am Montag, 27. April 2026, ein. Austausch und Netzwerken im Sozialzentrum Am Montag, den 27.04.2026 um 18:00 Uhr, findet das n\u00e4chste Stadtteiltreffen Nieder-Roden im Sozialzentrum Nieder-Roden (Raum 3), Puiseauxplatz 3 statt. Eingeladen sind alle B\u00fcrgerinnen und B\u00fcrger sowie Vertreterinnen und &hellip; <\/p>\n<p><a class=\"more-link btn\" href=\"https:\/\/heimatverein-nieder-roden.de\/?p=8694\">Weiterlesen<\/a><\/p>\n","protected":false},"author":1,"featured_media":8246,"comment_status":"closed","ping_status":"closed","sticky":false,"template":"","format":"standard","meta":{"_coblocks_attr":"","_coblocks_dimensions":"","_coblocks_responsive_height":"","_coblocks_accordion_ie_support":"","footnotes":"","_share_on_mastodon":"0"},"categories":[6,574,97],"tags":[468,575,75,689,442,636,240,573,576],"class_list":["post-8694","post","type-post","status-publish","format-standard","has-post-thumbnail","hentry","category-aktuell","category-gemeinwesenarbeit","category-slider","tag-gemeinwesenarbeit-rodgau","tag-netzwerktreffen","tag-puiseauxplatz","tag-sabrina-grab-achard","tag-sozialzentrum","tag-stadt-rodgau-fachbereich-kommunales-bildungsmanagement","tag-stadtentwicklung","tag-stadtteilbuero","tag-stadtteiltreff","nodate"],"share_on_mastodon":{"url":"","error":""},"publishpress_future_action":{"enabled":false,"date":"2026-05-03 15:44:57","action":"category-remove","newStatus":"draft","terms":[],"taxonomy":"category","extraData":[]},"publishpress_future_workflow_manual_trigger":{"enabledWorkflows":[]},"_links":{"self":[{"href":"https:\/\/heimatverein-nieder-roden.de\/index.php?rest_route=\/wp\/v2\/posts\/8694","targetHints":{"allow":["GET"]}}],"collection":[{"href":"https:\/\/heimatverein-nieder-roden.de\/index.php?rest_route=\/wp\/v2\/posts"}],"about":[{"href":"https:\/\/heimatverein-nieder-roden.de\/index.php?rest_route=\/wp\/v2\/types\/post"}],"author":[{"embeddable":true,"href":"https:\/\/heimatverein-nieder-roden.de\/index.php?rest_route=\/wp\/v2\/users\/1"}],"replies":[{"embeddable":true,"href":"https:\/\/heimatverein-nieder-roden.de\/index.php?rest_route=%2Fwp%2Fv2%2Fcomments&post=8694"}],"version-history":[{"count":1,"href":"https:\/\/heimatverein-nieder-roden.de\/index.php?rest_route=\/wp\/v2\/posts\/8694\/revisions"}],"predecessor-version":[{"id":8695,"href":"https:\/\/heimatverein-nieder-roden.de\/index.php?rest_route=\/wp\/v2\/posts\/8694\/revisions\/8695"}],"wp:featuredmedia":[{"embeddable":true,"href":"https:\/\/heimatverein-nieder-roden.de\/index.php?rest_route=\/wp\/v2\/media\/8246"}],"wp:attachment":[{"href":"https:\/\/heimatverein-nieder-roden.de\/index.php?rest_route=%2Fwp%2Fv2%2Fmedia&parent=8694"}],"wp:term":[{"taxonomy":"category","embeddable":true,"href":"https:\/\/heimatverein-nieder-roden.de\/index.php?rest_route=%2Fwp%2Fv2%2Fcategories&post=8694"},{"taxonomy":"post_tag","embeddable":true,"href":"https:\/\/heimatverein-nieder-roden.de\/index.php?rest_route=%2Fwp%2Fv2%2Ftags&post=8694"}],"curies":[{"name":"wp","href":"https:\/\/api.w.org\/{rel}","templated":true}]}}