{"id":8675,"date":"2026-04-25T14:42:00","date_gmt":"2026-04-25T12:42:00","guid":{"rendered":"https:\/\/heimatverein-nieder-roden.de\/?p=8675"},"modified":"2026-04-25T15:46:17","modified_gmt":"2026-04-25T13:46:17","slug":"jahreskalender-2026-version-1-6-online","status":"publish","type":"post","link":"https:\/\/heimatverein-nieder-roden.de\/?p=8675","title":{"rendered":"Jahreskalender 2026 &#8211; Version 1.6 online"},"content":{"rendered":"\n<p>Wir haben den Jahreskalender auf den aktuellen Stand gebracht.<\/p>\n\n\n\n<div class=\"wp-block-buttons is-content-justification-center is-layout-flex wp-container-core-buttons-is-layout-16018d1d wp-block-buttons-is-layout-flex\">\n<div class=\"wp-block-button has-custom-width wp-block-button__width-25 aligncenter is-style-circular\"><a class=\"wp-block-button__link wp-element-button\" href=\"https:\/\/heimatverein-nieder-roden.de\/?page_id=6853\">zur aktuellen Version<\/a><\/div>\n<\/div>\n\n\n<div class=\"wp-block-image\">\n<figure class=\"aligncenter size-full is-resized has-lightbox\"><a href=\"https:\/\/heimatverein-nieder-roden.de\/?page_id=6853\"><img decoding=\"async\" width=\"791\" height=\"560\" src=\"https:\/\/heimatverein-nieder-roden.de\/wp-content\/uploads\/2022\/02\/AKHNR_Kalender2022_v1.2_Symbolbild.png\" alt=\"\" class=\"wp-image-3585\" style=\"width:309px;height:219px\" srcset=\"https:\/\/heimatverein-nieder-roden.de\/wp-content\/uploads\/2022\/02\/AKHNR_Kalender2022_v1.2_Symbolbild.png 791w, https:\/\/heimatverein-nieder-roden.de\/wp-content\/uploads\/2022\/02\/AKHNR_Kalender2022_v1.2_Symbolbild-300x212.png 300w, https:\/\/heimatverein-nieder-roden.de\/wp-content\/uploads\/2022\/02\/AKHNR_Kalender2022_v1.2_Symbolbild-768x544.png 768w, https:\/\/heimatverein-nieder-roden.de\/wp-content\/uploads\/2022\/02\/AKHNR_Kalender2022_v1.2_Symbolbild-560x396.png 560w\" sizes=\"(max-width: 791px) 100vw, 791px\" \/><\/a><figcaption class=\"wp-element-caption\">Jahreskalender &#8211; Symbolbild \u00a9 AKHNR<\/figcaption><\/figure>\n<\/div>\n\n\n<h3 class=\"wp-block-heading\">\u00c4nderungshistorie<\/h3>\n\n\n\n<figure class=\"wp-block-table\"><table><thead><tr><th>Version<\/th><th>\u00c4nderungen<\/th><\/tr><\/thead><tbody><tr><td>AKHNR_Kalender2026_v1.6<\/td><td>Neu:<br>&#8211; Heimat &amp; Genuss<br>&#8212; Do 30.04.<br>&#8212; Mi 20.05.<br>&#8212; Do 11.06.<br>&#8212; Sa 04.07.<br>&#8212; Do 23.07.<br>&#8212; Mi 12.08.<br>&#8212; Do 03.09.<br>&#8212; Sa 26.09.<br>&#8211; 24.03. 16 Uhr Weggottesdienst der Erstkommunionkinder mit Eucharistiefeier<br>&#8211; 26.03. 9 Uhr Heilige Messe \u2013 anschlie\u00dfend Frauenfr\u00fchst\u00fcck in Rollwald<br>&#8211; 29.03. Palmsonntag 9:30 Uhr Hochamt \u2013 Beginn im Garten des Pfarrheims (bei guter Witterung)<br>&#8211; 01.04. Pascha-Mahl<\/td><\/tr><tr><td>AKHNR_Kalender2026_v1.5<\/td><td>Neu:<br>&#8211; Passionskonzert Kath. Kirchenchor 29.03.<br>&#8211; Karfreitagsfischessen 03.04.<br>&#8211; Backfischfest 28.-30.08.<br>&#8211; Drachenfest 26.-27.09.<\/td><\/tr><\/tbody><\/table><\/figure>\n\n\n\n<hr class=\"wp-block-separator has-alpha-channel-opacity is-style-wide\"\/>\n\n\nBeitrag 0 mal aufgerufen in den letzten 365 Tagen.\n","protected":false},"excerpt":{"rendered":"<p>Wir haben den Jahreskalender auf den aktuellen Stand gebracht.<br \/>\nHier gibt es die \u00c4nderungen&#8230;<\/p><p><a class=\"more-link btn\" href=\"https:\/\/heimatverein-nieder-roden.de\/?p=8675\">Weiterlesen<\/a><\/p>\n","protected":false},"author":1,"featured_media":6478,"comment_status":"closed","ping_status":"closed","sticky":false,"template":"","format":"standard","meta":{"_coblocks_attr":"","_coblocks_dimensions":"","_coblocks_responsive_height":"","_coblocks_accordion_ie_support":"","footnotes":"","_share_on_mastodon":"0"},"categories":[6,337,97],"tags":[34,35,143,142,144],"class_list":["post-8675","post","type-post","status-publish","format-standard","has-post-thumbnail","hentry","category-aktuell","category-jahreskalender","category-slider","tag-akhnr","tag-arbeitskreis-fuer-heimatkunde-nieder-roden-e-v","tag-jahreskalender","tag-kalender","tag-kuechenkalender","nodate"],"share_on_mastodon":{"url":"","error":""},"publishpress_future_action":{"enabled":false,"date":"2026-05-03 15:30:16","action":"category-remove","newStatus":"draft","terms":[],"taxonomy":"category","extraData":[]},"publishpress_future_workflow_manual_trigger":{"enabledWorkflows":[]},"_links":{"self":[{"href":"https:\/\/heimatverein-nieder-roden.de\/index.php?rest_route=\/wp\/v2\/posts\/8675","targetHints":{"allow":["GET"]}}],"collection":[{"href":"https:\/\/heimatverein-nieder-roden.de\/index.php?rest_route=\/wp\/v2\/posts"}],"about":[{"href":"https:\/\/heimatverein-nieder-roden.de\/index.php?rest_route=\/wp\/v2\/types\/post"}],"author":[{"embeddable":true,"href":"https:\/\/heimatverein-nieder-roden.de\/index.php?rest_route=\/wp\/v2\/users\/1"}],"replies":[{"embeddable":true,"href":"https:\/\/heimatverein-nieder-roden.de\/index.php?rest_route=%2Fwp%2Fv2%2Fcomments&post=8675"}],"version-history":[{"count":1,"href":"https:\/\/heimatverein-nieder-roden.de\/index.php?rest_route=\/wp\/v2\/posts\/8675\/revisions"}],"predecessor-version":[{"id":8676,"href":"https:\/\/heimatverein-nieder-roden.de\/index.php?rest_route=\/wp\/v2\/posts\/8675\/revisions\/8676"}],"wp:featuredmedia":[{"embeddable":true,"href":"https:\/\/heimatverein-nieder-roden.de\/index.php?rest_route=\/wp\/v2\/media\/6478"}],"wp:attachment":[{"href":"https:\/\/heimatverein-nieder-roden.de\/index.php?rest_route=%2Fwp%2Fv2%2Fmedia&parent=8675"}],"wp:term":[{"taxonomy":"category","embeddable":true,"href":"https:\/\/heimatverein-nieder-roden.de\/index.php?rest_route=%2Fwp%2Fv2%2Fcategories&post=8675"},{"taxonomy":"post_tag","embeddable":true,"href":"https:\/\/heimatverein-nieder-roden.de\/index.php?rest_route=%2Fwp%2Fv2%2Ftags&post=8675"}],"curies":[{"name":"wp","href":"https:\/\/api.w.org\/{rel}","templated":true}]}}