{"id":8661,"date":"2026-04-25T15:25:34","date_gmt":"2026-04-25T13:25:34","guid":{"rendered":"https:\/\/heimatverein-nieder-roden.de\/?p=8661"},"modified":"2026-04-25T17:17:14","modified_gmt":"2026-04-25T15:17:14","slug":"heimat-genuss-feiert-premiere-am-donnerstag-den-30-april","status":"publish","type":"post","link":"https:\/\/heimatverein-nieder-roden.de\/?p=8661","title":{"rendered":"Heimat &amp; Genuss feiert Premiere am Donnerstag den 30. April"},"content":{"rendered":"\n<p><strong>Zum ersten Mal l\u00e4dt der Heimatverein zum neuen Nieder-R\u00f6der Veranstaltungsformat ein<\/strong><\/p>\n\n\n<div class=\"wp-block-image\">\n<figure class=\"aligncenter size-large is-resized\"><a href=\"https:\/\/heimatverein-nieder-roden.de\/wp-content\/uploads\/2026\/04\/AKHNR_Heimat-und-Genuss_2026-04-30_Plakat_A3_2026-04-20.png\"><img decoding=\"async\" width=\"722\" height=\"1024\" src=\"https:\/\/heimatverein-nieder-roden.de\/wp-content\/uploads\/2026\/04\/AKHNR_Heimat-und-Genuss_2026-04-30_Plakat_A3_2026-04-20-722x1024.png\" alt=\"\" class=\"wp-image-8682\" style=\"aspect-ratio:0.7050930912448069;width:383px;height:auto\" srcset=\"https:\/\/heimatverein-nieder-roden.de\/wp-content\/uploads\/2026\/04\/AKHNR_Heimat-und-Genuss_2026-04-30_Plakat_A3_2026-04-20-722x1024.png 722w, https:\/\/heimatverein-nieder-roden.de\/wp-content\/uploads\/2026\/04\/AKHNR_Heimat-und-Genuss_2026-04-30_Plakat_A3_2026-04-20-212x300.png 212w, https:\/\/heimatverein-nieder-roden.de\/wp-content\/uploads\/2026\/04\/AKHNR_Heimat-und-Genuss_2026-04-30_Plakat_A3_2026-04-20-768x1089.png 768w, https:\/\/heimatverein-nieder-roden.de\/wp-content\/uploads\/2026\/04\/AKHNR_Heimat-und-Genuss_2026-04-30_Plakat_A3_2026-04-20-1083x1536.png 1083w, https:\/\/heimatverein-nieder-roden.de\/wp-content\/uploads\/2026\/04\/AKHNR_Heimat-und-Genuss_2026-04-30_Plakat_A3_2026-04-20-836x1186.png 836w, https:\/\/heimatverein-nieder-roden.de\/wp-content\/uploads\/2026\/04\/AKHNR_Heimat-und-Genuss_2026-04-30_Plakat_A3_2026-04-20-560x794.png 560w, https:\/\/heimatverein-nieder-roden.de\/wp-content\/uploads\/2026\/04\/AKHNR_Heimat-und-Genuss_2026-04-30_Plakat_A3_2026-04-20.png 1282w\" sizes=\"(max-width: 722px) 100vw, 722px\" \/><\/a><\/figure>\n<\/div>\n\n\n<p>Am kommenden Donnerstag ist es soweit. Der Arbeitskreis f\u00fcr Heimatkunde und seine Mitstreiter laden Nieder-R\u00f6der, Rodgauer, G\u00e4ste Nachbarn und Freunde auf den Nirrer\u00e4irer Kirchplatz ein zur neuen Veranstaltungsreihe &#8222;Heimat &amp; Genuss&#8220;.<\/p>\n\n\n\n<p>Wir wollen damit eine entspannte Gelegenheit bieten den Abend ausklingen zu lassen, sich zu treffen und vor allem ins Gespr\u00e4ch zu kommen. Mit guter Musik und etwas Leckerem zu trinken und zu essen.<\/p>\n\n\n\n<h2 class=\"wp-block-heading\">8 Termine in diesem Jahr<\/h2>\n\n\n\n<p>&#8222;Heimat &amp; Genuss&#8220; ist nicht nur ein Strohfeuer! Wir wollen am liebsten regelm\u00e4\u00dfig eine sch\u00f6ne Gelegenheit f\u00fcr Begegnungen schaffen. In diesem Jahr haben wir 8 Termine angesetzt!<\/p>\n\n\n\n<p>Mehr zur Idee und Intention, und alle Termine gibt es auf der Seite zur Veranstaltung:<\/p>\n\n\n\n<div class=\"wp-block-buttons is-content-justification-center is-layout-flex wp-container-core-buttons-is-layout-16018d1d wp-block-buttons-is-layout-flex\">\n<div class=\"wp-block-button is-style-circular\"><a class=\"wp-block-button__link has-background wp-element-button\" href=\"https:\/\/heimatverein-nieder-roden.de\/?page_id=8616\" style=\"background-color:#932418\" target=\"_blank\" rel=\"noreferrer noopener\">Zur Seite von &#8222;Heimat &amp; Genuss&#8220;<\/a><\/div>\n<\/div>\n\n\n\n<h2 class=\"wp-block-heading\">Das gibts am 30. April<\/h2>\n\n\n\n<p>An diesem Tag werden folgende Gastronomen\/Gruppen dabei sein:<\/p>\n\n\n\n<h3 class=\"wp-block-heading has-text-align-center\">Getr\u00e4nke<\/h3>\n\n\n\n<div class=\"wp-block-columns is-layout-flex wp-container-core-columns-is-layout-9d6595d7 wp-block-columns-is-layout-flex\">\n<div class=\"wp-block-column is-vertically-aligned-center is-layout-flow wp-block-column-is-layout-flow\" style=\"flex-basis:50%\"><div class=\"wp-block-image\">\n<figure class=\"aligncenter size-full is-resized\"><img decoding=\"async\" width=\"512\" height=\"891\" src=\"https:\/\/heimatverein-nieder-roden.de\/wp-content\/uploads\/2026\/04\/WeinKunst_Logo_hoch_klein.png\" alt=\"\" class=\"wp-image-8665\" style=\"aspect-ratio:0.5746613380391342;width:157px;height:auto\" srcset=\"https:\/\/heimatverein-nieder-roden.de\/wp-content\/uploads\/2026\/04\/WeinKunst_Logo_hoch_klein.png 512w, https:\/\/heimatverein-nieder-roden.de\/wp-content\/uploads\/2026\/04\/WeinKunst_Logo_hoch_klein-172x300.png 172w\" sizes=\"(max-width: 512px) 100vw, 512px\" \/><\/figure>\n<\/div>\n\n\n<p><strong>Was euch erwartet:<br><\/strong>Pers\u00f6nlich ausgew\u00e4hlte Weine, Br\u00e4nde &amp; Lik\u00f6re aus Deutschland. Die Winzer aus Pfalz, W\u00fcrttemberg und Rheinhessen kennt das Team pers\u00f6nlich \u2013 Qualit\u00e4t, die man schmeckt. Komm vorbei, probiert euch durch und genie\u00dft euren Feierabend.<\/p>\n<\/div>\n\n\n\n<div class=\"wp-block-column is-vertically-aligned-center is-layout-flow wp-block-column-is-layout-flow\" style=\"flex-basis:50%\"><div class=\"wp-block-image\">\n<figure class=\"aligncenter size-large is-resized\"><img decoding=\"async\" width=\"1024\" height=\"294\" src=\"https:\/\/heimatverein-nieder-roden.de\/wp-content\/uploads\/2026\/04\/Glaabsbraeu_Logo_Wortmarke_1zeilig_pfad_rs_aufregend-anders-1024x294.png\" alt=\"\" class=\"wp-image-8662\" style=\"aspect-ratio:3.4833025436975986;width:247px;height:auto\" srcset=\"https:\/\/heimatverein-nieder-roden.de\/wp-content\/uploads\/2026\/04\/Glaabsbraeu_Logo_Wortmarke_1zeilig_pfad_rs_aufregend-anders-1024x294.png 1024w, https:\/\/heimatverein-nieder-roden.de\/wp-content\/uploads\/2026\/04\/Glaabsbraeu_Logo_Wortmarke_1zeilig_pfad_rs_aufregend-anders-300x86.png 300w, https:\/\/heimatverein-nieder-roden.de\/wp-content\/uploads\/2026\/04\/Glaabsbraeu_Logo_Wortmarke_1zeilig_pfad_rs_aufregend-anders-768x220.png 768w, https:\/\/heimatverein-nieder-roden.de\/wp-content\/uploads\/2026\/04\/Glaabsbraeu_Logo_Wortmarke_1zeilig_pfad_rs_aufregend-anders-836x240.png 836w, https:\/\/heimatverein-nieder-roden.de\/wp-content\/uploads\/2026\/04\/Glaabsbraeu_Logo_Wortmarke_1zeilig_pfad_rs_aufregend-anders-560x161.png 560w, https:\/\/heimatverein-nieder-roden.de\/wp-content\/uploads\/2026\/04\/Glaabsbraeu_Logo_Wortmarke_1zeilig_pfad_rs_aufregend-anders.png 1095w\" sizes=\"(max-width: 1024px) 100vw, 1024px\" \/><\/figure>\n<\/div>\n\n\n<p><strong>Was euch erwartet:<br><\/strong>Frisch gezapftes Bier und k\u00fchle Drinks.<\/p>\n\n\n\n<p>Regional gebraut, ehrlich im Geschmack \u2013 perfekt f\u00fcr einen entspannten Abend.<br>Schnappt euch ein Glas und sto\u00df mit uns an.<\/p>\n<\/div>\n<\/div>\n\n\n\n<h3 class=\"wp-block-heading has-text-align-center\">Essen<\/h3>\n\n\n\n<div class=\"wp-block-columns is-layout-flex wp-container-core-columns-is-layout-9d6595d7 wp-block-columns-is-layout-flex\">\n<div class=\"wp-block-column is-vertically-aligned-center is-layout-flow wp-block-column-is-layout-flow\" style=\"flex-basis:50%\"><div class=\"wp-block-image\">\n<figure class=\"aligncenter size-large is-resized\"><img decoding=\"async\" width=\"1024\" height=\"1024\" src=\"https:\/\/heimatverein-nieder-roden.de\/wp-content\/uploads\/2026\/04\/Krone-CateringEvents_Logo_neu_Runder-Sticker-1024x1024.png\" alt=\"\" class=\"wp-image-8664\" style=\"width:248px;height:auto\" srcset=\"https:\/\/heimatverein-nieder-roden.de\/wp-content\/uploads\/2026\/04\/Krone-CateringEvents_Logo_neu_Runder-Sticker-1024x1024.png 1024w, https:\/\/heimatverein-nieder-roden.de\/wp-content\/uploads\/2026\/04\/Krone-CateringEvents_Logo_neu_Runder-Sticker-300x300.png 300w, https:\/\/heimatverein-nieder-roden.de\/wp-content\/uploads\/2026\/04\/Krone-CateringEvents_Logo_neu_Runder-Sticker-150x150.png 150w, https:\/\/heimatverein-nieder-roden.de\/wp-content\/uploads\/2026\/04\/Krone-CateringEvents_Logo_neu_Runder-Sticker-768x768.png 768w, https:\/\/heimatverein-nieder-roden.de\/wp-content\/uploads\/2026\/04\/Krone-CateringEvents_Logo_neu_Runder-Sticker-836x836.png 836w, https:\/\/heimatverein-nieder-roden.de\/wp-content\/uploads\/2026\/04\/Krone-CateringEvents_Logo_neu_Runder-Sticker-560x560.png 560w, https:\/\/heimatverein-nieder-roden.de\/wp-content\/uploads\/2026\/04\/Krone-CateringEvents_Logo_neu_Runder-Sticker.png 1181w\" sizes=\"(max-width: 1024px) 100vw, 1024px\" \/><\/figure>\n<\/div>\n\n\n<p><strong>Was euch erwartet:<br><\/strong>Unser Foodtruck bietet Genuss von Pljeskavica oder Grillgem\u00fcse im Fladenbrot, \u00fcber Pulled Beef bis hin<br>zu Tr\u00fcffel-K\u00e4sesp\u00e4tzle und Pommes mit Parmesan.<\/p>\n<\/div>\n\n\n\n<div class=\"wp-block-column is-vertically-aligned-center is-layout-flow wp-block-column-is-layout-flow\" style=\"flex-basis:50%\"><div class=\"wp-block-image\">\n<figure class=\"aligncenter size-large is-resized\"><img decoding=\"async\" width=\"1024\" height=\"475\" src=\"https:\/\/heimatverein-nieder-roden.de\/wp-content\/uploads\/2020\/07\/AKHNR_Logo-2018_Logo-Farbig_Web-1024x475.png\" alt=\"Logo des Arbeitskreises f\u00fcr Heimatkunde Nieder-Roden e. V. (AKHNR)\" class=\"wp-image-2346\" style=\"aspect-ratio:2.155813744033144;width:261px;height:auto\" srcset=\"https:\/\/heimatverein-nieder-roden.de\/wp-content\/uploads\/2020\/07\/AKHNR_Logo-2018_Logo-Farbig_Web-1024x475.png 1024w, https:\/\/heimatverein-nieder-roden.de\/wp-content\/uploads\/2020\/07\/AKHNR_Logo-2018_Logo-Farbig_Web-300x139.png 300w, https:\/\/heimatverein-nieder-roden.de\/wp-content\/uploads\/2020\/07\/AKHNR_Logo-2018_Logo-Farbig_Web-768x356.png 768w, https:\/\/heimatverein-nieder-roden.de\/wp-content\/uploads\/2020\/07\/AKHNR_Logo-2018_Logo-Farbig_Web-1536x713.png 1536w, https:\/\/heimatverein-nieder-roden.de\/wp-content\/uploads\/2020\/07\/AKHNR_Logo-2018_Logo-Farbig_Web-2048x951.png 2048w, https:\/\/heimatverein-nieder-roden.de\/wp-content\/uploads\/2020\/07\/AKHNR_Logo-2018_Logo-Farbig_Web-560x260.png 560w\" sizes=\"(max-width: 1024px) 100vw, 1024px\" \/><\/figure>\n<\/div>\n\n\n<p><strong>Was euch erwartet:<br><\/strong>Nirrer\u00e4irer K\u00fcche \u2013 herzhaft, ehrlich, einfach gut.<br>Hier steckt echte Heimat drin \u2013 frisch zubereitet und mit viel Liebe gemacht.<br>Genau das geh\u00f6rt zu einem gelungenen Feierabend.<\/p>\n<\/div>\n<\/div>\n\n\n\n<h3 class=\"wp-block-heading has-text-align-center\">Musik<\/h3>\n\n\n<div class=\"wp-block-image\">\n<figure class=\"aligncenter is-resized\"><img decoding=\"async\" width=\"1080\" height=\"1067\" src=\"https:\/\/heimatverein-nieder-roden.de\/wp-content\/uploads\/2026\/04\/crop-0-0-1080-1067-0-AKHNR_HeimatGenuss_ElkeTino.jpeg\" alt=\"\" class=\"wp-image-8671\" style=\"aspect-ratio:1.0122006326253954;width:343px;height:auto\" srcset=\"https:\/\/heimatverein-nieder-roden.de\/wp-content\/uploads\/2026\/04\/crop-0-0-1080-1067-0-AKHNR_HeimatGenuss_ElkeTino.jpeg 1080w, https:\/\/heimatverein-nieder-roden.de\/wp-content\/uploads\/2026\/04\/crop-0-0-1080-1067-0-AKHNR_HeimatGenuss_ElkeTino-300x296.jpeg 300w, https:\/\/heimatverein-nieder-roden.de\/wp-content\/uploads\/2026\/04\/crop-0-0-1080-1067-0-AKHNR_HeimatGenuss_ElkeTino-1024x1012.jpeg 1024w, https:\/\/heimatverein-nieder-roden.de\/wp-content\/uploads\/2026\/04\/crop-0-0-1080-1067-0-AKHNR_HeimatGenuss_ElkeTino-768x759.jpeg 768w, https:\/\/heimatverein-nieder-roden.de\/wp-content\/uploads\/2026\/04\/crop-0-0-1080-1067-0-AKHNR_HeimatGenuss_ElkeTino-836x826.jpeg 836w, https:\/\/heimatverein-nieder-roden.de\/wp-content\/uploads\/2026\/04\/crop-0-0-1080-1067-0-AKHNR_HeimatGenuss_ElkeTino-560x553.jpeg 560w\" sizes=\"(max-width: 1080px) 100vw, 1080px\" \/><\/figure>\n<\/div>\n\n\n<p class=\"has-text-align-center\"><strong>Elke &amp; Tino<\/strong><\/p>\n\n\n\n<p class=\"has-text-align-center\"><strong>Acoustic Duo<\/strong><\/p>\n\n\n\n<p class=\"has-text-align-center\">Zwei Stimmen. Eine Gitarre.<br>Akustisch. Echt. Nah.<\/p>\n\n\n\n<p class=\"has-text-align-center\">Der Sound f\u00fcr deinen Feierabend.<\/p>\n\n\n\n<h3 class=\"wp-block-heading\">Unterst\u00fctzt von<\/h3>\n\n\n\n<p>Au\u00dferdem werden wir organisatorisch unterst\u00fctzt vom Kerbverein Nieder-Roden.<br>Vielen Dank!<\/p>\n\n\n<div class=\"wp-block-image\">\n<figure class=\"aligncenter size-full is-resized\"><img decoding=\"async\" width=\"387\" height=\"357\" src=\"https:\/\/heimatverein-nieder-roden.de\/wp-content\/uploads\/2023\/08\/Kerbverein-Nieder-Roden_Logo.jpg\" alt=\"\" class=\"wp-image-5637\" style=\"aspect-ratio:1.0840406821136346;width:244px;height:auto\" srcset=\"https:\/\/heimatverein-nieder-roden.de\/wp-content\/uploads\/2023\/08\/Kerbverein-Nieder-Roden_Logo.jpg 387w, https:\/\/heimatverein-nieder-roden.de\/wp-content\/uploads\/2023\/08\/Kerbverein-Nieder-Roden_Logo-300x277.jpg 300w\" sizes=\"(max-width: 387px) 100vw, 387px\" \/><\/figure>\n<\/div>","protected":false},"excerpt":{"rendered":"<p>Zum ersten Mal l\u00e4dt der Heimatverein zum neuen Nieder-R\u00f6der Veranstaltungsformat ein Am kommenden Donnerstag ist es soweit. Der Arbeitskreis f\u00fcr Heimatkunde und seine Mitstreiter laden Nieder-R\u00f6der, Rodgauer, G\u00e4ste Nachbarn und Freunde auf den Nirrer\u00e4irer Kirchplatz ein zur neuen Veranstaltungsreihe &#8222;Heimat &amp; Genuss&#8220;. Wir wollen damit eine entspannte Gelegenheit bieten den Abend ausklingen zu lassen, sich &hellip; <\/p>\n<p><a class=\"more-link btn\" href=\"https:\/\/heimatverein-nieder-roden.de\/?p=8661\">Weiterlesen<\/a><\/p>\n","protected":false},"author":1,"featured_media":8659,"comment_status":"closed","ping_status":"closed","sticky":false,"template":"","format":"standard","meta":{"_coblocks_attr":"","_coblocks_dimensions":"","_coblocks_responsive_height":"","_coblocks_accordion_ie_support":"","footnotes":"","_share_on_mastodon":"0"},"categories":[6,726,97],"tags":[34,35,732,729,727,499,648,731,728,730],"class_list":["post-8661","post","type-post","status-publish","format-standard","has-post-thumbnail","hentry","category-aktuell","category-heimatundgenuss","category-slider","tag-akhnr","tag-arbeitskreis-fuer-heimatkunde-nieder-roden-e-v","tag-elke-tino","tag-glaabsbraeu","tag-heimat-genuss","tag-kerbverein-nieder-roden","tag-kirchplatz","tag-krone-catering-events","tag-turmstrasse","tag-wein-kunst","nodate"],"share_on_mastodon":{"url":"","error":""},"publishpress_future_action":{"enabled":false,"date":"2026-05-03 15:45:02","action":"category-remove","newStatus":"draft","terms":[],"taxonomy":"category","extraData":[]},"publishpress_future_workflow_manual_trigger":{"enabledWorkflows":[]},"_links":{"self":[{"href":"https:\/\/heimatverein-nieder-roden.de\/index.php?rest_route=\/wp\/v2\/posts\/8661","targetHints":{"allow":["GET"]}}],"collection":[{"href":"https:\/\/heimatverein-nieder-roden.de\/index.php?rest_route=\/wp\/v2\/posts"}],"about":[{"href":"https:\/\/heimatverein-nieder-roden.de\/index.php?rest_route=\/wp\/v2\/types\/post"}],"author":[{"embeddable":true,"href":"https:\/\/heimatverein-nieder-roden.de\/index.php?rest_route=\/wp\/v2\/users\/1"}],"replies":[{"embeddable":true,"href":"https:\/\/heimatverein-nieder-roden.de\/index.php?rest_route=%2Fwp%2Fv2%2Fcomments&post=8661"}],"version-history":[{"count":12,"href":"https:\/\/heimatverein-nieder-roden.de\/index.php?rest_route=\/wp\/v2\/posts\/8661\/revisions"}],"predecessor-version":[{"id":8692,"href":"https:\/\/heimatverein-nieder-roden.de\/index.php?rest_route=\/wp\/v2\/posts\/8661\/revisions\/8692"}],"wp:featuredmedia":[{"embeddable":true,"href":"https:\/\/heimatverein-nieder-roden.de\/index.php?rest_route=\/wp\/v2\/media\/8659"}],"wp:attachment":[{"href":"https:\/\/heimatverein-nieder-roden.de\/index.php?rest_route=%2Fwp%2Fv2%2Fmedia&parent=8661"}],"wp:term":[{"taxonomy":"category","embeddable":true,"href":"https:\/\/heimatverein-nieder-roden.de\/index.php?rest_route=%2Fwp%2Fv2%2Fcategories&post=8661"},{"taxonomy":"post_tag","embeddable":true,"href":"https:\/\/heimatverein-nieder-roden.de\/index.php?rest_route=%2Fwp%2Fv2%2Ftags&post=8661"}],"curies":[{"name":"wp","href":"https:\/\/api.w.org\/{rel}","templated":true}]}}