{"id":8532,"date":"2025-12-11T22:06:49","date_gmt":"2025-12-11T21:06:49","guid":{"rendered":"https:\/\/heimatverein-nieder-roden.de\/?p=8532"},"modified":"2025-12-11T22:06:51","modified_gmt":"2025-12-11T21:06:51","slug":"nirreraeirer-comic-strumpfdieb-autorin-pirkko-cremer-erhaelt-den-kulturpreis-der-stadt-2026","status":"publish","type":"post","link":"https:\/\/heimatverein-nieder-roden.de\/?p=8532","title":{"rendered":"Nirrer\u00e4irer Comic: &#8222;Strumpfdieb&#8220;-Autorin Pirkko Cremer erh\u00e4lt den Kulturpreis der Stadt 2026"},"content":{"rendered":"\n<p><strong>Aale unn neue Geschischde aus\u2019m Ort<\/strong><\/p>\n\n\n\n<p>Sicherlich habt ihr schon alle von unserem Nieder-R\u00f6der Comic geh\u00f6rt und ihn euch hoffentlich schon gesichert (Auflage nur 500 St\u00fcck)!<\/p>\n\n\n<div class=\"wp-block-image\">\n<figure class=\"aligncenter size-large is-resized\"><img decoding=\"async\" width=\"768\" height=\"1024\" src=\"https:\/\/heimatverein-nieder-roden.de\/wp-content\/uploads\/2025\/11\/Buch_Der-Strumpfdieb-von-Nieder-Roden_Cover_1080-768x1024.png\" alt=\"\" class=\"wp-image-8361\" style=\"width:373px;height:auto\" srcset=\"https:\/\/heimatverein-nieder-roden.de\/wp-content\/uploads\/2025\/11\/Buch_Der-Strumpfdieb-von-Nieder-Roden_Cover_1080-768x1024.png 768w, https:\/\/heimatverein-nieder-roden.de\/wp-content\/uploads\/2025\/11\/Buch_Der-Strumpfdieb-von-Nieder-Roden_Cover_1080-225x300.png 225w, https:\/\/heimatverein-nieder-roden.de\/wp-content\/uploads\/2025\/11\/Buch_Der-Strumpfdieb-von-Nieder-Roden_Cover_1080-560x747.png 560w, https:\/\/heimatverein-nieder-roden.de\/wp-content\/uploads\/2025\/11\/Buch_Der-Strumpfdieb-von-Nieder-Roden_Cover_1080.png 810w\" sizes=\"(max-width: 768px) 100vw, 768px\" \/><figcaption class=\"wp-element-caption\">Cover des Comics &#8222;Der Strumpfdieb von Nieder-Roden&#8220;<br>\u00a9Pirkko Cremer<\/figcaption><\/figure>\n<\/div>\n\n\n<p>Jetzt hat uns die Nachricht erreicht, dass Pirkko zur\u00a0 Kulturpreistr\u00e4gerin der Stadt Rodgau 2026 gew\u00e4hlt worden ist!\u00a0<\/p>\n\n\n\n<p>Die Preisverleihung wird am 15. April, im B\u00fcrgerhaus Nieder-Roden stattfinden. Alle Vereinsmitglieder sind herzlich eingeladen!&nbsp;<\/p>\n\n\n\n<p>Bitte merkt euch den Termin vor, damit wir mit starker Pr\u00e4senz vor Ort sind.<\/p>\n\n\n\n<p><strong>Herzlichen Gl\u00fcckwunsch Pirkko!&nbsp; &nbsp;<\/strong><\/p>\n\n\n\n<p>Weitere Infos zum Buch und zu Pirkko finden Sie hier:<\/p>\n\n\n\n<div class=\"wp-block-buttons is-content-justification-center is-layout-flex wp-container-core-buttons-is-layout-16018d1d wp-block-buttons-is-layout-flex\">\n<div class=\"wp-block-button is-style-circular\"><a class=\"wp-block-button__link wp-element-button\" href=\"https:\/\/heimatverein-nieder-roden.de\/?page_id=8386\">Infos zum &#8222;Strumpfdieb&#8220;<\/a><\/div>\n<\/div>\n","protected":false},"excerpt":{"rendered":"<p>Aale unn neue Geschischde aus\u2019m Ort Sicherlich habt ihr schon alle von unserem Nieder-R\u00f6der Comic geh\u00f6rt und ihn euch hoffentlich schon gesichert (Auflage nur 500 St\u00fcck)! Jetzt hat uns die Nachricht erreicht, dass Pirkko zur\u00a0 Kulturpreistr\u00e4gerin der Stadt Rodgau 2026 gew\u00e4hlt worden ist!\u00a0 Die Preisverleihung wird am 15. April, im B\u00fcrgerhaus Nieder-Roden stattfinden. Alle Vereinsmitglieder &hellip; <\/p>\n<p><a class=\"more-link btn\" href=\"https:\/\/heimatverein-nieder-roden.de\/?p=8532\">Weiterlesen<\/a><\/p>\n","protected":false},"author":1,"featured_media":8332,"comment_status":"closed","ping_status":"closed","sticky":false,"template":"","format":"standard","meta":{"_coblocks_attr":"","_coblocks_dimensions":"","_coblocks_responsive_height":"","_coblocks_accordion_ie_support":"","footnotes":"","_share_on_mastodon":"0"},"categories":[6,715,684,97,716],"tags":[329,687,361,714,685],"class_list":["post-8532","post","type-post","status-publish","format-standard","has-post-thumbnail","hentry","category-aktuell","category-literatur","category-pirkko-cremer","category-slider","category-strumpfdieb","tag-buergerhaus-nieder-roden","tag-der-strumpfdieb-von-nieder-roden","tag-kulturpreis","tag-kulturpreis-2025","tag-pirkko-cremer","nodate"],"share_on_mastodon":{"url":"","error":""},"publishpress_future_action":{"enabled":false,"date":"2026-05-07 02:13:49","action":"category-remove","newStatus":"draft","terms":[],"taxonomy":"category","extraData":[]},"publishpress_future_workflow_manual_trigger":{"enabledWorkflows":[]},"_links":{"self":[{"href":"https:\/\/heimatverein-nieder-roden.de\/index.php?rest_route=\/wp\/v2\/posts\/8532","targetHints":{"allow":["GET"]}}],"collection":[{"href":"https:\/\/heimatverein-nieder-roden.de\/index.php?rest_route=\/wp\/v2\/posts"}],"about":[{"href":"https:\/\/heimatverein-nieder-roden.de\/index.php?rest_route=\/wp\/v2\/types\/post"}],"author":[{"embeddable":true,"href":"https:\/\/heimatverein-nieder-roden.de\/index.php?rest_route=\/wp\/v2\/users\/1"}],"replies":[{"embeddable":true,"href":"https:\/\/heimatverein-nieder-roden.de\/index.php?rest_route=%2Fwp%2Fv2%2Fcomments&post=8532"}],"version-history":[{"count":1,"href":"https:\/\/heimatverein-nieder-roden.de\/index.php?rest_route=\/wp\/v2\/posts\/8532\/revisions"}],"predecessor-version":[{"id":8533,"href":"https:\/\/heimatverein-nieder-roden.de\/index.php?rest_route=\/wp\/v2\/posts\/8532\/revisions\/8533"}],"wp:featuredmedia":[{"embeddable":true,"href":"https:\/\/heimatverein-nieder-roden.de\/index.php?rest_route=\/wp\/v2\/media\/8332"}],"wp:attachment":[{"href":"https:\/\/heimatverein-nieder-roden.de\/index.php?rest_route=%2Fwp%2Fv2%2Fmedia&parent=8532"}],"wp:term":[{"taxonomy":"category","embeddable":true,"href":"https:\/\/heimatverein-nieder-roden.de\/index.php?rest_route=%2Fwp%2Fv2%2Fcategories&post=8532"},{"taxonomy":"post_tag","embeddable":true,"href":"https:\/\/heimatverein-nieder-roden.de\/index.php?rest_route=%2Fwp%2Fv2%2Ftags&post=8532"}],"curies":[{"name":"wp","href":"https:\/\/api.w.org\/{rel}","templated":true}]}}