{"id":8449,"date":"2025-12-04T14:08:58","date_gmt":"2025-12-04T13:08:58","guid":{"rendered":"https:\/\/heimatverein-nieder-roden.de\/?p=8449"},"modified":"2025-12-04T14:44:34","modified_gmt":"2025-12-04T13:44:34","slug":"adventsmarkt-2025-lageplan","status":"publish","type":"post","link":"https:\/\/heimatverein-nieder-roden.de\/?p=8449","title":{"rendered":"Adventsmarkt 2025 &#8211; Lageplan"},"content":{"rendered":"\n<p>Unser Lageplan basiert auf dem Lageplan und den Informationen des Organisationskomitees.<\/p>\n\n\n\n<p>Er zeigt alle 36 St\u00e4nde, sowohl drinnen im katholischen Pfarrheim St. Matthias (fr\u00fcher: &#8222;Schwesternhaus&#8220;), als auch im Freien, im Vorgarten des Pfarrheims, in der Schulstra\u00dfe, Turmstra\u00dfe und auf dem Kirchplatz.<\/p>\n\n\n\n<p>Au\u00dferdem zeigen wir, wo sich das Sp\u00fclmobil, die Toiletten und der B\u00fccherflohmarkt der katholischen B\u00fccherei befinden.<\/p>\n\n\n\n<p>Alle Angaben sind nat\u00fcrlich ohne Gew\u00e4hr.<br>Wir geben uns viel M\u00fche alles richtig zu machen. Manchmal passieren aber Fehler oder wir bekommen etwas nicht mit. Schreiben Sie uns gerne, wenn Sie einen Fehler entdecken.<\/p>\n\n\n\n<h2 class=\"wp-block-heading\">Lageplan &#8211; Animation<\/h2>\n\n\n\n<figure class=\"wp-block-video\"><video autoplay controls loop muted src=\"https:\/\/heimatverein-nieder-roden.de\/wp-content\/uploads\/2025\/12\/NRAdventsmarkt2025-Lageplan_v1.0-2025-12-04_Animation_v1.2_1080p.mp4\" playsinline><\/video><figcaption class=\"wp-element-caption\"><em>Animation des Lageplans  zum Nieder-R\u00f6der Adventsmarkt 2025 <\/em><br>\u00a9<em>AKHNR\/FMA<\/em><\/figcaption><\/figure>\n\n\n\n<h2 class=\"wp-block-heading\">Lageplan &#8211; \u00dcbersicht<\/h2>\n\n\n\n<figure class=\"wp-block-image size-large\"><a href=\"https:\/\/heimatverein-nieder-roden.de\/wp-content\/uploads\/2025\/12\/NRAdventsmarkt2025-Lageplan_v1.0_Uebersicht.png\"><img decoding=\"async\" width=\"1024\" height=\"725\" src=\"https:\/\/heimatverein-nieder-roden.de\/wp-content\/uploads\/2025\/12\/NRAdventsmarkt2025-Lageplan_v1.0_Uebersicht-1024x725.png\" alt=\"\" class=\"wp-image-8455\" srcset=\"https:\/\/heimatverein-nieder-roden.de\/wp-content\/uploads\/2025\/12\/NRAdventsmarkt2025-Lageplan_v1.0_Uebersicht-1024x725.png 1024w, https:\/\/heimatverein-nieder-roden.de\/wp-content\/uploads\/2025\/12\/NRAdventsmarkt2025-Lageplan_v1.0_Uebersicht-300x212.png 300w, https:\/\/heimatverein-nieder-roden.de\/wp-content\/uploads\/2025\/12\/NRAdventsmarkt2025-Lageplan_v1.0_Uebersicht-768x543.png 768w, https:\/\/heimatverein-nieder-roden.de\/wp-content\/uploads\/2025\/12\/NRAdventsmarkt2025-Lageplan_v1.0_Uebersicht-1536x1087.png 1536w, https:\/\/heimatverein-nieder-roden.de\/wp-content\/uploads\/2025\/12\/NRAdventsmarkt2025-Lageplan_v1.0_Uebersicht-836x592.png 836w, https:\/\/heimatverein-nieder-roden.de\/wp-content\/uploads\/2025\/12\/NRAdventsmarkt2025-Lageplan_v1.0_Uebersicht-560x396.png 560w, https:\/\/heimatverein-nieder-roden.de\/wp-content\/uploads\/2025\/12\/NRAdventsmarkt2025-Lageplan_v1.0_Uebersicht.png 1587w\" sizes=\"(max-width: 1024px) 100vw, 1024px\" \/><\/a><figcaption class=\"wp-element-caption\">Lageplan (\u00dcbersicht) zum Nieder-R\u00f6der Adventsmarkt 2025<br>\u00a9AKHNR\/FMA<\/figcaption><\/figure>\n\n\n\n<h2 class=\"wp-block-heading\">Lageplan &#8211; innen (Pfarrheim)<\/h2>\n\n\n\n<figure class=\"wp-block-image size-large\"><a href=\"https:\/\/heimatverein-nieder-roden.de\/wp-content\/uploads\/2025\/12\/NRAdventsmarkt2025-Lageplan_v1.0_innen.png\"><img decoding=\"async\" width=\"1024\" height=\"725\" src=\"https:\/\/heimatverein-nieder-roden.de\/wp-content\/uploads\/2025\/12\/NRAdventsmarkt2025-Lageplan_v1.0_innen-1024x725.png\" alt=\"\" class=\"wp-image-8454\" srcset=\"https:\/\/heimatverein-nieder-roden.de\/wp-content\/uploads\/2025\/12\/NRAdventsmarkt2025-Lageplan_v1.0_innen-1024x725.png 1024w, https:\/\/heimatverein-nieder-roden.de\/wp-content\/uploads\/2025\/12\/NRAdventsmarkt2025-Lageplan_v1.0_innen-300x212.png 300w, https:\/\/heimatverein-nieder-roden.de\/wp-content\/uploads\/2025\/12\/NRAdventsmarkt2025-Lageplan_v1.0_innen-768x543.png 768w, https:\/\/heimatverein-nieder-roden.de\/wp-content\/uploads\/2025\/12\/NRAdventsmarkt2025-Lageplan_v1.0_innen-1536x1087.png 1536w, https:\/\/heimatverein-nieder-roden.de\/wp-content\/uploads\/2025\/12\/NRAdventsmarkt2025-Lageplan_v1.0_innen-836x592.png 836w, https:\/\/heimatverein-nieder-roden.de\/wp-content\/uploads\/2025\/12\/NRAdventsmarkt2025-Lageplan_v1.0_innen-560x396.png 560w, https:\/\/heimatverein-nieder-roden.de\/wp-content\/uploads\/2025\/12\/NRAdventsmarkt2025-Lageplan_v1.0_innen.png 1587w\" sizes=\"(max-width: 1024px) 100vw, 1024px\" \/><\/a><figcaption class=\"wp-element-caption\">Lageplan (innen, Pfarrheim) zum Nieder-R\u00f6der Adventsmarkt 2025 <br>\u00a9AKHNR\/FMA<\/figcaption><\/figure>\n\n\n\n<h2 class=\"wp-block-heading\">Lageplan &#8211; au\u00dfen<\/h2>\n\n\n\n<figure class=\"wp-block-image size-large\"><a href=\"https:\/\/heimatverein-nieder-roden.de\/wp-content\/uploads\/2025\/12\/NRAdventsmarkt2025-Lageplan_v1.0_aussen.png\"><img decoding=\"async\" width=\"1024\" height=\"725\" src=\"https:\/\/heimatverein-nieder-roden.de\/wp-content\/uploads\/2025\/12\/NRAdventsmarkt2025-Lageplan_v1.0_aussen-1024x725.png\" alt=\"\" class=\"wp-image-8453\" srcset=\"https:\/\/heimatverein-nieder-roden.de\/wp-content\/uploads\/2025\/12\/NRAdventsmarkt2025-Lageplan_v1.0_aussen-1024x725.png 1024w, https:\/\/heimatverein-nieder-roden.de\/wp-content\/uploads\/2025\/12\/NRAdventsmarkt2025-Lageplan_v1.0_aussen-300x212.png 300w, https:\/\/heimatverein-nieder-roden.de\/wp-content\/uploads\/2025\/12\/NRAdventsmarkt2025-Lageplan_v1.0_aussen-768x543.png 768w, https:\/\/heimatverein-nieder-roden.de\/wp-content\/uploads\/2025\/12\/NRAdventsmarkt2025-Lageplan_v1.0_aussen-1536x1087.png 1536w, https:\/\/heimatverein-nieder-roden.de\/wp-content\/uploads\/2025\/12\/NRAdventsmarkt2025-Lageplan_v1.0_aussen-836x592.png 836w, https:\/\/heimatverein-nieder-roden.de\/wp-content\/uploads\/2025\/12\/NRAdventsmarkt2025-Lageplan_v1.0_aussen-560x396.png 560w, https:\/\/heimatverein-nieder-roden.de\/wp-content\/uploads\/2025\/12\/NRAdventsmarkt2025-Lageplan_v1.0_aussen.png 1587w\" sizes=\"(max-width: 1024px) 100vw, 1024px\" \/><\/a><figcaption class=\"wp-element-caption\">Lageplan (au\u00dfen) zum Nieder-R\u00f6der Adventsmarkt 2025 <br>\u00a9AKHNR\/FMA<\/figcaption><\/figure>\n\n\n\n<div class=\"wp-block-buttons is-content-justification-center is-layout-flex wp-container-core-buttons-is-layout-16018d1d wp-block-buttons-is-layout-flex\">\n<div class=\"wp-block-button is-style-circular\"><a class=\"wp-block-button__link wp-element-button\" href=\"https:\/\/heimatverein-nieder-roden.de\/?page_id=7761\">zur Hauptseite Adventsmarkt<\/a><\/div>\n<\/div>\n","protected":false},"excerpt":{"rendered":"<p>Der Lageplan zeigt alle St\u00e4nde und Buden, sowohl drinnen im Pfarrheim, als auch drau\u00dfen im Vorgarten, auf Schulstra\u00dfe, Turmstra\u00dfe und Kirchplatz.<\/p><p><a class=\"more-link btn\" href=\"https:\/\/heimatverein-nieder-roden.de\/?p=8449\">Weiterlesen<\/a><\/p>\n","protected":false},"author":1,"featured_media":8455,"comment_status":"closed","ping_status":"closed","sticky":false,"template":"","format":"standard","meta":{"_coblocks_attr":"","_coblocks_dimensions":"","_coblocks_responsive_height":"","_coblocks_accordion_ie_support":"","footnotes":"","_share_on_mastodon":"0"},"categories":[690,6,97],"tags":[698,313,695,691,694],"class_list":["post-8449","post","type-post","status-publish","format-standard","has-post-thumbnail","hentry","category-adventsmarkt-2025","category-aktuell","category-slider","tag-lageplan","tag-nieder-roeder-adventsmarkt","tag-nieder-roeder-adventsmarkt-2025","tag-nirreraeirer-adventsmarkt","tag-nirreraeirer-adventsmarkt-2025","nodate"],"share_on_mastodon":{"url":"","error":""},"publishpress_future_action":{"enabled":false,"date":"2026-05-07 01:04:48","action":"category-remove","newStatus":"draft","terms":[],"taxonomy":"category","extraData":[]},"publishpress_future_workflow_manual_trigger":{"enabledWorkflows":[]},"_links":{"self":[{"href":"https:\/\/heimatverein-nieder-roden.de\/index.php?rest_route=\/wp\/v2\/posts\/8449","targetHints":{"allow":["GET"]}}],"collection":[{"href":"https:\/\/heimatverein-nieder-roden.de\/index.php?rest_route=\/wp\/v2\/posts"}],"about":[{"href":"https:\/\/heimatverein-nieder-roden.de\/index.php?rest_route=\/wp\/v2\/types\/post"}],"author":[{"embeddable":true,"href":"https:\/\/heimatverein-nieder-roden.de\/index.php?rest_route=\/wp\/v2\/users\/1"}],"replies":[{"embeddable":true,"href":"https:\/\/heimatverein-nieder-roden.de\/index.php?rest_route=%2Fwp%2Fv2%2Fcomments&post=8449"}],"version-history":[{"count":3,"href":"https:\/\/heimatverein-nieder-roden.de\/index.php?rest_route=\/wp\/v2\/posts\/8449\/revisions"}],"predecessor-version":[{"id":8469,"href":"https:\/\/heimatverein-nieder-roden.de\/index.php?rest_route=\/wp\/v2\/posts\/8449\/revisions\/8469"}],"wp:featuredmedia":[{"embeddable":true,"href":"https:\/\/heimatverein-nieder-roden.de\/index.php?rest_route=\/wp\/v2\/media\/8455"}],"wp:attachment":[{"href":"https:\/\/heimatverein-nieder-roden.de\/index.php?rest_route=%2Fwp%2Fv2%2Fmedia&parent=8449"}],"wp:term":[{"taxonomy":"category","embeddable":true,"href":"https:\/\/heimatverein-nieder-roden.de\/index.php?rest_route=%2Fwp%2Fv2%2Fcategories&post=8449"},{"taxonomy":"post_tag","embeddable":true,"href":"https:\/\/heimatverein-nieder-roden.de\/index.php?rest_route=%2Fwp%2Fv2%2Ftags&post=8449"}],"curies":[{"name":"wp","href":"https:\/\/api.w.org\/{rel}","templated":true}]}}