{"id":8442,"date":"2025-12-04T14:22:25","date_gmt":"2025-12-04T13:22:25","guid":{"rendered":"https:\/\/heimatverein-nieder-roden.de\/?p=8442"},"modified":"2025-12-04T15:03:59","modified_gmt":"2025-12-04T14:03:59","slug":"adventsmarkt-2025-handwerksmarkt-im-pfarrheim","status":"publish","type":"post","link":"https:\/\/heimatverein-nieder-roden.de\/?p=8442","title":{"rendered":"Adventsmarkt 2025 &#8211; Handwerksmarkt im Pfarrheim"},"content":{"rendered":"<div class=\"wp-block-image\">\n<figure class=\"aligncenter size-large is-resized\"><img decoding=\"async\" width=\"1024\" height=\"577\" src=\"https:\/\/heimatverein-nieder-roden.de\/wp-content\/uploads\/2025\/11\/AKHNR_Neue-Ortslinde_EGE_1080-1024x577.jpg\" alt=\"\" class=\"wp-image-8370\" style=\"width:591px;height:auto\" srcset=\"https:\/\/heimatverein-nieder-roden.de\/wp-content\/uploads\/2025\/11\/AKHNR_Neue-Ortslinde_EGE_1080-1024x577.jpg 1024w, https:\/\/heimatverein-nieder-roden.de\/wp-content\/uploads\/2025\/11\/AKHNR_Neue-Ortslinde_EGE_1080-300x169.jpg 300w, https:\/\/heimatverein-nieder-roden.de\/wp-content\/uploads\/2025\/11\/AKHNR_Neue-Ortslinde_EGE_1080-768x432.jpg 768w, https:\/\/heimatverein-nieder-roden.de\/wp-content\/uploads\/2025\/11\/AKHNR_Neue-Ortslinde_EGE_1080-1536x865.jpg 1536w, https:\/\/heimatverein-nieder-roden.de\/wp-content\/uploads\/2025\/11\/AKHNR_Neue-Ortslinde_EGE_1080-836x471.jpg 836w, https:\/\/heimatverein-nieder-roden.de\/wp-content\/uploads\/2025\/11\/AKHNR_Neue-Ortslinde_EGE_1080-560x315.jpg 560w, https:\/\/heimatverein-nieder-roden.de\/wp-content\/uploads\/2025\/11\/AKHNR_Neue-Ortslinde_EGE_1080.jpg 1918w\" sizes=\"(max-width: 1024px) 100vw, 1024px\" \/><figcaption class=\"wp-element-caption\">Das Pfarrheim Sankt Matthias &#8211; hinter der neuen Ortslinde. <br>Vom Bahnhof aus gesehen.<br>(c)AKHNR\/EGE<\/figcaption><\/figure>\n<\/div>\n\n\n<p>Mit 36 Ausstellern hat sich der Markt im Vergleich zum Vorjahr fast verdoppelt. Der gro\u00dfe Zuwachs ist ma\u00dfgeblich auf den neuen Handwerksmarkt im Saal des Pfarrheims zur\u00fcckzuf\u00fchren. An 14 St\u00e4nden finden die Marktbesucher allerlei Handgemachtes und kleine Pr\u00e4sente f\u00fcr das Weihnachtsfest. <\/p>\n\n\n\n<p>Auch der traditionelle B\u00fccherflohmarkt im Foyer des Pfarrheims findet wieder statt.<\/p>\n\n\n\n<h2 class=\"wp-block-heading\">Wer macht mit?<\/h2>\n\n\n\n<p>Hier eine Aufstellung der voraussichtlichen Teilnehmer am Handwerksmarkt im Pfarrheim.<br>(weiter unten gibt es einen Lageplan):<\/p>\n\n\n\n<figure class=\"wp-block-table\"><table class=\"has-fixed-layout\"><thead><tr><th>Nr.<\/th><th>Anbieter<\/th><th>Angebot<\/th><th>Weitere Infos<\/th><\/tr><\/thead><tbody><tr><td>1<\/td><td>Robert K\u00fchn<\/td><td>Hochwertiges aus Kupfer und Eisen<\/td><td><\/td><\/tr><tr><td>2<\/td><td>Svenja Ivanovski<\/td><td>Forever Living Products<\/td><td><\/td><\/tr><tr><td>3<\/td><td>Kniddelfee<\/td><td>&#8211; Wolle<br>&#8211; geh\u00e4kelte Sachen<\/td><td><a href=\"https:\/\/www.kniddelfee.de\" target=\"_blank\" rel=\"noreferrer noopener\">https:\/\/www.kniddelfee.de<\/a><\/td><\/tr><tr><td>4<\/td><td>GH acrylicart<\/td><td>&#8211; Acrylbilder<br>&#8211; Uhren<br>&#8211; Schmuck<\/td><td><\/td><\/tr><tr><td>5<\/td><td>Evi<\/td><td>&#8211; Sch\u00fcrzen<br>&#8211; Hals-\/Beinwickel<br>&#8211; Reha Taschen<br>&#8211; Gen\u00e4htes<\/td><td><\/td><\/tr><tr><td>6<\/td><td>Petra Schrickel<\/td><td>&#8211; Resin<br>&#8211; 3D-Druck<\/td><td><\/td><\/tr><tr><td>7<\/td><td>Mit Herz gefilzt<\/td><td>Filzprodukte<\/td><td><\/td><\/tr><tr><td>8<\/td><td>Kreativuli<br>(nur am Samstag)<\/td><td>Stickereien<\/td><td><\/td><\/tr><tr><td>9<\/td><td>Exklusives aus Papier<\/td><td>&#8211; Produkte aus Papier<br>&#8211; Karten<br>&#8211; Verpackungen<br>&#8211; Weihnachtsdeko<\/td><td><a href=\"https:\/\/www.exklusives-aus-papier.de\" target=\"_blank\" rel=\"noreferrer noopener\">https:\/\/www.exklusives-aus-papier.de<\/a><\/td><\/tr><tr><td>10<\/td><td>Premiumatelieray<\/td><td>&#8211; Kerzen<br>&#8211; Beton<br>&#8211; Resin<br>&#8211; Geschenke<br>&#8211; Hochzeit<br>&#8211; Geburtstag<\/td><td><\/td><\/tr><tr><td>11<\/td><td>Kurzwaren-Woelke<\/td><td>&#8211; Faschingsartikel<br>&#8211; Schals<br>&#8211; M\u00fctzen<br>&#8211; Stirnb\u00e4nder aus Wolle<\/td><td><\/td><\/tr><tr><td>12<\/td><td>Kerzen-und-mehr<\/td><td>&#8211; Kerzen<br>&#8211; Verpackungen<br>&#8211; Holz<br>&#8211; Deko<\/td><td><a href=\"https:\/\/www.kerzen-und-mehr.reuterswelt.de\" target=\"_blank\" rel=\"noreferrer noopener\">https:\/\/www.Kerzen-und-mehr.ReutersWelt.de<\/a><\/td><\/tr><tr><td>13<\/td><td>Mascha Kuhn<\/td><td>Kinder-Artikel<\/td><td><\/td><\/tr><tr><td>14<\/td><td>Re &amp; Up Aus ALT wird NEU<\/td><td>&#8211; Taschen<br>&#8211; Rucks\u00e4cke<br>&#8211; Geldb\u00f6rsen<br>&#8211; Uhren<br>&#8211; Schl\u00fcsselbund<\/td><td><\/td><\/tr><tr><td><\/td><td><\/td><td><\/td><td><\/td><\/tr><\/tbody><\/table><\/figure>\n\n\n\n<h2 class=\"wp-block-heading\">Lageplan im Pfarrheim<\/h2>\n\n\n\n<figure class=\"wp-block-image size-large\"><img decoding=\"async\" width=\"1024\" height=\"725\" src=\"https:\/\/heimatverein-nieder-roden.de\/wp-content\/uploads\/2025\/12\/NRAdventsmarkt2025-Lageplan_v1.0_innen-1024x725.png\" alt=\"\" class=\"wp-image-8454\" srcset=\"https:\/\/heimatverein-nieder-roden.de\/wp-content\/uploads\/2025\/12\/NRAdventsmarkt2025-Lageplan_v1.0_innen-1024x725.png 1024w, https:\/\/heimatverein-nieder-roden.de\/wp-content\/uploads\/2025\/12\/NRAdventsmarkt2025-Lageplan_v1.0_innen-300x212.png 300w, https:\/\/heimatverein-nieder-roden.de\/wp-content\/uploads\/2025\/12\/NRAdventsmarkt2025-Lageplan_v1.0_innen-768x543.png 768w, https:\/\/heimatverein-nieder-roden.de\/wp-content\/uploads\/2025\/12\/NRAdventsmarkt2025-Lageplan_v1.0_innen-1536x1087.png 1536w, https:\/\/heimatverein-nieder-roden.de\/wp-content\/uploads\/2025\/12\/NRAdventsmarkt2025-Lageplan_v1.0_innen-836x592.png 836w, https:\/\/heimatverein-nieder-roden.de\/wp-content\/uploads\/2025\/12\/NRAdventsmarkt2025-Lageplan_v1.0_innen-560x396.png 560w, https:\/\/heimatverein-nieder-roden.de\/wp-content\/uploads\/2025\/12\/NRAdventsmarkt2025-Lageplan_v1.0_innen.png 1587w\" sizes=\"(max-width: 1024px) 100vw, 1024px\" \/><figcaption class=\"wp-element-caption\">Lageplan (innen, Pfarrheim) zum Nieder-R\u00f6der Adventsmarkt 2025<br>\u00a9AKHNR\/FMA<\/figcaption><\/figure>\n\n\n\n<div class=\"wp-block-buttons is-content-justification-center is-layout-flex wp-container-core-buttons-is-layout-16018d1d wp-block-buttons-is-layout-flex\">\n<div class=\"wp-block-button is-style-circular\"><a class=\"wp-block-button__link wp-element-button\" href=\"https:\/\/heimatverein-nieder-roden.de\/?page_id=7761\">zur Hauptseite Adventsmarkt<\/a><\/div>\n<\/div>\n","protected":false},"excerpt":{"rendered":"<p>Mit 36 Ausstellern hat sich der Markt im Vergleich zum Vorjahr fast verdoppelt. Der gro\u00dfe Zuwachs ist ma\u00dfgeblich auf den neuen Handwerksmarkt im Saal des Pfarrheims zur\u00fcckzuf\u00fchren. <\/p><p><a class=\"more-link btn\" href=\"https:\/\/heimatverein-nieder-roden.de\/?p=8442\">Weiterlesen<\/a><\/p>\n","protected":false},"author":1,"featured_media":2006,"comment_status":"closed","ping_status":"closed","sticky":false,"template":"","format":"standard","meta":{"_coblocks_attr":"","_coblocks_dimensions":"","_coblocks_responsive_height":"","_coblocks_accordion_ie_support":"","footnotes":"","_share_on_mastodon":"0"},"categories":[690,6,97],"tags":[704,708,701,703,699,711,702,707,710,712,706,313,695,691,694,705,709,713,700],"class_list":["post-8442","post","type-post","status-publish","format-standard","has-post-thumbnail","hentry","category-adventsmarkt-2025","category-aktuell","category-slider","tag-evi","tag-exklusives-aus-papier","tag-forever-living-products","tag-gh-acrylicart","tag-handwerksmarkt","tag-kerzen-und-mehr","tag-kniddelfee","tag-kreativuli","tag-kurzwaren-woelke","tag-mascha-kuhn","tag-mit-herz-gefilzt","tag-nieder-roeder-adventsmarkt","tag-nieder-roeder-adventsmarkt-2025","tag-nirreraeirer-adventsmarkt","tag-nirreraeirer-adventsmarkt-2025","tag-petra-schrickel","tag-premiumatelieray","tag-re-up-aus-alt-wird-neu","tag-robert-kuehn","nodate"],"share_on_mastodon":{"url":"","error":""},"publishpress_future_action":{"enabled":false,"date":"2026-05-07 03:27:48","action":"category-remove","newStatus":"draft","terms":[],"taxonomy":"category","extraData":[]},"publishpress_future_workflow_manual_trigger":{"enabledWorkflows":[]},"_links":{"self":[{"href":"https:\/\/heimatverein-nieder-roden.de\/index.php?rest_route=\/wp\/v2\/posts\/8442","targetHints":{"allow":["GET"]}}],"collection":[{"href":"https:\/\/heimatverein-nieder-roden.de\/index.php?rest_route=\/wp\/v2\/posts"}],"about":[{"href":"https:\/\/heimatverein-nieder-roden.de\/index.php?rest_route=\/wp\/v2\/types\/post"}],"author":[{"embeddable":true,"href":"https:\/\/heimatverein-nieder-roden.de\/index.php?rest_route=\/wp\/v2\/users\/1"}],"replies":[{"embeddable":true,"href":"https:\/\/heimatverein-nieder-roden.de\/index.php?rest_route=%2Fwp%2Fv2%2Fcomments&post=8442"}],"version-history":[{"count":4,"href":"https:\/\/heimatverein-nieder-roden.de\/index.php?rest_route=\/wp\/v2\/posts\/8442\/revisions"}],"predecessor-version":[{"id":8470,"href":"https:\/\/heimatverein-nieder-roden.de\/index.php?rest_route=\/wp\/v2\/posts\/8442\/revisions\/8470"}],"wp:featuredmedia":[{"embeddable":true,"href":"https:\/\/heimatverein-nieder-roden.de\/index.php?rest_route=\/wp\/v2\/media\/2006"}],"wp:attachment":[{"href":"https:\/\/heimatverein-nieder-roden.de\/index.php?rest_route=%2Fwp%2Fv2%2Fmedia&parent=8442"}],"wp:term":[{"taxonomy":"category","embeddable":true,"href":"https:\/\/heimatverein-nieder-roden.de\/index.php?rest_route=%2Fwp%2Fv2%2Fcategories&post=8442"},{"taxonomy":"post_tag","embeddable":true,"href":"https:\/\/heimatverein-nieder-roden.de\/index.php?rest_route=%2Fwp%2Fv2%2Ftags&post=8442"}],"curies":[{"name":"wp","href":"https:\/\/api.w.org\/{rel}","templated":true}]}}