{"id":8412,"date":"2025-11-27T13:48:12","date_gmt":"2025-11-27T12:48:12","guid":{"rendered":"https:\/\/heimatverein-nieder-roden.de\/?p=8412"},"modified":"2025-12-10T22:22:46","modified_gmt":"2025-12-10T21:22:46","slug":"adventsmarkt-2025-begleitprogramm","status":"publish","type":"post","link":"https:\/\/heimatverein-nieder-roden.de\/?p=8412","title":{"rendered":"Adventsmarkt 2025 &#8211; Begleitprogramm"},"content":{"rendered":"<div class=\"wp-block-image is-style-default\">\n<figure class=\"aligncenter size-large is-resized\"><img decoding=\"async\" width=\"1024\" height=\"683\" src=\"https:\/\/heimatverein-nieder-roden.de\/wp-content\/uploads\/2019\/12\/2015-12-06_14-24-29_NRAdventsmarkt-2015_Petrat_IMG_8304-1024x683.jpg\" alt=\"Die Feuerwehr-Kapelle auf dem Nieder-R\u00f6der Adventsmarkt. Archivaufnahme 2015.\n\u00a9Petrat\" class=\"wp-image-2001\" style=\"width:462px;height:auto\" srcset=\"https:\/\/heimatverein-nieder-roden.de\/wp-content\/uploads\/2019\/12\/2015-12-06_14-24-29_NRAdventsmarkt-2015_Petrat_IMG_8304-1024x683.jpg 1024w, https:\/\/heimatverein-nieder-roden.de\/wp-content\/uploads\/2019\/12\/2015-12-06_14-24-29_NRAdventsmarkt-2015_Petrat_IMG_8304-300x200.jpg 300w, https:\/\/heimatverein-nieder-roden.de\/wp-content\/uploads\/2019\/12\/2015-12-06_14-24-29_NRAdventsmarkt-2015_Petrat_IMG_8304-768x512.jpg 768w, https:\/\/heimatverein-nieder-roden.de\/wp-content\/uploads\/2019\/12\/2015-12-06_14-24-29_NRAdventsmarkt-2015_Petrat_IMG_8304-1536x1024.jpg 1536w, https:\/\/heimatverein-nieder-roden.de\/wp-content\/uploads\/2019\/12\/2015-12-06_14-24-29_NRAdventsmarkt-2015_Petrat_IMG_8304-560x373.jpg 560w, https:\/\/heimatverein-nieder-roden.de\/wp-content\/uploads\/2019\/12\/2015-12-06_14-24-29_NRAdventsmarkt-2015_Petrat_IMG_8304.jpg 1620w\" sizes=\"(max-width: 1024px) 100vw, 1024px\" \/><figcaption class=\"wp-element-caption\">Die Feuerwehr-Kapelle auf dem Nieder-R\u00f6der Adventsmarkt. Archivaufnahme 2015.<br>\u00a9Petrat<\/figcaption><\/figure>\n<\/div>\n\n\n<p>Den Markt begleiten auch in diesem Jahr ein paar Programmpunkte. <br>Und nat\u00fcrlich gilt: mit Live-Musik wird&#8217;s noch sch\u00f6ner&#8230;<\/p>\n\n\n\n<p class=\"is-style-info\">Korrektur 10.12.2025:<br>&#8211; der Musikalische Beitrag am Samstag wurde \u00fcbernommen vom Orchester ZweiKlang aus Dudenhofen (TSV)\/J\u00fcgesheim (SKG)<br>&#8211; der Musikalische Beitrag am Samstag wurde \u00fcbernommen vom Orchester &#8222;Klangfarben&#8220; des Musikvereins Nieder-Roden<br><br>Update 06.12.2025, 08:55 Uhr: <br>&#8211; Spenden\u00fcbergabe Kerbverein entf\u00e4llt<\/p>\n\n\n\n<h2 class=\"wp-block-heading\">Samstag, 6. Dezember<\/h2>\n\n\n\n<figure class=\"wp-block-table is-style-regular\"><table><thead><tr><th style=\"width: 150px;\">Wann?<\/th><th>Was?<\/th><\/tr><\/thead><tbody><tr><td>17:00 Uhr<\/td><td>Musik <br>Orchester Zweiklang des TSV Dudenhofen und SKG Rodgau <\/td><\/tr><tr><td>anschlie\u00dfend<\/td><td>Spenden\u00fcbergabe Kerbverein Nieder-Roden e. V. (entf\u00e4llt) <\/td><\/tr><tr><td>ca. 18:00 Uhr<\/td><td>Der Nikolaus kommt f\u00fcr die Kleinen<\/td><\/tr><\/tbody><\/table><\/figure>\n\n\n\n<h2 class=\"wp-block-heading\">Sonntag, 7. Dezember<\/h2>\n\n\n\n<figure class=\"wp-block-table\"><table><thead><tr><th style=\"width: 150px;\">Wann?<\/th><th>Was?<\/th><\/tr><\/thead><tbody><tr><td>17:00 Uhr<\/td><td>Musik<br>Orchester Klangfarben des Musikvereins Nieder-Roden<\/td><\/tr><tr><td>ca. 17:00 Uhr<\/td><td>Der Nikolaus kommt f\u00fcr die Kleinen<\/td><\/tr><tr><td><\/td><td><\/td><\/tr><\/tbody><\/table><\/figure>\n\n\n\n<div class=\"wp-block-buttons is-content-justification-center is-layout-flex wp-container-core-buttons-is-layout-16018d1d wp-block-buttons-is-layout-flex\">\n<div class=\"wp-block-button is-style-circular\"><a class=\"wp-block-button__link wp-element-button\" href=\"https:\/\/heimatverein-nieder-roden.de\/?page_id=7761\">zur Hauptseite Adventsmarkt<\/a><\/div>\n<\/div>\n","protected":false},"excerpt":{"rendered":"<p>Den Markt begleiten auch in diesem Jahr ein paar Programmpunkte. Und nat\u00fcrlich gilt: mit Live-Musik wird&#8217;s noch sch\u00f6ner&#8230; Korrektur 10.12.2025:&#8211; der Musikalische Beitrag am Samstag wurde \u00fcbernommen vom Orchester ZweiKlang aus Dudenhofen (TSV)\/J\u00fcgesheim (SKG)&#8211; der Musikalische Beitrag am Samstag wurde \u00fcbernommen vom Orchester &#8222;Klangfarben&#8220; des Musikvereins Nieder-Roden Update 06.12.2025, 08:55 Uhr: &#8211; Spenden\u00fcbergabe Kerbverein entf\u00e4llt &hellip; <\/p>\n<p><a class=\"more-link btn\" href=\"https:\/\/heimatverein-nieder-roden.de\/?p=8412\">Weiterlesen<\/a><\/p>\n","protected":false},"author":1,"featured_media":2001,"comment_status":"closed","ping_status":"closed","sticky":false,"template":"","format":"standard","meta":{"_coblocks_attr":"","_coblocks_dimensions":"","_coblocks_responsive_height":"","_coblocks_accordion_ie_support":"","footnotes":"","_share_on_mastodon":"0"},"categories":[690,6,97],"tags":[499,22,313,695,697,691,694,696],"class_list":["post-8412","post","type-post","status-publish","format-standard","has-post-thumbnail","hentry","category-adventsmarkt-2025","category-aktuell","category-slider","tag-kerbverein-nieder-roden","tag-musikverein-nieder-roden","tag-nieder-roeder-adventsmarkt","tag-nieder-roeder-adventsmarkt-2025","tag-nikolaus","tag-nirreraeirer-adventsmarkt","tag-nirreraeirer-adventsmarkt-2025","tag-skg-rodgau-1888","nodate"],"share_on_mastodon":{"url":"","error":""},"publishpress_future_action":{"enabled":false,"date":"2026-05-06 23:48:22","action":"category-remove","newStatus":"draft","terms":[],"taxonomy":"category","extraData":[]},"publishpress_future_workflow_manual_trigger":{"enabledWorkflows":[]},"_links":{"self":[{"href":"https:\/\/heimatverein-nieder-roden.de\/index.php?rest_route=\/wp\/v2\/posts\/8412","targetHints":{"allow":["GET"]}}],"collection":[{"href":"https:\/\/heimatverein-nieder-roden.de\/index.php?rest_route=\/wp\/v2\/posts"}],"about":[{"href":"https:\/\/heimatverein-nieder-roden.de\/index.php?rest_route=\/wp\/v2\/types\/post"}],"author":[{"embeddable":true,"href":"https:\/\/heimatverein-nieder-roden.de\/index.php?rest_route=\/wp\/v2\/users\/1"}],"replies":[{"embeddable":true,"href":"https:\/\/heimatverein-nieder-roden.de\/index.php?rest_route=%2Fwp%2Fv2%2Fcomments&post=8412"}],"version-history":[{"count":18,"href":"https:\/\/heimatverein-nieder-roden.de\/index.php?rest_route=\/wp\/v2\/posts\/8412\/revisions"}],"predecessor-version":[{"id":8479,"href":"https:\/\/heimatverein-nieder-roden.de\/index.php?rest_route=\/wp\/v2\/posts\/8412\/revisions\/8479"}],"wp:featuredmedia":[{"embeddable":true,"href":"https:\/\/heimatverein-nieder-roden.de\/index.php?rest_route=\/wp\/v2\/media\/2001"}],"wp:attachment":[{"href":"https:\/\/heimatverein-nieder-roden.de\/index.php?rest_route=%2Fwp%2Fv2%2Fmedia&parent=8412"}],"wp:term":[{"taxonomy":"category","embeddable":true,"href":"https:\/\/heimatverein-nieder-roden.de\/index.php?rest_route=%2Fwp%2Fv2%2Fcategories&post=8412"},{"taxonomy":"post_tag","embeddable":true,"href":"https:\/\/heimatverein-nieder-roden.de\/index.php?rest_route=%2Fwp%2Fv2%2Ftags&post=8412"}],"curies":[{"name":"wp","href":"https:\/\/api.w.org\/{rel}","templated":true}]}}