{"id":8340,"date":"2025-10-31T13:13:02","date_gmt":"2025-10-31T12:13:02","guid":{"rendered":"https:\/\/heimatverein-nieder-roden.de\/?p=8340"},"modified":"2025-10-31T13:38:07","modified_gmt":"2025-10-31T12:38:07","slug":"adventsmarkt-2025-vortreffen-fuer-die-teilnehmer-am-12-november","status":"publish","type":"post","link":"https:\/\/heimatverein-nieder-roden.de\/?p=8340","title":{"rendered":"Adventsmarkt 2025 &#8211; Vortreffen f\u00fcr die Teilnehmer am 12. November"},"content":{"rendered":"\n<p>Am Mittwoch, den 12. November 2025, findet um 20 Uhr das Vortreffen zum Nirrer\u00e4irer Adventsmarkt 2025 statt.<\/p>\n\n\n<div class=\"wp-block-image\">\n<figure class=\"aligncenter size-large is-resized\"><img decoding=\"async\" width=\"1024\" height=\"683\" src=\"https:\/\/heimatverein-nieder-roden.de\/wp-content\/uploads\/2019\/12\/2015-12-06_14-16-11_NRAdventsmarkt-2015_Petrat_IMG_8399-1024x683.jpg\" alt=\"\" class=\"wp-image-1998\" style=\"width:670px;height:auto\" srcset=\"https:\/\/heimatverein-nieder-roden.de\/wp-content\/uploads\/2019\/12\/2015-12-06_14-16-11_NRAdventsmarkt-2015_Petrat_IMG_8399-1024x683.jpg 1024w, https:\/\/heimatverein-nieder-roden.de\/wp-content\/uploads\/2019\/12\/2015-12-06_14-16-11_NRAdventsmarkt-2015_Petrat_IMG_8399-300x200.jpg 300w, https:\/\/heimatverein-nieder-roden.de\/wp-content\/uploads\/2019\/12\/2015-12-06_14-16-11_NRAdventsmarkt-2015_Petrat_IMG_8399-768x512.jpg 768w, https:\/\/heimatverein-nieder-roden.de\/wp-content\/uploads\/2019\/12\/2015-12-06_14-16-11_NRAdventsmarkt-2015_Petrat_IMG_8399-1536x1024.jpg 1536w, https:\/\/heimatverein-nieder-roden.de\/wp-content\/uploads\/2019\/12\/2015-12-06_14-16-11_NRAdventsmarkt-2015_Petrat_IMG_8399-560x373.jpg 560w, https:\/\/heimatverein-nieder-roden.de\/wp-content\/uploads\/2019\/12\/2015-12-06_14-16-11_NRAdventsmarkt-2015_Petrat_IMG_8399.jpg 1620w\" sizes=\"(max-width: 1024px) 100vw, 1024px\" \/><figcaption class=\"wp-element-caption\">Der Nieder-R\u00f6der Adventsmarkt &#8211; Archivaufnahme aus dem Jahr 2015.<br>\u00a9AKHNR\/Petrat<\/figcaption><\/figure>\n<\/div>\n\n\n<hr class=\"wp-block-separator has-alpha-channel-opacity is-style-wide\"\/>\n\n\n\n<blockquote class=\"wp-block-quote has-text-align-center is-layout-flow wp-block-quote-is-layout-flow\">\n<p>Was?<br><br><strong>Adventsmarkt 2025 &#8211; Vortreffen<\/strong><br><br>Wann?<br><br><strong>Mittwoch<\/strong><br><strong>12. November 2025<br>20:00 Uhr<\/strong><br><br>Wo?<br><br><strong>SGN-Clubhaus<br>Gastst\u00e4tte &#8222;Pizza &amp; Bar GUDES&#8220;<br>Hainburgstra\u00dfe 49<br>63110 Rodgau<\/strong><\/p>\n<\/blockquote>\n\n\n\n<hr class=\"wp-block-separator has-alpha-channel-opacity is-style-wide\"\/>\n\n\n\n<p class=\"has-text-align-left\">Das Organisations-Komitee der Pfarrgemeinde St. Matthias l\u00e4dt alle herzlich ein, die sich mit einem Stand auf dem Markt beteiligen wollen.<\/p>\n\n\n\n<p>Bei diesem Treffen stimmen sich die Teilnehmer des Adventsmarktes \u00fcber ihre Angebote und die Bedingungen ab.<\/p>\n\n\n\n<p>Da es dieses Jahr neben den wiederkehrenden organisatorischen Themen auch um die zuk\u00fcnftige Finanzierung des Marktes und die Sicherheit (Terrorabwehr) gehen wird, bitten wir darum, dass alle Teilnehmer an dem Tag vertreten sind. <\/p>\n\n\n\n<p>Das Treffen findet statt im Clubhaus der SGN (Sportgemeinschaft Nieder-Roden e. V. ), in der Gastst\u00e4tte &#8222;Pizza &amp; Bar Gudes&#8220;, Hainburgstra\u00dfe 49, 63110 Rodgau.<\/p>\n\n\n<div class=\"wp-block-image\">\n<figure class=\"aligncenter size-large is-resized\"><a href=\"https:\/\/heimatverein-nieder-roden.de\/wp-content\/uploads\/2025\/10\/AKHNR_SGN-Clubhaus_Karte_v1.0-2025-10-31.jpg\"><img decoding=\"async\" width=\"1024\" height=\"725\" src=\"https:\/\/heimatverein-nieder-roden.de\/wp-content\/uploads\/2025\/10\/AKHNR_SGN-Clubhaus_Karte_v1.0-2025-10-31-1024x725.jpg\" alt=\"\" class=\"wp-image-8347\" style=\"width:641px;height:auto\" srcset=\"https:\/\/heimatverein-nieder-roden.de\/wp-content\/uploads\/2025\/10\/AKHNR_SGN-Clubhaus_Karte_v1.0-2025-10-31-1024x725.jpg 1024w, https:\/\/heimatverein-nieder-roden.de\/wp-content\/uploads\/2025\/10\/AKHNR_SGN-Clubhaus_Karte_v1.0-2025-10-31-300x212.jpg 300w, https:\/\/heimatverein-nieder-roden.de\/wp-content\/uploads\/2025\/10\/AKHNR_SGN-Clubhaus_Karte_v1.0-2025-10-31-768x543.jpg 768w, https:\/\/heimatverein-nieder-roden.de\/wp-content\/uploads\/2025\/10\/AKHNR_SGN-Clubhaus_Karte_v1.0-2025-10-31-1536x1087.jpg 1536w, https:\/\/heimatverein-nieder-roden.de\/wp-content\/uploads\/2025\/10\/AKHNR_SGN-Clubhaus_Karte_v1.0-2025-10-31-836x592.jpg 836w, https:\/\/heimatverein-nieder-roden.de\/wp-content\/uploads\/2025\/10\/AKHNR_SGN-Clubhaus_Karte_v1.0-2025-10-31-560x396.jpg 560w, https:\/\/heimatverein-nieder-roden.de\/wp-content\/uploads\/2025\/10\/AKHNR_SGN-Clubhaus_Karte_v1.0-2025-10-31.jpg 1587w\" sizes=\"(max-width: 1024px) 100vw, 1024px\" \/><\/a><figcaption class=\"wp-element-caption\">Lageplan SGN-Clubhaus\n\u00a9AKHNR<\/figcaption><\/figure>\n<\/div>\n\n<div class=\"wp-block-image\">\n<figure class=\"aligncenter size-large is-resized has-lightbox\"><a href=\"https:\/\/pizzabargudes.de\/\" target=\"_blank\" rel=\" noreferrer noopener\"><img decoding=\"async\" width=\"1024\" height=\"309\" src=\"https:\/\/heimatverein-nieder-roden.de\/wp-content\/uploads\/2025\/10\/sgn_pizza-und-bar-gudes_logo-1024x309.png\" alt=\"\" class=\"wp-image-8341\" style=\"width:636px;height:auto\" srcset=\"https:\/\/heimatverein-nieder-roden.de\/wp-content\/uploads\/2025\/10\/sgn_pizza-und-bar-gudes_logo-1024x309.png 1024w, https:\/\/heimatverein-nieder-roden.de\/wp-content\/uploads\/2025\/10\/sgn_pizza-und-bar-gudes_logo-300x90.png 300w, https:\/\/heimatverein-nieder-roden.de\/wp-content\/uploads\/2025\/10\/sgn_pizza-und-bar-gudes_logo-768x231.png 768w, https:\/\/heimatverein-nieder-roden.de\/wp-content\/uploads\/2025\/10\/sgn_pizza-und-bar-gudes_logo-836x252.png 836w, https:\/\/heimatverein-nieder-roden.de\/wp-content\/uploads\/2025\/10\/sgn_pizza-und-bar-gudes_logo-560x169.png 560w, https:\/\/heimatverein-nieder-roden.de\/wp-content\/uploads\/2025\/10\/sgn_pizza-und-bar-gudes_logo.png 1400w\" sizes=\"(max-width: 1024px) 100vw, 1024px\" \/><\/a><figcaption class=\"wp-element-caption\">Logo der Gastst\u00e4tte &#8222;Pizza &amp; Bar Gudes&#8220; <br>im Clubhaus der Sportgemeinschaft Nieder-Roden e. V. (SGN), <br>Hainburgstra\u00dfe 49, 63110 Rodgau.<br>\u00a9GUDES<br><br>Klicken Sie um auf die Internetseite zu gelangen.<br><\/figcaption><\/figure>\n<\/div>\n\n\n<p class=\"has-text-align-center\">Weitere Informationen auch f\u00fcr den Kontakt zu den Organisatoren gibt es hier:<\/p>\n\n\n\n<div class=\"wp-block-buttons is-content-justification-center is-layout-flex wp-container-core-buttons-is-layout-16018d1d wp-block-buttons-is-layout-flex\">\n<div class=\"wp-block-button is-style-circular\"><a class=\"wp-block-button__link has-background wp-element-button\" href=\"https:\/\/heimatverein-nieder-roden.de\/?page_id=7761\" style=\"background-color:#932418\">zur Seite &#8222;Adventsmarkt&#8220;<\/a><\/div>\n<\/div>\n","protected":false},"excerpt":{"rendered":"<p>Am Mittwoch, den 12. November 2025, findet um 20 Uhr das Vortreffen zum Nirrer\u00e4irer Adventsmarkt 2025 statt. Was? Adventsmarkt 2025 &#8211; Vortreffen Wann? Mittwoch12. November 202520:00 Uhr Wo? SGN-ClubhausGastst\u00e4tte &#8222;Pizza &amp; Bar GUDES&#8220;Hainburgstra\u00dfe 4963110 Rodgau Das Organisations-Komitee der Pfarrgemeinde St. Matthias l\u00e4dt alle herzlich ein, die sich mit einem Stand auf dem Markt beteiligen wollen. &hellip; <\/p>\n<p><a class=\"more-link btn\" href=\"https:\/\/heimatverein-nieder-roden.de\/?p=8340\">Weiterlesen<\/a><\/p>\n","protected":false},"author":1,"featured_media":1999,"comment_status":"closed","ping_status":"closed","sticky":false,"template":"","format":"standard","meta":{"_coblocks_attr":"","_coblocks_dimensions":"","_coblocks_responsive_height":"","_coblocks_accordion_ie_support":"","footnotes":"","_share_on_mastodon":"0"},"categories":[690,6,585,97],"tags":[137,313,691,133,692,693],"class_list":["post-8340","post","type-post","status-publish","format-standard","has-post-thumbnail","hentry","category-adventsmarkt-2025","category-aktuell","category-pfarrgemeinde-sankt-matthias","category-slider","tag-adventsmarkt","tag-nieder-roeder-adventsmarkt","tag-nirreraeirer-adventsmarkt","tag-pfarrgemeinde-sankt-matthias","tag-pizza-und-bar-gudes","tag-sgn-clubhaus","nodate"],"share_on_mastodon":{"url":"","error":""},"publishpress_future_action":{"enabled":false,"date":"2026-05-06 23:52:41","action":"category-remove","newStatus":"draft","terms":[],"taxonomy":"category","extraData":[]},"publishpress_future_workflow_manual_trigger":{"enabledWorkflows":[]},"_links":{"self":[{"href":"https:\/\/heimatverein-nieder-roden.de\/index.php?rest_route=\/wp\/v2\/posts\/8340","targetHints":{"allow":["GET"]}}],"collection":[{"href":"https:\/\/heimatverein-nieder-roden.de\/index.php?rest_route=\/wp\/v2\/posts"}],"about":[{"href":"https:\/\/heimatverein-nieder-roden.de\/index.php?rest_route=\/wp\/v2\/types\/post"}],"author":[{"embeddable":true,"href":"https:\/\/heimatverein-nieder-roden.de\/index.php?rest_route=\/wp\/v2\/users\/1"}],"replies":[{"embeddable":true,"href":"https:\/\/heimatverein-nieder-roden.de\/index.php?rest_route=%2Fwp%2Fv2%2Fcomments&post=8340"}],"version-history":[{"count":10,"href":"https:\/\/heimatverein-nieder-roden.de\/index.php?rest_route=\/wp\/v2\/posts\/8340\/revisions"}],"predecessor-version":[{"id":8353,"href":"https:\/\/heimatverein-nieder-roden.de\/index.php?rest_route=\/wp\/v2\/posts\/8340\/revisions\/8353"}],"wp:featuredmedia":[{"embeddable":true,"href":"https:\/\/heimatverein-nieder-roden.de\/index.php?rest_route=\/wp\/v2\/media\/1999"}],"wp:attachment":[{"href":"https:\/\/heimatverein-nieder-roden.de\/index.php?rest_route=%2Fwp%2Fv2%2Fmedia&parent=8340"}],"wp:term":[{"taxonomy":"category","embeddable":true,"href":"https:\/\/heimatverein-nieder-roden.de\/index.php?rest_route=%2Fwp%2Fv2%2Fcategories&post=8340"},{"taxonomy":"post_tag","embeddable":true,"href":"https:\/\/heimatverein-nieder-roden.de\/index.php?rest_route=%2Fwp%2Fv2%2Ftags&post=8340"}],"curies":[{"name":"wp","href":"https:\/\/api.w.org\/{rel}","templated":true}]}}