{"id":8335,"date":"2025-10-29T21:24:22","date_gmt":"2025-10-29T20:24:22","guid":{"rendered":"https:\/\/heimatverein-nieder-roden.de\/?p=8335"},"modified":"2025-10-29T21:24:23","modified_gmt":"2025-10-29T20:24:23","slug":"einladung-zum-stadtteiltreff-nieder-roden-sozialzentrum-3-november","status":"publish","type":"post","link":"https:\/\/heimatverein-nieder-roden.de\/?p=8335","title":{"rendered":"Einladung zum Stadtteiltreff Nieder-Roden &#8211; Sozialzentrum 3. November"},"content":{"rendered":"\n<p class=\"is-style-info\">Text: Gemeinwesenarbeit Stadt Rodgau &#8211; Stadtteilb\u00fcro Nieder-Roden<\/p>\n\n\n\n<p>Liebe Bewohnerinnen und Bewohner, liebe Netzwerkerinnen und Netzwerker,<\/p>\n\n\n\n<p>wir laden Sie herzlich zum n\u00e4chsten Stadtteiltreffen am <strong>Montag, 03.11.2025<\/strong>, um <strong>18:00 Uhr<\/strong> im <strong>Sozialzentrum &#8211; Raum 3<\/strong> ein.<\/p>\n\n\n<div class=\"wp-block-image\">\n<figure class=\"aligncenter size-full is-resized\"><img decoding=\"async\" width=\"660\" height=\"153\" src=\"https:\/\/heimatverein-nieder-roden.de\/wp-content\/uploads\/2024\/11\/Druck_2024_Logo_Gemeinwesenarbeit_kompr.jpg\" alt=\"\" class=\"wp-image-7726\" style=\"width:649px;height:auto\" srcset=\"https:\/\/heimatverein-nieder-roden.de\/wp-content\/uploads\/2024\/11\/Druck_2024_Logo_Gemeinwesenarbeit_kompr.jpg 660w, https:\/\/heimatverein-nieder-roden.de\/wp-content\/uploads\/2024\/11\/Druck_2024_Logo_Gemeinwesenarbeit_kompr-300x70.jpg 300w, https:\/\/heimatverein-nieder-roden.de\/wp-content\/uploads\/2024\/11\/Druck_2024_Logo_Gemeinwesenarbeit_kompr-560x130.jpg 560w\" sizes=\"(max-width: 660px) 100vw, 660px\" \/><figcaption class=\"wp-element-caption\">Logo zur Gemeinwesenarbeit in Hessen \n\u00a9Hessisches Sozialministerium<\/figcaption><\/figure>\n<\/div>\n\n\n<h2 class=\"wp-block-heading\">Tagesordnung<\/h2>\n\n\n\n<p>1. Themen aus dem Stadtteilb\u00fcro<\/p>\n\n\n\n<ul class=\"wp-block-list\">\n<li>R\u00fcckblick: Saubermachtag in Kooperation mit der Heinrich-B\u00f6ll-Schule gemeinsam mit B\u00fcrgerinnen und B\u00fcrgern<\/li>\n\n\n\n<li>Spielenachmittag<\/li>\n\n\n\n<li>Zu Gast: Frau Grab-Achard von der Stabsstelle Stadtentwicklung \u2013 Thema: Neubau Sozialzentrum<br><\/li>\n<\/ul>\n\n\n\n<p>2. Ihre mitgebrachten Themen, bzw. Veranstaltungen<\/p>\n\n\n\n<p>3. Verschiedenes<\/p>\n\n\n\n<ul class=\"wp-block-list\">\n<li>Aktuelles \/ Termine rund um den Puiseauxplatz<br><\/li>\n<\/ul>\n\n\n\n<p>Wir freuen uns auf den Austausch mit Ihnen!<\/p>\n\n\n\n<p><strong>Bitte teilen Sie uns mit, ob Sie teilnehmen m\u00f6chten, damit wir die Veranstaltung besser planen k\u00f6nnen.<\/strong><\/p>\n\n\n\n<p>Rafael Ledwig, Maike Vogel<br>vom Stadtteilb\u00fcro Nieder-Roden<\/p>\n\n\n\n<p>Fachbereich Kommunales Bildungsmanagement<br><br>Sozialzentrum<br>Puiseauxplatz 3<br>63110 Rodgau<br><br>Tel.:&nbsp;<a href=\"tel:+49 (6106) 693-1251\">+49 (6106) 693-1251<\/a>&nbsp;<br>FAX:&nbsp;<a href=\"tel:+49 (6106) 693-2009\">+49 (6106) 693-2009<\/a>&nbsp;<br>E-Mail:&nbsp;<a href=\"mailto:gemeinwesenarbeit@rodgau.de\">gemeinwesenarbeit@rodgau.de<\/a>&nbsp;<\/p>\n","protected":false},"excerpt":{"rendered":"<p>Text: Gemeinwesenarbeit Stadt Rodgau &#8211; Stadtteilb\u00fcro Nieder-Roden Liebe Bewohnerinnen und Bewohner, liebe Netzwerkerinnen und Netzwerker, wir laden Sie herzlich zum n\u00e4chsten Stadtteiltreffen am Montag, 03.11.2025, um 18:00 Uhr im Sozialzentrum &#8211; Raum 3 ein. Tagesordnung 1. Themen aus dem Stadtteilb\u00fcro 2. Ihre mitgebrachten Themen, bzw. Veranstaltungen 3. Verschiedenes Wir freuen uns auf den Austausch mit &hellip; <\/p>\n<p><a class=\"more-link btn\" href=\"https:\/\/heimatverein-nieder-roden.de\/?p=8335\">Weiterlesen<\/a><\/p>\n","protected":false},"author":1,"featured_media":8246,"comment_status":"closed","ping_status":"closed","sticky":false,"template":"","format":"standard","meta":{"_coblocks_attr":"","_coblocks_dimensions":"","_coblocks_responsive_height":"","_coblocks_accordion_ie_support":"","footnotes":"","_share_on_mastodon":"0"},"categories":[6,574,97],"tags":[468,575,75,689,442,636,240,573,576],"class_list":["post-8335","post","type-post","status-publish","format-standard","has-post-thumbnail","hentry","category-aktuell","category-gemeinwesenarbeit","category-slider","tag-gemeinwesenarbeit-rodgau","tag-netzwerktreffen","tag-puiseauxplatz","tag-sabrina-grab-achard","tag-sozialzentrum","tag-stadt-rodgau-fachbereich-kommunales-bildungsmanagement","tag-stadtentwicklung","tag-stadtteilbuero","tag-stadtteiltreff","nodate"],"share_on_mastodon":{"url":"","error":""},"publishpress_future_action":{"enabled":false,"date":"2026-05-07 01:03:24","action":"category-remove","newStatus":"draft","terms":[],"taxonomy":"category","extraData":[]},"publishpress_future_workflow_manual_trigger":{"enabledWorkflows":[]},"_links":{"self":[{"href":"https:\/\/heimatverein-nieder-roden.de\/index.php?rest_route=\/wp\/v2\/posts\/8335","targetHints":{"allow":["GET"]}}],"collection":[{"href":"https:\/\/heimatverein-nieder-roden.de\/index.php?rest_route=\/wp\/v2\/posts"}],"about":[{"href":"https:\/\/heimatverein-nieder-roden.de\/index.php?rest_route=\/wp\/v2\/types\/post"}],"author":[{"embeddable":true,"href":"https:\/\/heimatverein-nieder-roden.de\/index.php?rest_route=\/wp\/v2\/users\/1"}],"replies":[{"embeddable":true,"href":"https:\/\/heimatverein-nieder-roden.de\/index.php?rest_route=%2Fwp%2Fv2%2Fcomments&post=8335"}],"version-history":[{"count":1,"href":"https:\/\/heimatverein-nieder-roden.de\/index.php?rest_route=\/wp\/v2\/posts\/8335\/revisions"}],"predecessor-version":[{"id":8336,"href":"https:\/\/heimatverein-nieder-roden.de\/index.php?rest_route=\/wp\/v2\/posts\/8335\/revisions\/8336"}],"wp:featuredmedia":[{"embeddable":true,"href":"https:\/\/heimatverein-nieder-roden.de\/index.php?rest_route=\/wp\/v2\/media\/8246"}],"wp:attachment":[{"href":"https:\/\/heimatverein-nieder-roden.de\/index.php?rest_route=%2Fwp%2Fv2%2Fmedia&parent=8335"}],"wp:term":[{"taxonomy":"category","embeddable":true,"href":"https:\/\/heimatverein-nieder-roden.de\/index.php?rest_route=%2Fwp%2Fv2%2Fcategories&post=8335"},{"taxonomy":"post_tag","embeddable":true,"href":"https:\/\/heimatverein-nieder-roden.de\/index.php?rest_route=%2Fwp%2Fv2%2Ftags&post=8335"}],"curies":[{"name":"wp","href":"https:\/\/api.w.org\/{rel}","templated":true}]}}