{"id":8325,"date":"2025-10-29T21:25:09","date_gmt":"2025-10-29T20:25:09","guid":{"rendered":"https:\/\/heimatverein-nieder-roden.de\/?p=8325"},"modified":"2025-11-27T09:58:58","modified_gmt":"2025-11-27T08:58:58","slug":"nirreraeirer-comic-der-strumpfdieb-von-nieder-roden-buchvorstellung-am-15-november","status":"publish","type":"post","link":"https:\/\/heimatverein-nieder-roden.de\/?p=8325","title":{"rendered":"Nirrer\u00e4irer Comic: &#8222;Der Strumpfdieb von Nieder-Roden&#8220; &#8211; Buchvorstellung am 15. November"},"content":{"rendered":"\n<p><strong>Aale unn neue Geschischde aus\u2019m Ort<\/strong><\/p>\n\n\n\n<p>Eine Comic-Geschichte rund um Hist\u00f6rchen aus Rodgau Nieder-Roden. Dieses Buch sch\u00f6pft aus Geschichten von Nieder-R\u00f6der B\u00fcrger:innen.<\/p>\n\n\n\n<p>Auch Mitglieder des Heimatvereins haben Geschichten aus ihrem Leben beigetragen. Es lohnt sich also ein Exemplar zu ergattern.<\/p>\n\n\n\n<p>Mit der Buchvorstellung wird auch eine begleitende Ausstellung mit Comic-Motiven im Sozialzentrum er\u00f6ffnet.  Dabei werden Bilder und B\u00fccher versteigert f\u00fcr einen guten Zweck.<\/p>\n\n\n<div class=\"wp-block-image\">\n<figure class=\"aligncenter size-large is-resized\"><a href=\"https:\/\/heimatverein-nieder-roden.de\/wp-content\/uploads\/2025\/10\/Buchvorstellung_Der-Strumpfdieb-von-Nieder-Roden_Flyer_A6.jpg\"><img decoding=\"async\" width=\"726\" height=\"1024\" src=\"https:\/\/heimatverein-nieder-roden.de\/wp-content\/uploads\/2025\/10\/Buchvorstellung_Der-Strumpfdieb-von-Nieder-Roden_Flyer_A6-726x1024.jpg\" alt=\"\" class=\"wp-image-8326\" style=\"width:470px;height:auto\" srcset=\"https:\/\/heimatverein-nieder-roden.de\/wp-content\/uploads\/2025\/10\/Buchvorstellung_Der-Strumpfdieb-von-Nieder-Roden_Flyer_A6-726x1024.jpg 726w, https:\/\/heimatverein-nieder-roden.de\/wp-content\/uploads\/2025\/10\/Buchvorstellung_Der-Strumpfdieb-von-Nieder-Roden_Flyer_A6-213x300.jpg 213w, https:\/\/heimatverein-nieder-roden.de\/wp-content\/uploads\/2025\/10\/Buchvorstellung_Der-Strumpfdieb-von-Nieder-Roden_Flyer_A6-768x1083.jpg 768w, https:\/\/heimatverein-nieder-roden.de\/wp-content\/uploads\/2025\/10\/Buchvorstellung_Der-Strumpfdieb-von-Nieder-Roden_Flyer_A6-1090x1536.jpg 1090w, https:\/\/heimatverein-nieder-roden.de\/wp-content\/uploads\/2025\/10\/Buchvorstellung_Der-Strumpfdieb-von-Nieder-Roden_Flyer_A6-836x1178.jpg 836w, https:\/\/heimatverein-nieder-roden.de\/wp-content\/uploads\/2025\/10\/Buchvorstellung_Der-Strumpfdieb-von-Nieder-Roden_Flyer_A6-560x789.jpg 560w, https:\/\/heimatverein-nieder-roden.de\/wp-content\/uploads\/2025\/10\/Buchvorstellung_Der-Strumpfdieb-von-Nieder-Roden_Flyer_A6.jpg 1240w\" sizes=\"(max-width: 726px) 100vw, 726px\" \/><\/a><figcaption class=\"wp-element-caption\">Flyer zur Buchvorstellung, Vernissage und Versteigerung zum Comic &#8222;Der Strumpfdieb von Nieder-Roden&#8220;\n\u00a9Pirkko Cremer<\/figcaption><\/figure>\n<\/div>\n\n\n<h3 class=\"wp-block-heading\">Worum geht es?<\/h3>\n\n\n\n<p>Silja sucht ihre Str\u00fcmpfe. Immer fehlt einer. Verflixt! Wer hat die Str\u00fcmpfe geklaut? Hat so ein Strumpfdieb einen R\u00fcssel? Oder ganz viele Haare? Ob der auch Schuhe frisst? Im Treppenhaus lernt sie Mohammed kennen. Und der hat einen Freund in der sogenannten \u201eChina-Mauer\u201c. Zu dritt erforschen sie die Gegend und sto\u00dfen dabei auf vielerlei Geschichten aus ihrem Ort.<\/p>\n\n\n\n<p>Ein Mord? In der Schulstra\u00dfe? Und wer war eigentlich der \u201eKohle-Peter\u201c? Letztendlich: Wer klaut denn nun die Str\u00fcmpfe?<\/p>\n\n\n\n<p>Die Leserschaft erh\u00e4lt einen Einblick in den Kosmos dreier Kinder. Die Welt ist gro\u00df, das Leben liegt vor ihnen wie ein bunter Teppich. Ihr Alltag und ihre Abenteuerlust bringen uns Nieder-Roden mit einem Zwinkern in den Augen sehr nahe.<\/p>\n\n\n\n<hr class=\"wp-block-separator has-alpha-channel-opacity is-style-wide\"\/>\n\n\n\n<p class=\"has-text-align-center\"><em>Unterst\u00fctzt durch das Projekt \u201eZuhause im Zentrum\u201c:<\/em><\/p>\n\n\n\n<p class=\"has-text-align-center\"><em> Mit &#8222;Zuhause im Zentrum&#8220; wurde im Herbst 2022 der Rodgauer Stadtteil Nieder-Roden in das Bundesf\u00f6rderprogramm \u201eZukunftsf\u00e4hige Innenst\u00e4dte und Zentren\u201c (ZIZ) aufgenommen. <\/em><br><em>Das Projekt hat die zukunftsf\u00e4hige und nachhaltige Entwicklung und Belebung des Stadteilzentrums im Fokus.<\/em><\/p>\n\n\n<div class=\"wp-block-image\">\n<figure class=\"aligncenter size-large is-resized has-lightbox\"><a href=\"https:\/\/ziz-nieder-roden.de\/\" target=\"_blank\" rel=\" noreferrer noopener\"><img decoding=\"async\" width=\"1024\" height=\"486\" src=\"https:\/\/heimatverein-nieder-roden.de\/wp-content\/uploads\/2024\/11\/Zuhause-im-Zentrum-ZIZ_Logo_-1024x486.png\" alt=\"\" class=\"wp-image-7679\" style=\"width:413px;height:auto\" srcset=\"https:\/\/heimatverein-nieder-roden.de\/wp-content\/uploads\/2024\/11\/Zuhause-im-Zentrum-ZIZ_Logo_-1024x486.png 1024w, https:\/\/heimatverein-nieder-roden.de\/wp-content\/uploads\/2024\/11\/Zuhause-im-Zentrum-ZIZ_Logo_-300x142.png 300w, https:\/\/heimatverein-nieder-roden.de\/wp-content\/uploads\/2024\/11\/Zuhause-im-Zentrum-ZIZ_Logo_-768x364.png 768w, https:\/\/heimatverein-nieder-roden.de\/wp-content\/uploads\/2024\/11\/Zuhause-im-Zentrum-ZIZ_Logo_-1536x728.png 1536w, https:\/\/heimatverein-nieder-roden.de\/wp-content\/uploads\/2024\/11\/Zuhause-im-Zentrum-ZIZ_Logo_-2048x971.png 2048w, https:\/\/heimatverein-nieder-roden.de\/wp-content\/uploads\/2024\/11\/Zuhause-im-Zentrum-ZIZ_Logo_-836x396.png 836w, https:\/\/heimatverein-nieder-roden.de\/wp-content\/uploads\/2024\/11\/Zuhause-im-Zentrum-ZIZ_Logo_-560x266.png 560w\" sizes=\"(max-width: 1024px) 100vw, 1024px\" \/><\/a><figcaption class=\"wp-element-caption\">Das Logo des Projektes &#8222;Zuhause im Zentrum&#8220;.<br>Klicken Sie f\u00fcr weitere Informationen.<br>\u00a9Stadt Rodgau<\/figcaption><\/figure>\n<\/div>\n\n\n<hr class=\"wp-block-separator has-alpha-channel-opacity is-style-wide\"\/>\n\n\n\n<p>Verehrte Leserinnen und Leser! Auf den folgenden Seiten versammeln sich alte und neue Geschichten aus Nieder-Roden. Berichte aus mehreren Jahrzehnten stricken ein Bild aus Erz\u00e4hlungen von Ur-Nieder-R\u00f6der:innen und Zugezogenen. Jedes Gespr\u00e4ch war besonders und bewegend. Einige Erlebnisse finden sich in der gezeichneten Geschichte, andere am Ende des Buches, wo Alt- und Neu-b\u00fcrger:innen Berichte \u00fcber ihr Ankommen und ihr Bleiben hinterlassen.<\/p>\n\n\n\n<p>Somit also an dieser Stelle unseren innigsten Dank an das ZIZ f\u00fcr die Verwirklichung des Projekts, an das Team der Gemeinwesenarbeit, welches in vermittelnder Weise geholfen hat, und an alle Mitwirkenden!<\/p>\n\n\n<div class=\"wp-block-image\">\n<figure class=\"aligncenter size-large is-resized\"><img decoding=\"async\" width=\"1024\" height=\"360\" src=\"https:\/\/heimatverein-nieder-roden.de\/wp-content\/uploads\/2024\/02\/gemeinwesenarbeit_hessen_logo-1024x360.png\" alt=\"\" class=\"wp-image-6526\" style=\"width:592px;height:auto\" srcset=\"https:\/\/heimatverein-nieder-roden.de\/wp-content\/uploads\/2024\/02\/gemeinwesenarbeit_hessen_logo-1024x360.png 1024w, https:\/\/heimatverein-nieder-roden.de\/wp-content\/uploads\/2024\/02\/gemeinwesenarbeit_hessen_logo-300x105.png 300w, https:\/\/heimatverein-nieder-roden.de\/wp-content\/uploads\/2024\/02\/gemeinwesenarbeit_hessen_logo-768x270.png 768w, https:\/\/heimatverein-nieder-roden.de\/wp-content\/uploads\/2024\/02\/gemeinwesenarbeit_hessen_logo-836x294.png 836w, https:\/\/heimatverein-nieder-roden.de\/wp-content\/uploads\/2024\/02\/gemeinwesenarbeit_hessen_logo-560x197.png 560w, https:\/\/heimatverein-nieder-roden.de\/wp-content\/uploads\/2024\/02\/gemeinwesenarbeit_hessen_logo.png 1196w\" sizes=\"(max-width: 1024px) 100vw, 1024px\" \/><figcaption class=\"wp-element-caption\">Logo der Servicestelle Gemeinwesenarbeit der Landesarbeitsgemeinschaft Soziale Brennpunkte Hessen e.V.<\/figcaption><\/figure>\n<\/div>\n\n\n<p>Wir alle kommen von irgendwoher und suchen nach dem Gef\u00fchl, zu Hause zu sein. Was verbinden wir mit Heimat und Identit\u00e4t? Mit dieser Frage besch\u00e4ftigt sich das Buch. Vor allem aber ist es eine Geschichte \u00fcber Nieder-Roden, Erinnerungen an die Kindheit, die alte TGN-Halle, die Bimmelbahn, den Bahnhof, die Linde, die Rodau, den R\u00f6hren-Spielplatz und den Kiessee.<\/p>\n\n\n\n<p>Vielleicht erkennen Sie sich wieder!<\/p>\n\n\n\n<div class=\"wp-block-columns is-layout-flex wp-container-core-columns-is-layout-9d6595d7 wp-block-columns-is-layout-flex\">\n<div class=\"wp-block-column is-layout-flow wp-block-column-is-layout-flow\" style=\"flex-basis:33.34%\">\n<p><em>Idee, Story, Text und Recherche:<br><\/em>Pirkko Cremer<\/p>\n<\/div>\n\n\n\n<div class=\"wp-block-column is-layout-flow wp-block-column-is-layout-flow\" style=\"flex-basis:33.34%\">\n<p><em>Illustration<\/em>:<br>Christian Sch\u00fctte<\/p>\n<\/div>\n\n\n\n<div class=\"wp-block-column is-layout-flow wp-block-column-is-layout-flow\" style=\"flex-basis:33.33%\">\n<p><em>Gestaltung<\/em>:<br>Tobias Boos<\/p>\n<\/div>\n<\/div>\n\n\n\n<hr class=\"wp-block-separator has-alpha-channel-opacity is-style-wide\"\/>\n\n\n\n<p><strong>Autorin<\/strong><\/p>\n\n\n\n<p>Die diplomierte Schauspielerin Pirkko Cremer studierte an der Hochschule f\u00fcr Musik und Darstellende Kunst in Frankfurt am Main und spielt regelm\u00e4\u00dfig an der Frankfurter Volksb\u00fchne. Sie schreibt selbst und f\u00fchrt Regie. Zudem arbeitet sie im Goethe-Haus und erfindet mit Tobias Boos (boos+cremer) Parallelwelten im fotografischen Bereich.<\/p>\n\n\n\n<p><strong>Illustrator<\/strong><\/p>\n\n\n\n<p>Der diplomierte Grafikdesigner und Illustrator Christian Sch\u00fctte lernte sein Handwerk der Visuellen Kommunikation an der Hochschule f\u00fcr Gestaltung in Offenbach am Main. Er arbeitet selbstst\u00e4ndig f\u00fcr Verlage, Werbeagenturen und Firmen. Mit seiner Familie lebt er in Rodgau Dudenhofen. In seiner Freizeit musiziert er gerne.<\/p>\n\n\n\n<p><strong>Gestalter<\/strong><\/p>\n\n\n\n<p>Tobias Boos ist freiberuflicher Kommunikationsdesigner und Kulturschaffender. Er erhielt sein Diplom an der Fachhochschule in Wiesbaden\/ Fachbereich Gestaltung. Neben der Gestaltung von Printmedien und einer langj\u00e4hrigen Berufst\u00e4tigkeit in einer Druckerei ist sein Schaffen gepr\u00e4gt von kreativen Beteiligungsprojekten in mannigfaltigen Richtungen.<\/p>\n\n\n\n<p class=\"is-style-info\">Beitrag erstellt mit freundlicher Genehmigung und Unterst\u00fctzung von Pirkko Cremer.<br>Vielen Dank!<\/p>\n","protected":false},"excerpt":{"rendered":"<p>Aale unn neue Geschischde aus\u2019m Ort Eine Comic-Geschichte rund um Hist\u00f6rchen aus Rodgau Nieder-Roden. Dieses Buch sch\u00f6pft aus Geschichten von Nieder-R\u00f6der B\u00fcrger:innen. Auch Mitglieder des Heimatvereins haben Geschichten aus ihrem Leben beigetragen. Es lohnt sich also ein Exemplar zu ergattern. Mit der Buchvorstellung wird auch eine begleitende Ausstellung mit Comic-Motiven im Sozialzentrum er\u00f6ffnet. Dabei werden &hellip; <\/p>\n<p><a class=\"more-link btn\" href=\"https:\/\/heimatverein-nieder-roden.de\/?p=8325\">Weiterlesen<\/a><\/p>\n","protected":false},"author":1,"featured_media":8332,"comment_status":"closed","ping_status":"closed","sticky":false,"template":"","format":"standard","meta":{"_coblocks_attr":"","_coblocks_dimensions":"","_coblocks_responsive_height":"","_coblocks_accordion_ie_support":"","footnotes":"","_share_on_mastodon":"0"},"categories":[6,574,684,97],"tags":[302,686,687,685,75,442,688],"class_list":["post-8325","post","type-post","status-publish","format-standard","has-post-thumbnail","hentry","category-aktuell","category-gemeinwesenarbeit","category-pirkko-cremer","category-slider","tag-buchvorstellung","tag-christian-schuette","tag-der-strumpfdieb-von-nieder-roden","tag-pirkko-cremer","tag-puiseauxplatz","tag-sozialzentrum","tag-tobias-boos","nodate"],"share_on_mastodon":{"url":"","error":""},"publishpress_future_action":{"enabled":false,"date":"2026-05-07 07:41:47","action":"category-remove","newStatus":"draft","terms":[],"taxonomy":"category","extraData":[]},"publishpress_future_workflow_manual_trigger":{"enabledWorkflows":[]},"_links":{"self":[{"href":"https:\/\/heimatverein-nieder-roden.de\/index.php?rest_route=\/wp\/v2\/posts\/8325","targetHints":{"allow":["GET"]}}],"collection":[{"href":"https:\/\/heimatverein-nieder-roden.de\/index.php?rest_route=\/wp\/v2\/posts"}],"about":[{"href":"https:\/\/heimatverein-nieder-roden.de\/index.php?rest_route=\/wp\/v2\/types\/post"}],"author":[{"embeddable":true,"href":"https:\/\/heimatverein-nieder-roden.de\/index.php?rest_route=\/wp\/v2\/users\/1"}],"replies":[{"embeddable":true,"href":"https:\/\/heimatverein-nieder-roden.de\/index.php?rest_route=%2Fwp%2Fv2%2Fcomments&post=8325"}],"version-history":[{"count":3,"href":"https:\/\/heimatverein-nieder-roden.de\/index.php?rest_route=\/wp\/v2\/posts\/8325\/revisions"}],"predecessor-version":[{"id":8334,"href":"https:\/\/heimatverein-nieder-roden.de\/index.php?rest_route=\/wp\/v2\/posts\/8325\/revisions\/8334"}],"wp:featuredmedia":[{"embeddable":true,"href":"https:\/\/heimatverein-nieder-roden.de\/index.php?rest_route=\/wp\/v2\/media\/8332"}],"wp:attachment":[{"href":"https:\/\/heimatverein-nieder-roden.de\/index.php?rest_route=%2Fwp%2Fv2%2Fmedia&parent=8325"}],"wp:term":[{"taxonomy":"category","embeddable":true,"href":"https:\/\/heimatverein-nieder-roden.de\/index.php?rest_route=%2Fwp%2Fv2%2Fcategories&post=8325"},{"taxonomy":"post_tag","embeddable":true,"href":"https:\/\/heimatverein-nieder-roden.de\/index.php?rest_route=%2Fwp%2Fv2%2Ftags&post=8325"}],"curies":[{"name":"wp","href":"https:\/\/api.w.org\/{rel}","templated":true}]}}