{"id":8313,"date":"2025-10-23T09:55:43","date_gmt":"2025-10-23T07:55:43","guid":{"rendered":"https:\/\/heimatverein-nieder-roden.de\/?p=8313"},"modified":"2025-10-29T21:33:37","modified_gmt":"2025-10-29T20:33:37","slug":"polyhymnia-konzert-deutschlandreise-am-1-2-november","status":"publish","type":"post","link":"https:\/\/heimatverein-nieder-roden.de\/?p=8313","title":{"rendered":"Polyhymnia-Konzert &#8222;Deutschlandreise&#8220; am 1.\/2. November"},"content":{"rendered":"\n<p class=\"is-style-info\">Text: S\u00e4ngervereinigung S\u00e4ngerkranz Polyhymnia Nieder-Roden<\/p>\n\n\n\n<h3 class=\"wp-block-heading\">Von Brahms bis Bad Orb \u2013 Deutschlandreise mit \u00dcberraschungen<\/h3>\n\n\n\n<p><strong>Eine musikalische \u201eDeutschlandreise\u201c bieten die Polyhymnia-Ch\u00f6re ihrem Konzertpublikum am Wochenende 1.\/2. November. Der Vorverkauf hat begonnen.<\/strong><\/p>\n\n\n<div class=\"wp-block-image\">\n<figure class=\"aligncenter size-full has-lightbox\"><a href=\"www.po-ly-hym-ni-a.de\" target=\"_blank\" rel=\"noreferrer noopener\"><img decoding=\"async\" width=\"452\" height=\"449\" src=\"https:\/\/heimatverein-nieder-roden.de\/wp-content\/uploads\/2022\/04\/Polyhymnia-NR_Logo.jpg\" alt=\"\" class=\"wp-image-4069\" srcset=\"https:\/\/heimatverein-nieder-roden.de\/wp-content\/uploads\/2022\/04\/Polyhymnia-NR_Logo.jpg 452w, https:\/\/heimatverein-nieder-roden.de\/wp-content\/uploads\/2022\/04\/Polyhymnia-NR_Logo-300x298.jpg 300w, https:\/\/heimatverein-nieder-roden.de\/wp-content\/uploads\/2022\/04\/Polyhymnia-NR_Logo-150x150.jpg 150w\" sizes=\"(max-width: 452px) 100vw, 452px\" \/><\/a><figcaption class=\"wp-element-caption\">Logo der Polyhymnia. Klicken Sie um zur Internetseite zu gelangen.<br>\u00a9Polyhymnia Nieder-Roden<\/figcaption><\/figure>\n<\/div>\n\n\n<p>Ein Markenzeichen der drei Ch\u00f6re ist ihre Vielseitigkeit. Die Bandbreite reicht von Johannes Brahms bis zu den Rodgau Monotones. Ein spritziges Renaissance-Lied aus dem 15. Jahrhundert steht ebenso auf dem Programm wie ein Ohrwurm-Hit von Herbert Gr\u00f6nemeyer: viele St\u00fccke a-cappella, die anderen mit Klavierbegleitung.<\/p>\n\n\n\n<p>Bayern, Berlin und Bad Orb sind drei markante Stationen dieser musikalischen Reise. Damit setzt der Verein seine kleine L\u00e4nderreihe fort, die er im vergangenen Jahr mit \u201eViva Italia\u201c begonnen hat. B\u00fchnenbild und Bewirtung passen zum Motto und erg\u00e4nzen das Musikerlebnis.<\/p>\n\n\n\n<p>Der Kinderchor der Gartenstadtschule bereichert das Konzert mit einem Gastauftritt. Bereits beim Musicalkonzert vor drei Jahren hatten die Schulkinder mit ihrer fr\u00f6hlichen Ausstrahlung die Herzen des Publikums erobert.<\/p>\n\n\n\n<figure class=\"wp-block-pullquote\"><blockquote><p><strong>Was?<br><\/strong>Konzert \u201eDeutschlandreise\u201c <br>der Polyhymnia Nieder-Roden<br><br><strong>Wann?<br><\/strong>Samstag, 1. November 2025 &#8211; 19:00 Uhr<br>Sonntag, 2. November 2025 &#8211; 16:00 Uhr<br><br><strong>Wo?<br><\/strong>B\u00fcrgerhaus Nieder-Roden<br>R\u00f6merstra\u00dfe 15<br>63110 Rodgau<br><\/p><\/blockquote><\/figure>\n\n\n\n<p>Ein weiterer musikalischer Gast ist der M\u00e4nnerchor des Gesangvereins Edelwei\u00df aus Alzenau-Michelbach, mit dem sich die Polyhymnia den Chorleiter teilt. Gottfried K\u00e4rner steht seit 32 Jahren in Nieder-Roden am Dirigentenpult \u2013 und in Michelbach sogar seit 40 Jahren.<\/p>\n\n\n\n<p>Die beiden Konzerte im B\u00fcrgerhaus Nieder-Roden gehen am Samstag, 1. November, um 19 Uhr und am Sonntag, 2. November, um 16 Uhr \u00fcber die B\u00fchne.<\/p>\n\n\n\n<p> Die Bewirtung beginnt bereits zwei Stunden vorher.<\/p>\n\n\n\n<p>Eine Woche sp\u00e4ter ist die \u201eDeutschlandreise\u201c in Alzenau zu erleben, und zwar am Samstag, 8. November, um 19 Uhr in der Schulturnhalle Michelbach. Die einzige \u00c4nderung: Der Kinderchor der Gartenstadtschule ist dann nicht dabei.<\/p>\n\n\n<div class=\"wp-block-image\">\n<figure class=\"aligncenter size-full is-resized has-lightbox\"><a href=\"https:\/\/www.thalia.de\/buchhandlung\/5778\" target=\"_blank\" rel=\" noreferrer noopener\"><img decoding=\"async\" width=\"415\" height=\"283\" src=\"https:\/\/heimatverein-nieder-roden.de\/wp-content\/uploads\/2021\/11\/Logo_GartenstadtBuecher_cmyk_300dpi-klein.jpg\" alt=\"\" class=\"wp-image-3290\" style=\"width:385px;height:auto\" srcset=\"https:\/\/heimatverein-nieder-roden.de\/wp-content\/uploads\/2021\/11\/Logo_GartenstadtBuecher_cmyk_300dpi-klein.jpg 415w, https:\/\/heimatverein-nieder-roden.de\/wp-content\/uploads\/2021\/11\/Logo_GartenstadtBuecher_cmyk_300dpi-klein-300x205.jpg 300w\" sizes=\"(max-width: 415px) 100vw, 415px\" \/><\/a><figcaption class=\"wp-element-caption\">Gartenstadt-B\u00fccher &#8211; Die Buchhandlung in Nieder-Roden.<br>Mit einem Klick gelangen Sie auf die Internetseite.<\/figcaption><\/figure>\n<\/div>\n\n\n<h2 class=\"wp-block-heading\">Tickets<\/h2>\n\n\n\n<p>Eintrittskarten f\u00fcr die Konzerte in Rodgau sind hier erh\u00e4ltlich:<\/p>\n\n\n\n<ul class=\"wp-block-list\">\n<li>Gartenstadt-B\u00fccher<\/li>\n\n\n\n<li>B\u00fccherstube J\u00fcgesheim<\/li>\n\n\n\n<li>Abendkasse<br><\/li>\n<\/ul>\n\n\n\n<h3 class=\"wp-block-heading\">Preise<\/h3>\n\n\n\n<ul class=\"wp-block-list\">\n<li>20 Euro im \u00f6rtlichen Buchhandel <\/li>\n\n\n\n<li>22 Euro an der Abendkasse<\/li>\n<\/ul>\n\n\n\n<p><\/p>\n\n\n\n<figure class=\"wp-block-image size-large\"><a href=\"https:\/\/heimatverein-nieder-roden.de\/wp-content\/uploads\/2025\/10\/Polyhymnia_Konzert-2025-11_Deutschlandreise_Flugblatt_1080px.jpg\"><img decoding=\"async\" width=\"1024\" height=\"509\" src=\"https:\/\/heimatverein-nieder-roden.de\/wp-content\/uploads\/2025\/10\/Polyhymnia_Konzert-2025-11_Deutschlandreise_Flugblatt_1080px-1024x509.jpg\" alt=\"\" class=\"wp-image-8318\" srcset=\"https:\/\/heimatverein-nieder-roden.de\/wp-content\/uploads\/2025\/10\/Polyhymnia_Konzert-2025-11_Deutschlandreise_Flugblatt_1080px-1024x509.jpg 1024w, https:\/\/heimatverein-nieder-roden.de\/wp-content\/uploads\/2025\/10\/Polyhymnia_Konzert-2025-11_Deutschlandreise_Flugblatt_1080px-300x149.jpg 300w, https:\/\/heimatverein-nieder-roden.de\/wp-content\/uploads\/2025\/10\/Polyhymnia_Konzert-2025-11_Deutschlandreise_Flugblatt_1080px-768x382.jpg 768w, https:\/\/heimatverein-nieder-roden.de\/wp-content\/uploads\/2025\/10\/Polyhymnia_Konzert-2025-11_Deutschlandreise_Flugblatt_1080px-836x416.jpg 836w, https:\/\/heimatverein-nieder-roden.de\/wp-content\/uploads\/2025\/10\/Polyhymnia_Konzert-2025-11_Deutschlandreise_Flugblatt_1080px-418x209.jpg 418w, https:\/\/heimatverein-nieder-roden.de\/wp-content\/uploads\/2025\/10\/Polyhymnia_Konzert-2025-11_Deutschlandreise_Flugblatt_1080px-560x278.jpg 560w, https:\/\/heimatverein-nieder-roden.de\/wp-content\/uploads\/2025\/10\/Polyhymnia_Konzert-2025-11_Deutschlandreise_Flugblatt_1080px.jpg 1080w\" sizes=\"(max-width: 1024px) 100vw, 1024px\" \/><\/a><figcaption class=\"wp-element-caption\">Flugblatt zum Konzert &#8222;Deutschlandreise&#8220; 2025. \u00a9Polyhymnia Nieder-Roden<\/figcaption><\/figure>\n","protected":false},"excerpt":{"rendered":"<p>Eine musikalische \u201eDeutschlandreise\u201c bieten die Polyhymnia-Ch\u00f6re ihrem Konzertpublikum am Wochenende 1.\/2. November. Der Vorverkauf hat begonnen.<\/p><p><a class=\"more-link btn\" href=\"https:\/\/heimatverein-nieder-roden.de\/?p=8313\">Weiterlesen<\/a><\/p>\n","protected":false},"author":1,"featured_media":8322,"comment_status":"closed","ping_status":"closed","sticky":false,"template":"","format":"standard","meta":{"_coblocks_attr":"","_coblocks_dimensions":"","_coblocks_responsive_height":"","_coblocks_accordion_ie_support":"","footnotes":"","_share_on_mastodon":"0"},"categories":[6,394,97],"tags":[329,197,683,248,249],"class_list":["post-8313","post","type-post","status-publish","format-standard","has-post-thumbnail","hentry","category-aktuell","category-polyhymnia","category-slider","tag-buergerhaus-nieder-roden","tag-gartenstadt-buecher","tag-gartenstadtschule","tag-polyhymnia","tag-saengervereinigung-saengerkranz-polyhymnia-nieder-roden","nodate"],"share_on_mastodon":{"url":"","error":""},"publishpress_future_action":{"enabled":false,"date":"2026-05-07 02:14:59","action":"category-remove","newStatus":"draft","terms":[],"taxonomy":"category","extraData":[]},"publishpress_future_workflow_manual_trigger":{"enabledWorkflows":[]},"_links":{"self":[{"href":"https:\/\/heimatverein-nieder-roden.de\/index.php?rest_route=\/wp\/v2\/posts\/8313","targetHints":{"allow":["GET"]}}],"collection":[{"href":"https:\/\/heimatverein-nieder-roden.de\/index.php?rest_route=\/wp\/v2\/posts"}],"about":[{"href":"https:\/\/heimatverein-nieder-roden.de\/index.php?rest_route=\/wp\/v2\/types\/post"}],"author":[{"embeddable":true,"href":"https:\/\/heimatverein-nieder-roden.de\/index.php?rest_route=\/wp\/v2\/users\/1"}],"replies":[{"embeddable":true,"href":"https:\/\/heimatverein-nieder-roden.de\/index.php?rest_route=%2Fwp%2Fv2%2Fcomments&post=8313"}],"version-history":[{"count":5,"href":"https:\/\/heimatverein-nieder-roden.de\/index.php?rest_route=\/wp\/v2\/posts\/8313\/revisions"}],"predecessor-version":[{"id":8338,"href":"https:\/\/heimatverein-nieder-roden.de\/index.php?rest_route=\/wp\/v2\/posts\/8313\/revisions\/8338"}],"wp:featuredmedia":[{"embeddable":true,"href":"https:\/\/heimatverein-nieder-roden.de\/index.php?rest_route=\/wp\/v2\/media\/8322"}],"wp:attachment":[{"href":"https:\/\/heimatverein-nieder-roden.de\/index.php?rest_route=%2Fwp%2Fv2%2Fmedia&parent=8313"}],"wp:term":[{"taxonomy":"category","embeddable":true,"href":"https:\/\/heimatverein-nieder-roden.de\/index.php?rest_route=%2Fwp%2Fv2%2Fcategories&post=8313"},{"taxonomy":"post_tag","embeddable":true,"href":"https:\/\/heimatverein-nieder-roden.de\/index.php?rest_route=%2Fwp%2Fv2%2Ftags&post=8313"}],"curies":[{"name":"wp","href":"https:\/\/api.w.org\/{rel}","templated":true}]}}