{"id":8311,"date":"2025-10-29T21:20:15","date_gmt":"2025-10-29T20:20:15","guid":{"rendered":"https:\/\/heimatverein-nieder-roden.de\/?p=8311"},"modified":"2025-10-29T21:26:08","modified_gmt":"2025-10-29T20:26:08","slug":"hinschauen-und-erinnern-gedenken-an-den-87-jahrestag-der-reichspogromnacht","status":"publish","type":"post","link":"https:\/\/heimatverein-nieder-roden.de\/?p=8311","title":{"rendered":"Hinschauen und Erinnern &#8211; Gedenken an den 87. Jahrestag der Reichspogromnacht &#8211; 11. November"},"content":{"rendered":"\n<p class=\"is-style-info\">Text: Heimat- und Geschichtsverein Weiskirchen e. V.<\/p>\n\n\n\n<p>In der Nacht vom 9. auf den 10. November 1938 brannten in Deutschland die Synagogen<br>und Beth\u00e4user. Viele j\u00fcdische Gesch\u00e4fte und Wohnh\u00e4user wurden zerst\u00f6rt oder gepl\u00fcndert, mehr als 1.300 J\u00fcdinnen und Juden wurden in dieser Nacht ermordet. <\/p>\n\n\n\n<p>Die Pogromnacht 1938 bildete den Auftakt zur systematischen Verfolgung und Ermordung der j\u00fcdischen Bev\u00f6lkerung durch das NS-Regime<\/p>\n\n\n\n<p>Zum Gedenken an die j\u00fcdischen Opfer der Shoah aus den ehemaligen Gemeinden der<br>heutigen Stadt Rodgau l\u00e4dt der Heimat und Geschichtsverein Weiskirchen (HGV), in<br>Kooperation mit der Stadt Rodgau, Fachdienst Sport und Kultur, ein.<\/p>\n\n\n<div class=\"wp-block-image\">\n<figure class=\"aligncenter size-large is-resized has-lightbox\"><a href=\"https:\/\/www.heimat-und-geschichtsverein-weiskirchen.de\/\" target=\"_blank\" rel=\" noreferrer noopener\"><img decoding=\"async\" width=\"1024\" height=\"1024\" src=\"https:\/\/heimatverein-nieder-roden.de\/wp-content\/uploads\/2024\/11\/HGV-Weiskirchen_Logo-1024x1024.jpg\" alt=\"\" class=\"wp-image-7651\" style=\"width:257px;height:auto\" srcset=\"https:\/\/heimatverein-nieder-roden.de\/wp-content\/uploads\/2024\/11\/HGV-Weiskirchen_Logo-1024x1024.jpg 1024w, https:\/\/heimatverein-nieder-roden.de\/wp-content\/uploads\/2024\/11\/HGV-Weiskirchen_Logo-300x300.jpg 300w, https:\/\/heimatverein-nieder-roden.de\/wp-content\/uploads\/2024\/11\/HGV-Weiskirchen_Logo-150x150.jpg 150w, https:\/\/heimatverein-nieder-roden.de\/wp-content\/uploads\/2024\/11\/HGV-Weiskirchen_Logo-768x768.jpg 768w, https:\/\/heimatverein-nieder-roden.de\/wp-content\/uploads\/2024\/11\/HGV-Weiskirchen_Logo-836x836.jpg 836w, https:\/\/heimatverein-nieder-roden.de\/wp-content\/uploads\/2024\/11\/HGV-Weiskirchen_Logo-560x560.jpg 560w, https:\/\/heimatverein-nieder-roden.de\/wp-content\/uploads\/2024\/11\/HGV-Weiskirchen_Logo.jpg 1080w\" sizes=\"(max-width: 1024px) 100vw, 1024px\" \/><\/a><\/figure>\n<\/div>\n\n\n<p>In der diesj\u00e4hrigen Gedenkfeier wird besonders an das Schicksal der in J\u00fcgesheim<br>geborenen bzw. dort lebenden j\u00fcdischen Mitb\u00fcrgerinnen und Mitb\u00fcrger, die Opfer des<br>Nationalsozialismus wurden, erinnert.<\/p>\n\n\n<div class=\"wp-block-image\">\n<figure class=\"aligncenter size-full is-resized\"><a href=\"https:\/\/heimatverein-nieder-roden.de\/wp-content\/uploads\/2025\/10\/HGV-Weiskirchen_Gedenken-Pogromnacht-2025_Juedin-Rosa-Reinhard-Juegesheim_Portrait.jpg\"><img decoding=\"async\" width=\"855\" height=\"1412\" src=\"https:\/\/heimatverein-nieder-roden.de\/wp-content\/uploads\/2025\/10\/HGV-Weiskirchen_Gedenken-Pogromnacht-2025_Juedin-Rosa-Reinhard-Juegesheim_Portrait.jpg\" alt=\"\" class=\"wp-image-8329\" style=\"width:366px;height:auto\" srcset=\"https:\/\/heimatverein-nieder-roden.de\/wp-content\/uploads\/2025\/10\/HGV-Weiskirchen_Gedenken-Pogromnacht-2025_Juedin-Rosa-Reinhard-Juegesheim_Portrait.jpg 855w, https:\/\/heimatverein-nieder-roden.de\/wp-content\/uploads\/2025\/10\/HGV-Weiskirchen_Gedenken-Pogromnacht-2025_Juedin-Rosa-Reinhard-Juegesheim_Portrait-182x300.jpg 182w, https:\/\/heimatverein-nieder-roden.de\/wp-content\/uploads\/2025\/10\/HGV-Weiskirchen_Gedenken-Pogromnacht-2025_Juedin-Rosa-Reinhard-Juegesheim_Portrait-620x1024.jpg 620w, https:\/\/heimatverein-nieder-roden.de\/wp-content\/uploads\/2025\/10\/HGV-Weiskirchen_Gedenken-Pogromnacht-2025_Juedin-Rosa-Reinhard-Juegesheim_Portrait-768x1268.jpg 768w, https:\/\/heimatverein-nieder-roden.de\/wp-content\/uploads\/2025\/10\/HGV-Weiskirchen_Gedenken-Pogromnacht-2025_Juedin-Rosa-Reinhard-Juegesheim_Portrait-836x1381.jpg 836w, https:\/\/heimatverein-nieder-roden.de\/wp-content\/uploads\/2025\/10\/HGV-Weiskirchen_Gedenken-Pogromnacht-2025_Juedin-Rosa-Reinhard-Juegesheim_Portrait-560x925.jpg 560w\" sizes=\"(max-width: 855px) 100vw, 855px\" \/><\/a><figcaption class=\"wp-element-caption\">Portrait der J\u00fcdin Rosa Reinhard aus J\u00fcgesheim.\n\u00a9HGV Weiskirchen<\/figcaption><\/figure>\n<\/div>\n\n\n<p>Musikalisch begleitet wird die Veranstaltung von Christian Glaab (Saxophon), Andreas Held<br>(Gitarre) und Winno Sahm (Gesang). <\/p>\n\n\n\n<p><strong>Sie findet am Sonntag, den 9. November 2025 in der ehemaligen Synagoge in Weiskirchen, Hauptstra\u00dfe 57, statt. Beginn ist 17.00 Uhr.<\/strong><\/p>\n\n\n\n<p>Alle Interessierten B\u00fcrgerinnen und B\u00fcrger sind herzlich eingeladen. <\/p>\n\n\n\n<p>Bitte beachten Sie, dass in dem Geb\u00e4ude der ehemaligen Synagoge kein WC vorhanden ist.<\/p>\n\n\n\n<p class=\"is-style-info\">Beitrag erstellt mit freundlicher Unterst\u00fctzung und Genehmigung des Heimat- und Geschichtsvereins Weiskirchen e. V.<br>Vielen Dank!<\/p>\n\n\n\n<p><\/p>\n","protected":false},"excerpt":{"rendered":"<p>Text: Heimat- und Geschichtsverein Weiskirchen e. V. In der Nacht vom 9. auf den 10. November 1938 brannten in Deutschland die Synagogenund Beth\u00e4user. Viele j\u00fcdische Gesch\u00e4fte und Wohnh\u00e4user wurden zerst\u00f6rt oder gepl\u00fcndert, mehr als 1.300 J\u00fcdinnen und Juden wurden in dieser Nacht ermordet. Die Pogromnacht 1938 bildete den Auftakt zur systematischen Verfolgung und Ermordung der &hellip; <\/p>\n<p><a class=\"more-link btn\" href=\"https:\/\/heimatverein-nieder-roden.de\/?p=8311\">Weiterlesen<\/a><\/p>\n","protected":false},"author":1,"featured_media":8330,"comment_status":"closed","ping_status":"closed","sticky":false,"template":"","format":"standard","meta":{"_coblocks_attr":"","_coblocks_dimensions":"","_coblocks_responsive_height":"","_coblocks_accordion_ie_support":"","footnotes":"","_share_on_mastodon":"0"},"categories":[6,443,97],"tags":[109,444,546,549,548,451,547],"class_list":["post-8311","post","type-post","status-publish","format-standard","has-post-thumbnail","hentry","category-aktuell","category-hgv-weiskirchen","category-slider","tag-heimat-und-geschichtsverein-weiskirchen","tag-hgv-weiskirchen","tag-markus-reis","tag-pogromnacht","tag-reichspogromnacht","tag-synagoge","tag-synagoge-weiskirchen","nodate"],"share_on_mastodon":{"url":"","error":""},"publishpress_future_action":{"enabled":false,"date":"2026-05-07 08:18:42","action":"category-remove","newStatus":"draft","terms":[],"taxonomy":"category","extraData":[]},"publishpress_future_workflow_manual_trigger":{"enabledWorkflows":[]},"_links":{"self":[{"href":"https:\/\/heimatverein-nieder-roden.de\/index.php?rest_route=\/wp\/v2\/posts\/8311","targetHints":{"allow":["GET"]}}],"collection":[{"href":"https:\/\/heimatverein-nieder-roden.de\/index.php?rest_route=\/wp\/v2\/posts"}],"about":[{"href":"https:\/\/heimatverein-nieder-roden.de\/index.php?rest_route=\/wp\/v2\/types\/post"}],"author":[{"embeddable":true,"href":"https:\/\/heimatverein-nieder-roden.de\/index.php?rest_route=\/wp\/v2\/users\/1"}],"replies":[{"embeddable":true,"href":"https:\/\/heimatverein-nieder-roden.de\/index.php?rest_route=%2Fwp%2Fv2%2Fcomments&post=8311"}],"version-history":[{"count":3,"href":"https:\/\/heimatverein-nieder-roden.de\/index.php?rest_route=\/wp\/v2\/posts\/8311\/revisions"}],"predecessor-version":[{"id":8337,"href":"https:\/\/heimatverein-nieder-roden.de\/index.php?rest_route=\/wp\/v2\/posts\/8311\/revisions\/8337"}],"wp:featuredmedia":[{"embeddable":true,"href":"https:\/\/heimatverein-nieder-roden.de\/index.php?rest_route=\/wp\/v2\/media\/8330"}],"wp:attachment":[{"href":"https:\/\/heimatverein-nieder-roden.de\/index.php?rest_route=%2Fwp%2Fv2%2Fmedia&parent=8311"}],"wp:term":[{"taxonomy":"category","embeddable":true,"href":"https:\/\/heimatverein-nieder-roden.de\/index.php?rest_route=%2Fwp%2Fv2%2Fcategories&post=8311"},{"taxonomy":"post_tag","embeddable":true,"href":"https:\/\/heimatverein-nieder-roden.de\/index.php?rest_route=%2Fwp%2Fv2%2Ftags&post=8311"}],"curies":[{"name":"wp","href":"https:\/\/api.w.org\/{rel}","templated":true}]}}