{"id":8161,"date":"2025-08-12T17:26:18","date_gmt":"2025-08-12T15:26:18","guid":{"rendered":"https:\/\/heimatverein-nieder-roden.de\/?p=8161"},"modified":"2025-08-15T15:50:21","modified_gmt":"2025-08-15T13:50:21","slug":"museumsoeffnung-am-17-august-ein-nachmittag-mit-geschichte-und-genuss","status":"publish","type":"post","link":"https:\/\/heimatverein-nieder-roden.de\/?p=8161","title":{"rendered":"Museums\u00f6ffnung am 17. August &#8211; Ein Nachmittag mit Geschichte und Genuss"},"content":{"rendered":"\n<p>Am Sonntag, den 17. August 2025, l\u00e4dt der Arbeitskreis f\u00fcr Heimatkunde nach der Sommerpause wieder zu einem regul\u00e4ren \u00d6ffnungstag ein. Im Heimatmuseum Nieder-Roden ist die Jahresausstellung &#8222;120 Jahre Turngemeinde Nieder-Roden&#8220; ge\u00f6ffnet und bietet einen Einblick in die reiche Geschichte und Entwicklung der Turngemeinde Nieder-Roden.<\/p>\n\n\n<div class=\"wp-block-image\">\n<figure class=\"aligncenter size-large is-resized\"><img decoding=\"async\" width=\"1024\" height=\"768\" src=\"https:\/\/heimatverein-nieder-roden.de\/wp-content\/uploads\/2023\/07\/2023-07-09_14-37-19_AKHNR_Museumsoeffnung-2023-07-09-MiMh-Hitzeausfall_FMA_IMG_20230709_143719-1024x768.jpg\" alt=\"\" class=\"wp-image-5320\" style=\"width:489px;height:auto\" srcset=\"https:\/\/heimatverein-nieder-roden.de\/wp-content\/uploads\/2023\/07\/2023-07-09_14-37-19_AKHNR_Museumsoeffnung-2023-07-09-MiMh-Hitzeausfall_FMA_IMG_20230709_143719-1024x768.jpg 1024w, https:\/\/heimatverein-nieder-roden.de\/wp-content\/uploads\/2023\/07\/2023-07-09_14-37-19_AKHNR_Museumsoeffnung-2023-07-09-MiMh-Hitzeausfall_FMA_IMG_20230709_143719-300x225.jpg 300w, https:\/\/heimatverein-nieder-roden.de\/wp-content\/uploads\/2023\/07\/2023-07-09_14-37-19_AKHNR_Museumsoeffnung-2023-07-09-MiMh-Hitzeausfall_FMA_IMG_20230709_143719-768x576.jpg 768w, https:\/\/heimatverein-nieder-roden.de\/wp-content\/uploads\/2023\/07\/2023-07-09_14-37-19_AKHNR_Museumsoeffnung-2023-07-09-MiMh-Hitzeausfall_FMA_IMG_20230709_143719-1536x1152.jpg 1536w, https:\/\/heimatverein-nieder-roden.de\/wp-content\/uploads\/2023\/07\/2023-07-09_14-37-19_AKHNR_Museumsoeffnung-2023-07-09-MiMh-Hitzeausfall_FMA_IMG_20230709_143719-2048x1536.jpg 2048w, https:\/\/heimatverein-nieder-roden.de\/wp-content\/uploads\/2023\/07\/2023-07-09_14-37-19_AKHNR_Museumsoeffnung-2023-07-09-MiMh-Hitzeausfall_FMA_IMG_20230709_143719-836x627.jpg 836w, https:\/\/heimatverein-nieder-roden.de\/wp-content\/uploads\/2023\/07\/2023-07-09_14-37-19_AKHNR_Museumsoeffnung-2023-07-09-MiMh-Hitzeausfall_FMA_IMG_20230709_143719-560x420.jpg 560w\" sizes=\"(max-width: 1024px) 100vw, 1024px\" \/><figcaption class=\"wp-element-caption\">Ein Besuch im Museumscaf\u00e9 lohnt sich.<br>\u00a9AKHNR\/FMA<\/figcaption><\/figure>\n<\/div>\n\n\n<p>Ein besonderer H\u00f6hepunkt des Tages ist die M\u00f6glichkeit, die Dauerausstellung &#8222;Wohnen fr\u00fcher in Nieder-Roden&#8220; mit fachkundigen Guides zu erkunden. Um 15 Uhr und 16 Uhr starten jeweils F\u00fchrungen durch die Ausstellung, die die Besucher auf eine Reise durch die Zeit mitnimmt. Die Guides werden interessante Details und Hintergrundinformationen zu den Exponaten liefern und die Ausstellung erst richtig zur Geltung bringen.<\/p>\n\n\n\n<p>Nach oder vor der F\u00fchrung kann man sich im Museumscaf\u00e9 mit Kaffee und selbstgebackenem Kuchen st\u00e4rken und sich in gem\u00fctlicher Atmosph\u00e4re unterhalten. Der Eintritt ins Museum ist wie immer kostenlos und das Museum ist von 14 bis 18 ge\u00f6ffnet.<\/p>\n\n\n\n<p><\/p>\n\n\n\n<p>Das Team des Heimatvereins freut sich auf zahlreiche Stammg\u00e4ste und Neugierige die vielleicht noch nie im Museum waren!<\/p>\n\n\n\n<p><\/p>\n\n\n\n<p><\/p>\n","protected":false},"excerpt":{"rendered":"<p>Am Sonntag, den 17. August 2025, l\u00e4dt der Arbeitskreis f\u00fcr Heimatkunde nach der Sommerpause wieder zu einem regul\u00e4ren \u00d6ffnungstag ein. Im Heimatmuseum Nieder-Roden ist die Jahresausstellung &#8222;120 Jahre Turngemeinde Nieder-Roden&#8220; ge\u00f6ffnet und bietet einen Einblick in die reiche Geschichte und Entwicklung der Turngemeinde Nieder-Roden. Ein besonderer H\u00f6hepunkt des Tages ist die M\u00f6glichkeit, die Dauerausstellung &#8222;Wohnen &hellip; <\/p>\n<p><a class=\"more-link btn\" href=\"https:\/\/heimatverein-nieder-roden.de\/?p=8161\">Weiterlesen<\/a><\/p>\n","protected":false},"author":1,"featured_media":8225,"comment_status":"closed","ping_status":"closed","sticky":false,"template":"","format":"standard","meta":{"_coblocks_attr":"","_coblocks_dimensions":"","_coblocks_responsive_height":"","_coblocks_accordion_ie_support":"","footnotes":"","_share_on_mastodon":"0"},"categories":[6,138,9,97],"tags":[664,34,35,27,583,584,581,634],"class_list":["post-8161","post","type-post","status-publish","format-standard","has-post-thumbnail","hentry","category-aktuell","category-jahresausstellung","category-museumsoeffnungen","category-slider","tag-120-jahre-tg-nieder-roden","tag-akhnr","tag-arbeitskreis-fuer-heimatkunde-nieder-roden-e-v","tag-jahresausstellung","tag-kaffee-und-kuchen","tag-kuchen-und-torten","tag-museumscafe","tag-tg-nieder-roden","nodate"],"share_on_mastodon":{"url":"","error":""},"publishpress_future_action":{"enabled":false,"date":"2026-05-06 22:52:17","action":"category-remove","newStatus":"draft","terms":[],"taxonomy":"category","extraData":[]},"publishpress_future_workflow_manual_trigger":{"enabledWorkflows":[]},"_links":{"self":[{"href":"https:\/\/heimatverein-nieder-roden.de\/index.php?rest_route=\/wp\/v2\/posts\/8161","targetHints":{"allow":["GET"]}}],"collection":[{"href":"https:\/\/heimatverein-nieder-roden.de\/index.php?rest_route=\/wp\/v2\/posts"}],"about":[{"href":"https:\/\/heimatverein-nieder-roden.de\/index.php?rest_route=\/wp\/v2\/types\/post"}],"author":[{"embeddable":true,"href":"https:\/\/heimatverein-nieder-roden.de\/index.php?rest_route=\/wp\/v2\/users\/1"}],"replies":[{"embeddable":true,"href":"https:\/\/heimatverein-nieder-roden.de\/index.php?rest_route=%2Fwp%2Fv2%2Fcomments&post=8161"}],"version-history":[{"count":1,"href":"https:\/\/heimatverein-nieder-roden.de\/index.php?rest_route=\/wp\/v2\/posts\/8161\/revisions"}],"predecessor-version":[{"id":8162,"href":"https:\/\/heimatverein-nieder-roden.de\/index.php?rest_route=\/wp\/v2\/posts\/8161\/revisions\/8162"}],"wp:featuredmedia":[{"embeddable":true,"href":"https:\/\/heimatverein-nieder-roden.de\/index.php?rest_route=\/wp\/v2\/media\/8225"}],"wp:attachment":[{"href":"https:\/\/heimatverein-nieder-roden.de\/index.php?rest_route=%2Fwp%2Fv2%2Fmedia&parent=8161"}],"wp:term":[{"taxonomy":"category","embeddable":true,"href":"https:\/\/heimatverein-nieder-roden.de\/index.php?rest_route=%2Fwp%2Fv2%2Fcategories&post=8161"},{"taxonomy":"post_tag","embeddable":true,"href":"https:\/\/heimatverein-nieder-roden.de\/index.php?rest_route=%2Fwp%2Fv2%2Ftags&post=8161"}],"curies":[{"name":"wp","href":"https:\/\/api.w.org\/{rel}","templated":true}]}}