{"id":8141,"date":"2025-06-27T15:26:58","date_gmt":"2025-06-27T13:26:58","guid":{"rendered":"https:\/\/heimatverein-nieder-roden.de\/?p=8141"},"modified":"2025-06-27T15:26:59","modified_gmt":"2025-06-27T13:26:59","slug":"einladung-zum-stadtteiltreff-nieder-roden-sozialzentrum-1-juni","status":"publish","type":"post","link":"https:\/\/heimatverein-nieder-roden.de\/?p=8141","title":{"rendered":"Einladung zum Stadtteiltreff Nieder-Roden &#8211; Sozialzentrum 1. Juni"},"content":{"rendered":"\n<p class=\"is-style-info\">Text: Gemeinwesenarbeit Stadt Rodgau &#8211; Stadtteilb\u00fcro Nieder-Roden<\/p>\n\n\n\n<p>Sch\u00f6nen guten Tag an Bewohner\/innen, liebe Netzwerker\/innen, Interessierte am Geschehen in Nieder-Roden,<br>am Dienstag, 01.07.2025 findet von 18 &#8211; 19:30 Uhr, Sozialzentrum Raum 1&amp;2 das n\u00e4chste Stadtteiltreffen statt.<\/p>\n\n\n\n<p><strong>Aus organisatorischen Gr\u00fcnden bitten wir um eine kurze Mitteilung, ob Sie dabei sein m\u00f6chten.<\/strong><\/p>\n\n\n<div class=\"wp-block-image\">\n<figure class=\"aligncenter size-full is-resized\"><img decoding=\"async\" width=\"660\" height=\"153\" src=\"https:\/\/heimatverein-nieder-roden.de\/wp-content\/uploads\/2024\/11\/Druck_2024_Logo_Gemeinwesenarbeit_kompr.jpg\" alt=\"\" class=\"wp-image-7726\" style=\"width:649px;height:auto\" srcset=\"https:\/\/heimatverein-nieder-roden.de\/wp-content\/uploads\/2024\/11\/Druck_2024_Logo_Gemeinwesenarbeit_kompr.jpg 660w, https:\/\/heimatverein-nieder-roden.de\/wp-content\/uploads\/2024\/11\/Druck_2024_Logo_Gemeinwesenarbeit_kompr-300x70.jpg 300w, https:\/\/heimatverein-nieder-roden.de\/wp-content\/uploads\/2024\/11\/Druck_2024_Logo_Gemeinwesenarbeit_kompr-560x130.jpg 560w\" sizes=\"(max-width: 660px) 100vw, 660px\" \/><figcaption class=\"wp-element-caption\">Logo zur Gemeinwesenarbeit in Hessen \n\u00a9Hessisches Sozialministerium<\/figcaption><\/figure>\n<\/div>\n\n\n<h2 class=\"wp-block-heading\">Tagesordnung<\/h2>\n\n\n\n<p>1. Themen aus dem Stadtteilb\u00fcro<\/p>\n\n\n\n<ul class=\"wp-block-list\">\n<li>Babbel-Bank<\/li>\n\n\n\n<li>Projekt \u201eBelebung Seestra\u00dfe\u201c<\/li>\n\n\n\n<li>Info Hochbeete<\/li>\n\n\n\n<li>Sauberkeit Innenstadt<\/li>\n<\/ul>\n\n\n\n<p>2. Ihre mitgebrachten Themen, bzw. Veranstaltungen<\/p>\n\n\n\n<p>3. Verschiedenes<\/p>\n\n\n\n<ul class=\"wp-block-list\">\n<li>Aktuelles \/ Termine rund um den Puiseauxplatz<\/li>\n<\/ul>\n\n\n\n<p><\/p>\n\n\n\n<p>Wir freuen uns auf den Austausch mit Ihnen<\/p>\n\n\n\n<p>Rafael Ledwig, Maike Vogel<br>vom Stadtteilb\u00fcro Nieder-Roden<\/p>\n\n\n\n<p>Fachbereich Kommunales Bildungsmanagement<br><br>Sozialzentrum<br>Puiseauxplatz 3<br>63110 Rodgau<br><br>Tel.:\u00a0<a href=\"tel:+49 (6106) 693-1251\">+49 (6106) 693-1251<\/a>\u00a0<br>FAX:\u00a0<a href=\"tel:+49 (6106) 693-2009\">+49 (6106) 693-2009<\/a>\u00a0<br>E-Mail:\u00a0<a href=\"mailto:gemeinwesenarbeit@rodgau.de\">gemeinwesenarbeit@rodgau.de<\/a>\u00a0<\/p>\n","protected":false},"excerpt":{"rendered":"<p>Text: Gemeinwesenarbeit Stadt Rodgau &#8211; Stadtteilb\u00fcro Nieder-Roden Sch\u00f6nen guten Tag an Bewohner\/innen, liebe Netzwerker\/innen, Interessierte am Geschehen in Nieder-Roden,am Dienstag, 01.07.2025 findet von 18 &#8211; 19:30 Uhr, Sozialzentrum Raum 1&amp;2 das n\u00e4chste Stadtteiltreffen statt. Aus organisatorischen Gr\u00fcnden bitten wir um eine kurze Mitteilung, ob Sie dabei sein m\u00f6chten. Tagesordnung 1. Themen aus dem Stadtteilb\u00fcro 2. &hellip; <\/p>\n<p><a class=\"more-link btn\" href=\"https:\/\/heimatverein-nieder-roden.de\/?p=8141\">Weiterlesen<\/a><\/p>\n","protected":false},"author":1,"featured_media":7726,"comment_status":"closed","ping_status":"closed","sticky":false,"template":"","format":"standard","meta":{"_coblocks_attr":"","_coblocks_dimensions":"","_coblocks_responsive_height":"","_coblocks_accordion_ie_support":"","footnotes":"","_share_on_mastodon":"0"},"categories":[6,574,97],"tags":[656,468,575,75,655,442,636,573,576],"class_list":["post-8141","post","type-post","status-publish","format-standard","has-post-thumbnail","hentry","category-aktuell","category-gemeinwesenarbeit","category-slider","tag-babbel-bank","tag-gemeinwesenarbeit-rodgau","tag-netzwerktreffen","tag-puiseauxplatz","tag-seestrasse","tag-sozialzentrum","tag-stadt-rodgau-fachbereich-kommunales-bildungsmanagement","tag-stadtteilbuero","tag-stadtteiltreff","nodate"],"share_on_mastodon":{"url":"","error":""},"publishpress_future_action":{"enabled":false,"date":"2026-05-07 02:41:45","action":"category-remove","newStatus":"draft","terms":[],"taxonomy":"category","extraData":[]},"publishpress_future_workflow_manual_trigger":{"enabledWorkflows":[]},"_links":{"self":[{"href":"https:\/\/heimatverein-nieder-roden.de\/index.php?rest_route=\/wp\/v2\/posts\/8141","targetHints":{"allow":["GET"]}}],"collection":[{"href":"https:\/\/heimatverein-nieder-roden.de\/index.php?rest_route=\/wp\/v2\/posts"}],"about":[{"href":"https:\/\/heimatverein-nieder-roden.de\/index.php?rest_route=\/wp\/v2\/types\/post"}],"author":[{"embeddable":true,"href":"https:\/\/heimatverein-nieder-roden.de\/index.php?rest_route=\/wp\/v2\/users\/1"}],"replies":[{"embeddable":true,"href":"https:\/\/heimatverein-nieder-roden.de\/index.php?rest_route=%2Fwp%2Fv2%2Fcomments&post=8141"}],"version-history":[{"count":1,"href":"https:\/\/heimatverein-nieder-roden.de\/index.php?rest_route=\/wp\/v2\/posts\/8141\/revisions"}],"predecessor-version":[{"id":8142,"href":"https:\/\/heimatverein-nieder-roden.de\/index.php?rest_route=\/wp\/v2\/posts\/8141\/revisions\/8142"}],"wp:featuredmedia":[{"embeddable":true,"href":"https:\/\/heimatverein-nieder-roden.de\/index.php?rest_route=\/wp\/v2\/media\/7726"}],"wp:attachment":[{"href":"https:\/\/heimatverein-nieder-roden.de\/index.php?rest_route=%2Fwp%2Fv2%2Fmedia&parent=8141"}],"wp:term":[{"taxonomy":"category","embeddable":true,"href":"https:\/\/heimatverein-nieder-roden.de\/index.php?rest_route=%2Fwp%2Fv2%2Fcategories&post=8141"},{"taxonomy":"post_tag","embeddable":true,"href":"https:\/\/heimatverein-nieder-roden.de\/index.php?rest_route=%2Fwp%2Fv2%2Ftags&post=8141"}],"curies":[{"name":"wp","href":"https:\/\/api.w.org\/{rel}","templated":true}]}}