{"id":8130,"date":"2025-06-15T16:41:42","date_gmt":"2025-06-15T14:41:42","guid":{"rendered":"https:\/\/heimatverein-nieder-roden.de\/?p=8130"},"modified":"2025-06-15T17:02:08","modified_gmt":"2025-06-15T15:02:08","slug":"mobiles-friedhofs-cafe","status":"publish","type":"post","link":"https:\/\/heimatverein-nieder-roden.de\/?p=8130","title":{"rendered":"Mobiles Friedhofs-Caf\u00e9"},"content":{"rendered":"\n<p>In Rodgau Nieder-Roden hat sich eine ehrenamtliche Initiative gebildet, die Gelegenheit bieten will, sich auf dem Neuen Friedhof in der R\u00f6merstra\u00dfe zu begegnen. Der Friedhof als ein Ort der W\u00fcrde, der Trauer und des Gedenkens soll in dieser friedvollen Atmosph\u00e4re den Besuchern ein unverbindliches Angebot zum Verweilen bieten. <\/p>\n\n\n\n<p>Das Friedhofs-Caf\u00e9 startet ab Juni und wird immer am 1. und 3. Mittwoch des Monats in der Zeit von 15:00-17:00 Uhr durch ehrenamtliche Helfer organisiert. <\/p>\n\n\n<div class=\"wp-block-image\">\n<figure class=\"aligncenter size-large is-resized\"><a href=\"https:\/\/heimatverein-nieder-roden.de\/wp-content\/uploads\/2025\/06\/2025-06_Friedhofs-Cafe_Flyer_beschn.jpg\" target=\"_blank\" rel=\" noreferrer noopener\"><img decoding=\"async\" width=\"718\" height=\"1024\" src=\"https:\/\/heimatverein-nieder-roden.de\/wp-content\/uploads\/2025\/06\/2025-06_Friedhofs-Cafe_Flyer_beschn-718x1024.jpg\" alt=\"\" class=\"wp-image-8131\" style=\"width:359px;height:auto\" srcset=\"https:\/\/heimatverein-nieder-roden.de\/wp-content\/uploads\/2025\/06\/2025-06_Friedhofs-Cafe_Flyer_beschn-718x1024.jpg 718w, https:\/\/heimatverein-nieder-roden.de\/wp-content\/uploads\/2025\/06\/2025-06_Friedhofs-Cafe_Flyer_beschn-210x300.jpg 210w, https:\/\/heimatverein-nieder-roden.de\/wp-content\/uploads\/2025\/06\/2025-06_Friedhofs-Cafe_Flyer_beschn-768x1096.jpg 768w, https:\/\/heimatverein-nieder-roden.de\/wp-content\/uploads\/2025\/06\/2025-06_Friedhofs-Cafe_Flyer_beschn-1077x1536.jpg 1077w, https:\/\/heimatverein-nieder-roden.de\/wp-content\/uploads\/2025\/06\/2025-06_Friedhofs-Cafe_Flyer_beschn-1435x2048.jpg 1435w, https:\/\/heimatverein-nieder-roden.de\/wp-content\/uploads\/2025\/06\/2025-06_Friedhofs-Cafe_Flyer_beschn-836x1193.jpg 836w, https:\/\/heimatverein-nieder-roden.de\/wp-content\/uploads\/2025\/06\/2025-06_Friedhofs-Cafe_Flyer_beschn-560x799.jpg 560w, https:\/\/heimatverein-nieder-roden.de\/wp-content\/uploads\/2025\/06\/2025-06_Friedhofs-Cafe_Flyer_beschn.jpg 1673w\" sizes=\"(max-width: 718px) 100vw, 718px\" \/><\/a><figcaption class=\"wp-element-caption\">Flyer zum Friedhofs-Caf\u00e9 2025<\/figcaption><\/figure>\n<\/div>\n\n\n<p>Das Organisationsteam rund um Dr. Elke Spahn und Margit M\u00fcller-Ollech bietet Kaffee und selbstgebackenen Kuchen an. Das Angebot richtet sich an alle Friedhofbesuchenden, bietet aber keine professionelle Trauerbegleitung. <\/p>\n\n\n\n<figure class=\"wp-block-pullquote\"><blockquote><p>Wann?<br><br><strong>Mai &#8211; September<\/strong><br><strong><br>am 1. und 3. Mittwoch des Monats <\/strong><br><strong><br> 15:00 &#8211; 17:00 Uhr <\/strong><\/p><\/blockquote><\/figure>\n\n\n\n<p>Die Gruppe von Ehrenamtlichen hat Dr. Elke Spahn vor allem in den Reihen ihrer ehemaligen Klassenkameradinnen und -kameraden gefunden. Margit M\u00fcller-Ollech kl\u00e4rte mit Unterst\u00fctzung der st\u00e4dtischen Verwaltung, hier vor allem mit Christina Breuninger, die Rahmenbedingungen f\u00fcr die Durchf\u00fchrung. <\/p>\n\n\n\n<p>Der Begegnungsort wird zum Caf\u00e9-Tag mit einem Kuchentisch, Kaffee, Tassen, Servietten (keine Teller) und einigen Sitzkissen hergerichtet. Der Begegnungsort ist leicht zu finden und liegt sozusagen genau in der Mitte des Friedhofs:<\/p>\n\n\n\n<p>\u00dcber den Eingang in der Borsigstra\u00dfe den Hauptweg bis zur Mitte des Friedhofes entlang oder von der R\u00f6merstra\u00dfe kommend am Brunnen vorbei, nach rechts abbiegen und noch ein St\u00fcckchen geradeaus findet sich die Stelle an der es u.a. gemauerte Sitzgelegenheiten gibt. <\/p>\n\n\n\n<p>Die Initiatorinnen freuen sich \u00fcber die bisher zustimmenden R\u00fcckmeldungen. <\/p>\n\n\n\n<p>Wer mithelfen m\u00f6chte zum Beispiel mit einer Kuchenspende, ist gerne willkommen. <br>Folgende Termin sind geplant: <\/p>\n\n\n\n<ul class=\"wp-block-list\">\n<li>18. Juni<\/li>\n\n\n\n<li>2. Juli<\/li>\n\n\n\n<li>16. Juli<\/li>\n\n\n\n<li>6. August<\/li>\n\n\n\n<li>20. August<\/li>\n\n\n\n<li>3. September<\/li>\n\n\n\n<li>17. September<\/li>\n<\/ul>\n\n\n\n<p>Das Team hofft auf gutes Wetter und freundliche Begegnungen und hei\u00dft alle G\u00e4ste herzlich willkommen.<\/p>\n","protected":false},"excerpt":{"rendered":"<p>In Rodgau Nieder-Roden hat sich eine ehrenamtliche Initiative gebildet, die Gelegenheit bieten will, sich auf dem Neuen Friedhof in der R\u00f6merstra\u00dfe zu begegnen. Der Friedhof als ein Ort der W\u00fcrde, der Trauer und des Gedenkens soll in dieser friedvollen Atmosph\u00e4re den Besuchern ein unverbindliches Angebot zum Verweilen bieten. Das Friedhofs-Caf\u00e9 startet ab Juni und wird &hellip; <\/p>\n<p><a class=\"more-link btn\" href=\"https:\/\/heimatverein-nieder-roden.de\/?p=8130\">Weiterlesen<\/a><\/p>\n","protected":false},"author":1,"featured_media":8131,"comment_status":"closed","ping_status":"closed","sticky":false,"template":"","format":"standard","meta":{"_coblocks_attr":"","_coblocks_dimensions":"","_coblocks_responsive_height":"","_coblocks_accordion_ie_support":"","footnotes":"","_share_on_mastodon":"0"},"categories":[6,97],"tags":[654,653],"class_list":["post-8130","post","type-post","status-publish","format-standard","has-post-thumbnail","hentry","category-aktuell","category-slider","tag-friedhofs-cafe","tag-neuer-friedhof","nodate"],"share_on_mastodon":{"url":"","error":""},"publishpress_future_action":{"enabled":false,"date":"2026-05-07 08:18:50","action":"category-remove","newStatus":"draft","terms":[],"taxonomy":"category","extraData":[]},"publishpress_future_workflow_manual_trigger":{"enabledWorkflows":[]},"_links":{"self":[{"href":"https:\/\/heimatverein-nieder-roden.de\/index.php?rest_route=\/wp\/v2\/posts\/8130","targetHints":{"allow":["GET"]}}],"collection":[{"href":"https:\/\/heimatverein-nieder-roden.de\/index.php?rest_route=\/wp\/v2\/posts"}],"about":[{"href":"https:\/\/heimatverein-nieder-roden.de\/index.php?rest_route=\/wp\/v2\/types\/post"}],"author":[{"embeddable":true,"href":"https:\/\/heimatverein-nieder-roden.de\/index.php?rest_route=\/wp\/v2\/users\/1"}],"replies":[{"embeddable":true,"href":"https:\/\/heimatverein-nieder-roden.de\/index.php?rest_route=%2Fwp%2Fv2%2Fcomments&post=8130"}],"version-history":[{"count":2,"href":"https:\/\/heimatverein-nieder-roden.de\/index.php?rest_route=\/wp\/v2\/posts\/8130\/revisions"}],"predecessor-version":[{"id":8139,"href":"https:\/\/heimatverein-nieder-roden.de\/index.php?rest_route=\/wp\/v2\/posts\/8130\/revisions\/8139"}],"wp:featuredmedia":[{"embeddable":true,"href":"https:\/\/heimatverein-nieder-roden.de\/index.php?rest_route=\/wp\/v2\/media\/8131"}],"wp:attachment":[{"href":"https:\/\/heimatverein-nieder-roden.de\/index.php?rest_route=%2Fwp%2Fv2%2Fmedia&parent=8130"}],"wp:term":[{"taxonomy":"category","embeddable":true,"href":"https:\/\/heimatverein-nieder-roden.de\/index.php?rest_route=%2Fwp%2Fv2%2Fcategories&post=8130"},{"taxonomy":"post_tag","embeddable":true,"href":"https:\/\/heimatverein-nieder-roden.de\/index.php?rest_route=%2Fwp%2Fv2%2Ftags&post=8130"}],"curies":[{"name":"wp","href":"https:\/\/api.w.org\/{rel}","templated":true}]}}