{"id":8086,"date":"2025-06-15T16:42:51","date_gmt":"2025-06-15T14:42:51","guid":{"rendered":"https:\/\/heimatverein-nieder-roden.de\/?p=8086"},"modified":"2025-06-15T16:42:25","modified_gmt":"2025-06-15T14:42:25","slug":"altort-mit-zukunft-info-veranstaltung-des-akhnr","status":"publish","type":"post","link":"https:\/\/heimatverein-nieder-roden.de\/?p=8086","title":{"rendered":"Altort mit Zukunft! &#8211; Info-Veranstaltung des AKHNR"},"content":{"rendered":"\n<p>Die &#8222;Schaffkibbe Ortsbild&#8220; des Heimatvereins l\u00e4dt herzlich ein zur Info-Veranstaltung \u201eAltort mit Zukunft!\u201c:<\/p>\n\n\n\n<figure class=\"wp-block-pullquote has-regular-font-size\" style=\"border-style:none;border-width:0px;border-radius:0px\"><blockquote><p>Was?<br><strong>Info-Veranstaltung<br>&#8222;Altort mit Zukunft!&#8220;<\/strong><br><br>Wann?<br><strong>Freitag, 27. Juni 2025, 19:00 Uhr<\/strong><br><br>Wo?<br><strong>Nieder-Roden Kirchplatz<\/strong> <br><br>(bei schlechtem Wetter im Heimatmuseum)<\/p><\/blockquote><\/figure>\n\n\n\n<p>Nieder-Roden ohne Kirche, ohne Pfarrhaus, ohne Pfarrzentrum \u2013 wie w\u00e4re das f\u00fcr euch?<br>Was bedeutet die Entwicklung der katholischen Kirche f\u00fcr unseren Altort?<br>Was passiert, wenn die Pfarrgemeinde ihre Geb\u00e4ude nicht halten kann?<\/p>\n\n\n\n<ul class=\"wp-block-list\">\n<li>Wir informieren \u00fcber den aktuellen Stand,<\/li>\n\n\n\n<li>wir sammeln eure Fragen, Sorgen und Ideen,<\/li>\n\n\n\n<li>wir machen uns auf die Suche nach den Antworten.<\/li>\n<\/ul>\n\n\n\n<p>Unterst\u00fctzt werden wir durch Mitglieder der Pfarrgemeinde und Anwohner.<\/p>\n\n\n\n<div class=\"wp-block-buttons is-content-justification-center is-layout-flex wp-container-core-buttons-is-layout-16018d1d wp-block-buttons-is-layout-flex\">\n<div class=\"wp-block-button is-style-circular\"><a class=\"wp-block-button__link wp-element-button\" href=\"https:\/\/heimatverein-nieder-roden.de\/?page_id=8071\">Zur Projektseite<\/a><\/div>\n<\/div>\n\n\n\n<h3 class=\"wp-block-heading\">Flyer<\/h3>\n\n\n\n<p>F\u00fcr die Veranstaltung werden durch den AKHNR 2.000 Flyer verteilt:<\/p>\n\n\n\n<div class=\"wp-block-columns is-layout-flex wp-container-core-columns-is-layout-9d6595d7 wp-block-columns-is-layout-flex\">\n<div class=\"wp-block-column is-layout-flow wp-block-column-is-layout-flow\" style=\"flex-basis:50%\">\n<figure class=\"wp-block-image size-large\"><img decoding=\"async\" width=\"724\" height=\"1024\" src=\"https:\/\/heimatverein-nieder-roden.de\/wp-content\/uploads\/2025\/06\/AKHNR_SK-Ortsbild_2025-06-27-Altort-mit-Zukunft_Flyer_v1.1_Seite_1-Mittel-724x1024.jpg\" alt=\"\" class=\"wp-image-8117\" srcset=\"https:\/\/heimatverein-nieder-roden.de\/wp-content\/uploads\/2025\/06\/AKHNR_SK-Ortsbild_2025-06-27-Altort-mit-Zukunft_Flyer_v1.1_Seite_1-Mittel-724x1024.jpg 724w, https:\/\/heimatverein-nieder-roden.de\/wp-content\/uploads\/2025\/06\/AKHNR_SK-Ortsbild_2025-06-27-Altort-mit-Zukunft_Flyer_v1.1_Seite_1-Mittel-212x300.jpg 212w, https:\/\/heimatverein-nieder-roden.de\/wp-content\/uploads\/2025\/06\/AKHNR_SK-Ortsbild_2025-06-27-Altort-mit-Zukunft_Flyer_v1.1_Seite_1-Mittel-560x792.jpg 560w, https:\/\/heimatverein-nieder-roden.de\/wp-content\/uploads\/2025\/06\/AKHNR_SK-Ortsbild_2025-06-27-Altort-mit-Zukunft_Flyer_v1.1_Seite_1-Mittel.jpg 768w\" sizes=\"(max-width: 724px) 100vw, 724px\" \/><figcaption class=\"wp-element-caption\">Altort mit Zukunft! &#8211; Flyer Vorderseite<br>\u00a9AKHNR<\/figcaption><\/figure>\n<\/div>\n\n\n\n<div class=\"wp-block-column is-layout-flow wp-block-column-is-layout-flow\" style=\"flex-basis:50%\">\n<figure class=\"wp-block-image size-large\"><img decoding=\"async\" width=\"724\" height=\"1024\" src=\"https:\/\/heimatverein-nieder-roden.de\/wp-content\/uploads\/2025\/06\/AKHNR_SK-Ortsbild_2025-06-27-Altort-mit-Zukunft_Flyer_v1.1_Seite_2-Mittel-724x1024.jpg\" alt=\"\" class=\"wp-image-8118\" srcset=\"https:\/\/heimatverein-nieder-roden.de\/wp-content\/uploads\/2025\/06\/AKHNR_SK-Ortsbild_2025-06-27-Altort-mit-Zukunft_Flyer_v1.1_Seite_2-Mittel-724x1024.jpg 724w, https:\/\/heimatverein-nieder-roden.de\/wp-content\/uploads\/2025\/06\/AKHNR_SK-Ortsbild_2025-06-27-Altort-mit-Zukunft_Flyer_v1.1_Seite_2-Mittel-212x300.jpg 212w, https:\/\/heimatverein-nieder-roden.de\/wp-content\/uploads\/2025\/06\/AKHNR_SK-Ortsbild_2025-06-27-Altort-mit-Zukunft_Flyer_v1.1_Seite_2-Mittel-560x792.jpg 560w, https:\/\/heimatverein-nieder-roden.de\/wp-content\/uploads\/2025\/06\/AKHNR_SK-Ortsbild_2025-06-27-Altort-mit-Zukunft_Flyer_v1.1_Seite_2-Mittel.jpg 768w\" sizes=\"(max-width: 724px) 100vw, 724px\" \/><figcaption class=\"wp-element-caption\">Altort mit Zukunft! &#8211; Flyer R\u00fcckseite<br>\u00a9AKHNR<\/figcaption><\/figure>\n<\/div>\n<\/div>\n\n\n\n<h3 class=\"wp-block-heading\">Flyer als PDF<\/h3>\n\n\n\n<div class=\"wp-block-file\"><a id=\"wp-block-file--media-95560266-e673-4e0e-baf5-1edd3d66542b\" href=\"https:\/\/heimatverein-nieder-roden.de\/wp-content\/uploads\/2025\/06\/AKHNR_SK-Ortsbild_2025-06-27-Altort-mit-Zukunft_Flyer_v1.1.pdf\" target=\"_blank\" rel=\"noreferrer noopener\">AKHNR_SK-Ortsbild_2025-06-27-Altort-mit-Zukunft_Flyer_v1.1<\/a><a href=\"https:\/\/heimatverein-nieder-roden.de\/wp-content\/uploads\/2025\/06\/AKHNR_SK-Ortsbild_2025-06-27-Altort-mit-Zukunft_Flyer_v1.1.pdf\" class=\"wp-block-file__button wp-element-button\" download aria-describedby=\"wp-block-file--media-95560266-e673-4e0e-baf5-1edd3d66542b\">Herunterladen<\/a><\/div>\n\n\n\n<div class=\"wp-block-columns has-background has-regular-font-size is-layout-flex wp-container-core-columns-is-layout-9d6595d7 wp-block-columns-is-layout-flex\" style=\"background-color:#d5f1ff\">\n<div class=\"wp-block-column is-layout-flow wp-block-column-is-layout-flow\" style=\"flex-basis:30%\"><div class=\"wp-block-image\">\n<figure class=\"aligncenter size-full is-resized\"><img decoding=\"async\" width=\"937\" height=\"604\" src=\"https:\/\/heimatverein-nieder-roden.de\/wp-content\/uploads\/2025\/06\/sk_ortsbild_logo.png\" alt=\"\" class=\"wp-image-8072\" style=\"width:163px;height:auto\" srcset=\"https:\/\/heimatverein-nieder-roden.de\/wp-content\/uploads\/2025\/06\/sk_ortsbild_logo.png 937w, https:\/\/heimatverein-nieder-roden.de\/wp-content\/uploads\/2025\/06\/sk_ortsbild_logo-300x193.png 300w, https:\/\/heimatverein-nieder-roden.de\/wp-content\/uploads\/2025\/06\/sk_ortsbild_logo-768x495.png 768w, https:\/\/heimatverein-nieder-roden.de\/wp-content\/uploads\/2025\/06\/sk_ortsbild_logo-836x539.png 836w, https:\/\/heimatverein-nieder-roden.de\/wp-content\/uploads\/2025\/06\/sk_ortsbild_logo-560x361.png 560w\" sizes=\"(max-width: 937px) 100vw, 937px\" \/><\/figure>\n<\/div><\/div>\n\n\n\n<div class=\"wp-block-column is-layout-flow wp-block-column-is-layout-flow\" style=\"flex-basis:70%\">\n<p><strong>Ein Projekt der &#8222;Schaffkibbe Ortsbild&#8220;<\/strong><\/p>\n\n\n\n<p class=\"has-regular-font-size\">Die SK Ortsbild beobachtet die Entwicklung unserer Stra\u00dfen und H\u00e4user, schafft Gelegenheit f\u00fcr den Austausch zwischen B\u00fcrgern und Verantwortlichen und bringt sich ein f\u00fcr die Entwicklung konstruktiver Ideen f\u00fcr eine positive Entwicklung.<\/p>\n<\/div>\n<\/div>\n\n\n\n<p class=\"has-text-align-center is-style-info\"><strong>Falls euch das Thema wichtig ist, ihr aber nicht kommen k\u00f6nnt, <\/strong><br><strong>schreibt uns bitte eine E-Mail, wir informieren euch dann:<\/strong><br><br><a href=\"mailto:info@heimatverein-nieder-roden.de?subject=Altort%20mit%20Zukunft!%20-%20Info-Veranstaltung%2027.06.2025%20-%20Ich%20kann%20leider%20nicht%20kommen\u2026&amp;body=Hallo%2C%0D%0A%0D%0Aich%20kann%20leider%20nicht%20zur%20Info-Veranstaltung%20am%2027.%20Juni%202025%20kommen.%0D%0AIch%20bin%20aber%20interessiert%20und%20m%C3%B6chte%20informiert%20werden.%0D%0A%0D%0AGru%C3%9F%0D%0ANAME\"><strong>info@heimatverein-nieder-roden.de<\/strong><\/a><\/p>\n\n\n\n<p><\/p>\n","protected":false},"excerpt":{"rendered":"<p>am 27. Juni 2025, um 19 Uhr auf dem Kirchplatz.<br \/>\nNieder-Roden ohne Kirche, ohne Pfarrhaus, ohne Pfarrzentrum \u2013 wie w\u00e4re das f\u00fcr euch?<br \/>\nWas bedeutet die Entwicklung der katholischen Kirche f\u00fcr unseren Altort?<\/p><p><a class=\"more-link btn\" href=\"https:\/\/heimatverein-nieder-roden.de\/?p=8086\">Weiterlesen<\/a><\/p>\n","protected":false},"author":1,"featured_media":2603,"comment_status":"closed","ping_status":"closed","sticky":false,"template":"","format":"standard","meta":{"_coblocks_attr":"","_coblocks_dimensions":"","_coblocks_responsive_height":"","_coblocks_accordion_ie_support":"","footnotes":"","_share_on_mastodon":"0"},"categories":[6,644,97],"tags":[34,650,15,645,35,389,648,651,133,649,376,375,80,646],"class_list":["post-8086","post","type-post","status-publish","format-standard","has-post-thumbnail","hentry","category-aktuell","category-altort-mit-zukunft","category-slider","tag-akhnr","tag-alte-schule-nieder-roden","tag-altort","tag-altort-mit-zukunft","tag-arbeitskreis-fuer-heimatkunde-nieder-roden-e-v","tag-heimatmuseum-nieder-roden","tag-kirchplatz","tag-lehrerhaus-nieder-roden","tag-pfarrgemeinde-sankt-matthias","tag-pfarrhaus","tag-pfarrheim-nieder-roden","tag-pfarrzentrum-nieder-roden","tag-sankt-matthias-kirche","tag-schaffkibbe-ortsbild","nodate"],"share_on_mastodon":{"url":"","error":""},"publishpress_future_action":{"enabled":false,"date":"2026-05-07 07:07:27","action":"category-remove","newStatus":"draft","terms":[],"taxonomy":"category","extraData":[]},"publishpress_future_workflow_manual_trigger":{"enabledWorkflows":[]},"_links":{"self":[{"href":"https:\/\/heimatverein-nieder-roden.de\/index.php?rest_route=\/wp\/v2\/posts\/8086","targetHints":{"allow":["GET"]}}],"collection":[{"href":"https:\/\/heimatverein-nieder-roden.de\/index.php?rest_route=\/wp\/v2\/posts"}],"about":[{"href":"https:\/\/heimatverein-nieder-roden.de\/index.php?rest_route=\/wp\/v2\/types\/post"}],"author":[{"embeddable":true,"href":"https:\/\/heimatverein-nieder-roden.de\/index.php?rest_route=\/wp\/v2\/users\/1"}],"replies":[{"embeddable":true,"href":"https:\/\/heimatverein-nieder-roden.de\/index.php?rest_route=%2Fwp%2Fv2%2Fcomments&post=8086"}],"version-history":[{"count":20,"href":"https:\/\/heimatverein-nieder-roden.de\/index.php?rest_route=\/wp\/v2\/posts\/8086\/revisions"}],"predecessor-version":[{"id":8123,"href":"https:\/\/heimatverein-nieder-roden.de\/index.php?rest_route=\/wp\/v2\/posts\/8086\/revisions\/8123"}],"wp:featuredmedia":[{"embeddable":true,"href":"https:\/\/heimatverein-nieder-roden.de\/index.php?rest_route=\/wp\/v2\/media\/2603"}],"wp:attachment":[{"href":"https:\/\/heimatverein-nieder-roden.de\/index.php?rest_route=%2Fwp%2Fv2%2Fmedia&parent=8086"}],"wp:term":[{"taxonomy":"category","embeddable":true,"href":"https:\/\/heimatverein-nieder-roden.de\/index.php?rest_route=%2Fwp%2Fv2%2Fcategories&post=8086"},{"taxonomy":"post_tag","embeddable":true,"href":"https:\/\/heimatverein-nieder-roden.de\/index.php?rest_route=%2Fwp%2Fv2%2Ftags&post=8086"}],"curies":[{"name":"wp","href":"https:\/\/api.w.org\/{rel}","templated":true}]}}