{"id":8069,"date":"2025-06-07T11:24:21","date_gmt":"2025-06-07T09:24:21","guid":{"rendered":"https:\/\/heimatverein-nieder-roden.de\/?p=8069"},"modified":"2025-06-07T11:24:22","modified_gmt":"2025-06-07T09:24:22","slug":"sommerfest-beim-nabu-rodgau-2","status":"publish","type":"post","link":"https:\/\/heimatverein-nieder-roden.de\/?p=8069","title":{"rendered":"Sommerfest beim NABU Rodgau"},"content":{"rendered":"\n<p>Die NABU Ortsgruppe Rodgau feiert am Sonntag, 15. Juni 2025 das j\u00e4hrliche Sommerfest.<\/p>\n\n\n\n<p>Das NABU Gel\u00e4nde am H\u00f6rnersgraben ist von 11 bis 18 Uhr f\u00fcr jedermann ge\u00f6ffnet und der NABU Garten kann besichtigt werden.<\/p>\n\n\n\n<p>Es gibt Kaffee und Kuchen, Bio-W\u00fcrste vom Grill und weitere Speisen.<\/p>\n\n\n\n<p>Dazu selbst gekelterten Apfelwein.<\/p>\n\n\n\n<p>Am Informationsstand beantworten die ehrenamtlichen Natursch\u00fctzer Fragen zu Natur und Naturschutz.<\/p>\n\n\n\n<figure class=\"wp-block-image size-large\"><img decoding=\"async\" width=\"1024\" height=\"683\" src=\"https:\/\/heimatverein-nieder-roden.de\/wp-content\/uploads\/2024\/04\/NABU-Rodgau_Symbolbild_Garten_pulwey_1080-1024x683.jpg\" alt=\"\" class=\"wp-image-6685\" srcset=\"https:\/\/heimatverein-nieder-roden.de\/wp-content\/uploads\/2024\/04\/NABU-Rodgau_Symbolbild_Garten_pulwey_1080-1024x683.jpg 1024w, https:\/\/heimatverein-nieder-roden.de\/wp-content\/uploads\/2024\/04\/NABU-Rodgau_Symbolbild_Garten_pulwey_1080-300x200.jpg 300w, https:\/\/heimatverein-nieder-roden.de\/wp-content\/uploads\/2024\/04\/NABU-Rodgau_Symbolbild_Garten_pulwey_1080-768x512.jpg 768w, https:\/\/heimatverein-nieder-roden.de\/wp-content\/uploads\/2024\/04\/NABU-Rodgau_Symbolbild_Garten_pulwey_1080-1536x1024.jpg 1536w, https:\/\/heimatverein-nieder-roden.de\/wp-content\/uploads\/2024\/04\/NABU-Rodgau_Symbolbild_Garten_pulwey_1080-836x557.jpg 836w, https:\/\/heimatverein-nieder-roden.de\/wp-content\/uploads\/2024\/04\/NABU-Rodgau_Symbolbild_Garten_pulwey_1080-560x373.jpg 560w, https:\/\/heimatverein-nieder-roden.de\/wp-content\/uploads\/2024\/04\/NABU-Rodgau_Symbolbild_Garten_pulwey_1080-272x182.jpg 272w, https:\/\/heimatverein-nieder-roden.de\/wp-content\/uploads\/2024\/04\/NABU-Rodgau_Symbolbild_Garten_pulwey_1080.jpg 1620w\" sizes=\"(max-width: 1024px) 100vw, 1024px\" \/><figcaption class=\"wp-element-caption\">Der NABU-Garten am H\u00f6rnersgraben. \u00a9Pulwey\/NABU-Rodgau<\/figcaption><\/figure>\n\n\n\n<p>Also gleich notieren, denn das sollten Sie sich nicht entgehen lassen.<\/p>\n\n\n\n<p>Eine Anfahrtsskizze finden Sie unter <a href=\"http:\/\/www.nabu-rodgau.de\" target=\"_blank\" rel=\"noreferrer noopener\">www.nabu-rodgau.de<\/a><\/p>\n\n\n\n<p class=\"is-style-info\">Beitrag erstellt mit freundlicher Unterst\u00fctzung des NABU-Rodgau. Vielen Dank!<\/p>\n","protected":false},"excerpt":{"rendered":"<p>Die NABU Ortsgruppe Rodgau feiert am Sonntag, 15. Juni 2025 das j\u00e4hrliche Sommerfest. Das NABU Gel\u00e4nde am H\u00f6rnersgraben ist von 11 bis 18 Uhr f\u00fcr jedermann ge\u00f6ffnet und der NABU Garten kann besichtigt werden. Es gibt Kaffee und Kuchen, Bio-W\u00fcrste vom Grill und weitere Speisen. Dazu selbst gekelterten Apfelwein. Am Informationsstand beantworten die ehrenamtlichen Natursch\u00fctzer &hellip; <\/p>\n<p><a class=\"more-link btn\" href=\"https:\/\/heimatverein-nieder-roden.de\/?p=8069\">Weiterlesen<\/a><\/p>\n","protected":false},"author":1,"featured_media":6685,"comment_status":"closed","ping_status":"closed","sticky":false,"template":"","format":"standard","meta":{"_coblocks_attr":"","_coblocks_dimensions":"","_coblocks_responsive_height":"","_coblocks_accordion_ie_support":"","footnotes":"","_share_on_mastodon":"0"},"categories":[418,97],"tags":[237,355],"class_list":["post-8069","post","type-post","status-publish","format-standard","has-post-thumbnail","hentry","category-nabu","category-slider","tag-hoernersgraben","tag-nabu-rodgau","nodate"],"share_on_mastodon":{"url":"","error":""},"publishpress_future_action":{"enabled":false,"date":"2026-05-07 02:14:53","action":"category-remove","newStatus":"draft","terms":[],"taxonomy":"category","extraData":[]},"publishpress_future_workflow_manual_trigger":{"enabledWorkflows":[]},"_links":{"self":[{"href":"https:\/\/heimatverein-nieder-roden.de\/index.php?rest_route=\/wp\/v2\/posts\/8069","targetHints":{"allow":["GET"]}}],"collection":[{"href":"https:\/\/heimatverein-nieder-roden.de\/index.php?rest_route=\/wp\/v2\/posts"}],"about":[{"href":"https:\/\/heimatverein-nieder-roden.de\/index.php?rest_route=\/wp\/v2\/types\/post"}],"author":[{"embeddable":true,"href":"https:\/\/heimatverein-nieder-roden.de\/index.php?rest_route=\/wp\/v2\/users\/1"}],"replies":[{"embeddable":true,"href":"https:\/\/heimatverein-nieder-roden.de\/index.php?rest_route=%2Fwp%2Fv2%2Fcomments&post=8069"}],"version-history":[{"count":1,"href":"https:\/\/heimatverein-nieder-roden.de\/index.php?rest_route=\/wp\/v2\/posts\/8069\/revisions"}],"predecessor-version":[{"id":8070,"href":"https:\/\/heimatverein-nieder-roden.de\/index.php?rest_route=\/wp\/v2\/posts\/8069\/revisions\/8070"}],"wp:featuredmedia":[{"embeddable":true,"href":"https:\/\/heimatverein-nieder-roden.de\/index.php?rest_route=\/wp\/v2\/media\/6685"}],"wp:attachment":[{"href":"https:\/\/heimatverein-nieder-roden.de\/index.php?rest_route=%2Fwp%2Fv2%2Fmedia&parent=8069"}],"wp:term":[{"taxonomy":"category","embeddable":true,"href":"https:\/\/heimatverein-nieder-roden.de\/index.php?rest_route=%2Fwp%2Fv2%2Fcategories&post=8069"},{"taxonomy":"post_tag","embeddable":true,"href":"https:\/\/heimatverein-nieder-roden.de\/index.php?rest_route=%2Fwp%2Fv2%2Ftags&post=8069"}],"curies":[{"name":"wp","href":"https:\/\/api.w.org\/{rel}","templated":true}]}}