{"id":8046,"date":"2025-05-20T10:22:01","date_gmt":"2025-05-20T08:22:01","guid":{"rendered":"https:\/\/heimatverein-nieder-roden.de\/?p=8046"},"modified":"2025-05-21T11:00:40","modified_gmt":"2025-05-21T09:00:40","slug":"stadtfest-wochenende-auf-dem-puiseauxplatz","status":"publish","type":"post","link":"https:\/\/heimatverein-nieder-roden.de\/?p=8046","title":{"rendered":"Stadtfest-Wochenende auf dem Puiseauxplatz"},"content":{"rendered":"\n<p>Die Stadt Rodgau veranstaltet in Zusammenarbeit mit dem F\u00f6rderprogramm \u201eZuhause im Zentrum\u201c auch in diesem Jahr ein gro\u00dfes Stadtfest auf dem Puiseauxplatz. Gemeinsam mit hoffentlich vielen Besuchern aus ganz Rodgau und Umgebung wird dieses Fest ein unvergessliches Event des Jahres. <\/p>\n\n\n<div class=\"wp-block-image\">\n<figure class=\"aligncenter size-full is-resized\"><a href=\"https:\/\/heimatverein-nieder-roden.de\/wp-content\/uploads\/2025\/05\/Stadtfest-2025_Plakat.jpg\"><img decoding=\"async\" width=\"571\" height=\"800\" src=\"https:\/\/heimatverein-nieder-roden.de\/wp-content\/uploads\/2025\/05\/Stadtfest-2025_Plakat.jpg\" alt=\"\" class=\"wp-image-8048\" style=\"width:395px;height:auto\" srcset=\"https:\/\/heimatverein-nieder-roden.de\/wp-content\/uploads\/2025\/05\/Stadtfest-2025_Plakat.jpg 571w, https:\/\/heimatverein-nieder-roden.de\/wp-content\/uploads\/2025\/05\/Stadtfest-2025_Plakat-214x300.jpg 214w, https:\/\/heimatverein-nieder-roden.de\/wp-content\/uploads\/2025\/05\/Stadtfest-2025_Plakat-560x785.jpg 560w\" sizes=\"(max-width: 571px) 100vw, 571px\" \/><\/a><figcaption class=\"wp-element-caption\">Plakat zum Stadtfest 2025\n\u00a9Stadt Rodgau<\/figcaption><\/figure>\n<\/div>\n\n\n<h2 class=\"wp-block-heading\">Freitags geht&#8217;s los mit dem &#8222;FFH Dummfrager&#8220;<\/h2>\n\n\n\n<p>Am Freitag, 23. Mai, um 19:30 Uhr besucht steht FFH Dummfrager Boris Meinzer mit seinem neuem Comedy-Programm auf der B\u00fchne. Organisiert wird dieses Event von der Stadtb\u00fccherei Rodgau in Zusammenarbeit mit dem Fachbereich Kultur, Sport und Ehrenamt. <\/p>\n\n\n\n<p>Auch f\u00fcr Getr\u00e4nke wird gesorgt. Der Gewinn der Getr\u00e4nkeeinnahmen kommt dem Hospiz am Wasserturm zugute. <\/p>\n\n\n\n<p>Der Eintritt ist frei und bei Regen wird die Veranstaltung ins B\u00fcrgerhaus Nieder-Roden verlegt. <\/p>\n\n\n\n<h2 class=\"wp-block-heading\">Am Samstag startet das Stadtfest<\/h2>\n\n\n\n<p>Das gro\u00dfe Stadtfest startet dann am Samstag, 24. Mai, um 14 Uhr. <\/p>\n\n\n\n<p>Bei hoffentlich strahlendem Wetter erwartet das Publikum wie auch im vergangenen Jahr ein abwechslungsreiches B\u00fchnenprogramm mit Musik, Tanz, Gesang, Mitmachaktionen und vieles mehr. <\/p>\n\n\n\n<p>Ein weiteres Highlight wird ab 19.30 Uhr die Liveband \u201e<strong>LIEBLINGSBAND<\/strong>\u201c sein, die dem Publikum nochmal richtig einheizt. <\/p>\n\n\n\n<p>F\u00fcr das leibliche Wohl wird durch verschiedenste Vereine und Institutionen gesorgt. Auf der Vereinsmeile findet sich f\u00fcr jeden etwas: <\/p>\n\n\n\n<ul class=\"wp-block-list\">\n<li>Leckere Cocktails zu Handk\u00e4s mit Musik, <\/li>\n\n\n\n<li>die obligatorischen Bratwurst, Pommes und Softeis, <\/li>\n\n\n\n<li>Wein aus den verschiedensten Regionen und <\/li>\n\n\n\n<li>weitere kulinarische Snacks und Besonderheiten. <\/li>\n<\/ul>\n\n\n\n<p><\/p>\n\n\n\n<p>Aber auch der Spa\u00df wird nicht zu kurz kommen. F\u00fcr die Kids gibt es eine H\u00fcpfburg, wer m\u00f6chte kann sein Gl\u00fcck an verschiedenen Gl\u00fccksr\u00e4dern versuchen oder in der B\u00fccherei einem Kamishibai f\u00fcr die Kleinsten lauschen. <\/p>\n\n\n\n<p>Ge\u00f6ffnet hat die B\u00fccherei am Samstag in der Zeit von 14 \u2013 18 Uhr und l\u00e4dt alle kleinen und gro\u00dfen Leseratten herzlich ein. <\/p>\n\n\n\n<p>Einige Vereine sind auch mit Informationsst\u00e4nden vor Ort. <\/p>\n\n\n\n<h2 class=\"wp-block-heading\">Sonntag gehts weiter<\/h2>\n\n\n\n<p>Am Sonntag, 25. Mai, geht das Stadtfest mit einem Fr\u00fchschoppen um 11 Uhr weiter und wird gegen 15 Uhr offiziell beendet werden. <\/p>\n\n\n\n<p>Den ersten Teil am Vormittag \u00fcbernimmt der Musikverein Nieder-Roden, im Anschluss folgen verschiedene Tanz- und weitere Sportdarbietungen.<\/p>\n\n\n\n<p><strong>Termine im Veranstaltungskalender der Stadt Rodgau<\/strong><\/p>\n\n\n\n<ul class=\"wp-block-list\">\n<li><strong><a href=\"https:\/\/rodgau.de\/index.php?&amp;object=tx,2642.4&amp;ModID=11&amp;FID=2642.5394.1&amp;kuo=1&amp;ort=0&amp;vo=0&amp;va=0&amp;call=0&amp;bn=0&amp;sfodddrt=0&amp;sfvort=0&amp;sfreg=0&amp;sfort=0&amp;k_sub=0&amp;La=1\">23. Mai<\/a><\/strong>\u00a0&#8211;\u00a0Boris Meinzer &#8211; der FFH-Dummfrager live!<\/li>\n\n\n\n<li><strong><a href=\"https:\/\/rodgau.de\/index.php?&amp;object=tx,2642.4&amp;ModID=11&amp;FID=2642.5510.1&amp;kuo=1&amp;ort=0&amp;vo=0&amp;va=0&amp;call=0&amp;bn=0&amp;sfodddrt=0&amp;sfvort=0&amp;sfreg=0&amp;sfort=0&amp;k_sub=0&amp;La=1\">24. Mai<\/a><\/strong>\u00a0&#8211; Vereinsmeile, B\u00fchnenprogramm &amp; Lieblingsband<\/li>\n\n\n\n<li><strong><a href=\"https:\/\/rodgau.de\/index.php?&amp;object=tx,2642.4&amp;ModID=11&amp;FID=2642.5510.1&amp;kuo=1&amp;ort=0&amp;vo=0&amp;va=0&amp;call=0&amp;bn=0&amp;sfodddrt=0&amp;sfvort=0&amp;sfreg=0&amp;sfort=0&amp;k_sub=0&amp;La=1\">25. Mai<\/a><\/strong>\u00a0&#8211; Fr\u00fchschoppen, Musikverein sowie Tanz- und Sportevents<\/li>\n<\/ul>\n\n\n\n<p class=\"is-style-info\">Beitrag erstellt mit freundlicher Unterst\u00fctzung der Stadt Rodgau.<\/p>\n\n\n\n<p><\/p>\n","protected":false},"excerpt":{"rendered":"<p>Die Stadt Rodgau veranstaltet in Zusammenarbeit mit dem F\u00f6rderprogramm \u201eZuhause im Zentrum\u201c auch in diesem Jahr ein gro\u00dfes Stadtfest auf dem Puiseauxplatz. Gemeinsam mit hoffentlich vielen Besuchern aus ganz Rodgau und Umgebung wird dieses Fest ein unvergessliches Event des Jahres. <\/p><p><a class=\"more-link btn\" href=\"https:\/\/heimatverein-nieder-roden.de\/?p=8046\">Weiterlesen<\/a><\/p>\n","protected":false},"author":1,"featured_media":8048,"comment_status":"closed","ping_status":"closed","sticky":false,"template":"","format":"standard","meta":{"_coblocks_attr":"","_coblocks_dimensions":"","_coblocks_responsive_height":"","_coblocks_accordion_ie_support":"","footnotes":"","_share_on_mastodon":"0"},"categories":[6,97],"tags":[640,642,22,75,17,463,420,641],"class_list":["post-8046","post","type-post","status-publish","format-standard","has-post-thumbnail","hentry","category-aktuell","category-slider","tag-ffh-dummfrager","tag-lieblingsband","tag-musikverein-nieder-roden","tag-puiseauxplatz","tag-stadt-rodgau","tag-stadtfest","tag-ziz","tag-zuhause-im-zentrum","nodate"],"share_on_mastodon":{"url":"","error":""},"publishpress_future_action":{"enabled":false,"date":"2026-05-07 07:37:29","action":"category-remove","newStatus":"draft","terms":[],"taxonomy":"category","extraData":[]},"publishpress_future_workflow_manual_trigger":{"enabledWorkflows":[]},"_links":{"self":[{"href":"https:\/\/heimatverein-nieder-roden.de\/index.php?rest_route=\/wp\/v2\/posts\/8046","targetHints":{"allow":["GET"]}}],"collection":[{"href":"https:\/\/heimatverein-nieder-roden.de\/index.php?rest_route=\/wp\/v2\/posts"}],"about":[{"href":"https:\/\/heimatverein-nieder-roden.de\/index.php?rest_route=\/wp\/v2\/types\/post"}],"author":[{"embeddable":true,"href":"https:\/\/heimatverein-nieder-roden.de\/index.php?rest_route=\/wp\/v2\/users\/1"}],"replies":[{"embeddable":true,"href":"https:\/\/heimatverein-nieder-roden.de\/index.php?rest_route=%2Fwp%2Fv2%2Fcomments&post=8046"}],"version-history":[{"count":2,"href":"https:\/\/heimatverein-nieder-roden.de\/index.php?rest_route=\/wp\/v2\/posts\/8046\/revisions"}],"predecessor-version":[{"id":8049,"href":"https:\/\/heimatverein-nieder-roden.de\/index.php?rest_route=\/wp\/v2\/posts\/8046\/revisions\/8049"}],"wp:featuredmedia":[{"embeddable":true,"href":"https:\/\/heimatverein-nieder-roden.de\/index.php?rest_route=\/wp\/v2\/media\/8048"}],"wp:attachment":[{"href":"https:\/\/heimatverein-nieder-roden.de\/index.php?rest_route=%2Fwp%2Fv2%2Fmedia&parent=8046"}],"wp:term":[{"taxonomy":"category","embeddable":true,"href":"https:\/\/heimatverein-nieder-roden.de\/index.php?rest_route=%2Fwp%2Fv2%2Fcategories&post=8046"},{"taxonomy":"post_tag","embeddable":true,"href":"https:\/\/heimatverein-nieder-roden.de\/index.php?rest_route=%2Fwp%2Fv2%2Ftags&post=8046"}],"curies":[{"name":"wp","href":"https:\/\/api.w.org\/{rel}","templated":true}]}}