{"id":7981,"date":"2025-03-16T20:37:14","date_gmt":"2025-03-16T19:37:14","guid":{"rendered":"https:\/\/heimatverein-nieder-roden.de\/?p=7981"},"modified":"2025-03-16T20:37:15","modified_gmt":"2025-03-16T19:37:15","slug":"nie-wieder-und-morgen-veranstaltungsankuendigung-zum-tag-der-befreiung-vor-80-jahren","status":"publish","type":"post","link":"https:\/\/heimatverein-nieder-roden.de\/?p=7981","title":{"rendered":"Nie wieder! \u2026und morgen? &#8211; Veranstaltungsank\u00fcndigung zum Tag der Befreiung vor 80 Jahren"},"content":{"rendered":"\n<p class=\"is-style-info\">Text: MunaVeRo<\/p>\n\n\n\n<p>Am 26. M\u00e4rz vor 80 Jahren wurden die Ortschaften der heutigen Stadt Rodgau und das Lager Rollwald von amerikanischen Truppen befreit und die Schreckensherrschaft der Nazis zumindest in unserer Region beendet, w\u00e4hrend sie allerdings in anderen Gebieten des &#8222;Reiches&#8220; noch bis zum 8. Mai andauerte.<\/p>\n\n\n<div class=\"wp-block-image\">\n<figure class=\"aligncenter size-large is-resized\"><a href=\"https:\/\/heimatverein-nieder-roden.de\/wp-content\/uploads\/2025\/03\/2025-03-21_nie-wieder-und-morgen_gedenken-tag-der-befreiung-vor-80jahren_werbung_munavero.jpg\"><img decoding=\"async\" width=\"1024\" height=\"724\" src=\"https:\/\/heimatverein-nieder-roden.de\/wp-content\/uploads\/2025\/03\/2025-03-21_nie-wieder-und-morgen_gedenken-tag-der-befreiung-vor-80jahren_werbung_munavero-1024x724.jpg\" alt=\"\" class=\"wp-image-7982\" style=\"width:530px;height:auto\" srcset=\"https:\/\/heimatverein-nieder-roden.de\/wp-content\/uploads\/2025\/03\/2025-03-21_nie-wieder-und-morgen_gedenken-tag-der-befreiung-vor-80jahren_werbung_munavero-1024x724.jpg 1024w, https:\/\/heimatverein-nieder-roden.de\/wp-content\/uploads\/2025\/03\/2025-03-21_nie-wieder-und-morgen_gedenken-tag-der-befreiung-vor-80jahren_werbung_munavero-300x212.jpg 300w, https:\/\/heimatverein-nieder-roden.de\/wp-content\/uploads\/2025\/03\/2025-03-21_nie-wieder-und-morgen_gedenken-tag-der-befreiung-vor-80jahren_werbung_munavero-768x543.jpg 768w, https:\/\/heimatverein-nieder-roden.de\/wp-content\/uploads\/2025\/03\/2025-03-21_nie-wieder-und-morgen_gedenken-tag-der-befreiung-vor-80jahren_werbung_munavero-1536x1086.jpg 1536w, https:\/\/heimatverein-nieder-roden.de\/wp-content\/uploads\/2025\/03\/2025-03-21_nie-wieder-und-morgen_gedenken-tag-der-befreiung-vor-80jahren_werbung_munavero-836x591.jpg 836w, https:\/\/heimatverein-nieder-roden.de\/wp-content\/uploads\/2025\/03\/2025-03-21_nie-wieder-und-morgen_gedenken-tag-der-befreiung-vor-80jahren_werbung_munavero-560x396.jpg 560w, https:\/\/heimatverein-nieder-roden.de\/wp-content\/uploads\/2025\/03\/2025-03-21_nie-wieder-und-morgen_gedenken-tag-der-befreiung-vor-80jahren_werbung_munavero.jpg 1789w\" sizes=\"(max-width: 1024px) 100vw, 1024px\" \/><\/a><figcaption class=\"wp-element-caption\">Werbung f\u00fcr die Gedenkveranstaltung &#8211; &#8222;Nie wieder! &#8230; und morgen?&#8220; am 21.03.2025.\n\u00a9MunaVeRo<\/figcaption><\/figure>\n<\/div>\n\n\n<p>Aus dem NS-Unrechtsstaat, in dem Menschenrechte nicht galten, ist ein demokratischer Rechtsstaat entstanden, der uns lange zu selbstverst\u00e4ndlich war.<\/p>\n\n\n\n<p><strong>Nie wieder! \u2026und morgen? <\/strong>haben wir daher unsere Veranstaltung \u00fcberschrieben.<\/p>\n\n\n\n<p>An den Tag der Befreiung erinnert der Verein mit einer Veranstaltung im Haus der Musik in Rodgau Nieder-Roden, Ober-Rodener Stra\u00dfe 47. Einlass ist um 18 Uhr, Beginn um 18:30 Uhr. Aus organisatorischen Gr\u00fcnden kann die Veranstaltung nicht am historischen Tag stattfinden, sondern musste auf Freitag, den 21.03.2025 verlegt werden.<\/p>\n\n\n\n<blockquote class=\"wp-block-quote has-text-align-center is-layout-flow wp-block-quote-is-layout-flow\">\n<figure class=\"wp-block-pullquote\"><blockquote><p>Was?<br><br><strong>Nie wieder! \u2026und morgen? &#8211; <br>Gedenkveranstaltung zum Tag der Befreiung vor 80 Jahren<\/strong><br><br>Wann?<br><br><strong>21. M\u00e4rz 2025, 18:30 Uhr<br>Einlass ab 18 Uhr<\/strong><br><br>Wo?<br><br><strong>Haus der Musik, Nieder-Roden<br>Kleiner Vortragssaal (Seiteneingang)<br>Ober-Rodener-Str. 47<br>63110 Rodgau<\/strong><\/p><\/blockquote><\/figure>\n<\/blockquote>\n\n\n\n<p>Wir wollen in Beitr\u00e4gen der Referenten und im Gespr\u00e4ch nachvollziehen, wie Deutschland in den Jahren bis 1933 seine Demokratie verspielt hat und wie der demokratische Neubeginn und die m\u00fchsame Aufarbeitung der Geschichte in der Region nach der Befreiung und Besetzung durch amerikanische Truppen verlaufen ist.<\/p>\n\n\n\n<p>Hierzu konnten wir Michael J\u00e4ger als Referenten und Gespr\u00e4chspartner gewinnen, der in seiner Zeit im Archiv der Stadt Rodgau intensive Recherchearbeit geleistet und mit Sichtung von Dokumenten und Zeitzeugenbefragungen sachliche Grundlagen f\u00fcr die Aufarbeitung der problematischen Stadtgeschichte dieser Zeit gelegt hat. Die Ergebnisse seiner Recherchen hat er 1994 in einem Buch ver\u00f6ffentlicht: \u201eRodgau 1945, \u201ePolitik und Alltag zwischen Krieg, Besetzung und demokratischem Neubeginn\u201c.<\/p>\n\n\n\n<p>Auch der derzeitige Archivar der Stadt Rodgau wird anwesend sein und einen Beitrag leisten.<\/p>\n\n\n\n<p>\u00dcber Parallelen der heutigen politischen Entwicklung zu Vorg\u00e4ngen in der Geschichte werden wir abschlie\u00dfend mit unseren G\u00e4sten diskutieren.<\/p>\n\n\n\n<p>Die Veranstaltung wird musikalisch begleitet vom Trio Eben! Holz.<\/p>\n\n\n\n<p>Eine wegen der r\u00e4umlichen Verh\u00e4ltnisse nur kleine Bewirtung mit Fingerfood\/ Knabbereien und Getr\u00e4nken ist vorgesehen.<\/p>\n\n\n\n<p>Der Eintritt ist frei, wegen der begrenzten Platzzahl wird aber um Anmeldung gebeten.<\/p>\n\n\n\n<ul class=\"wp-block-list\">\n<li>per Telefon \/ Anrufbeantworter unter: 06106\/733325 <\/li>\n\n\n\n<li>per Mail an: <a href=\"mailto:meldung@munavero.de\">meldung@munavero.de<\/a> <\/li>\n<\/ul>\n\n\n\n<div class=\"wp-block-buttons is-content-justification-center is-layout-flex wp-container-core-buttons-is-layout-16018d1d wp-block-buttons-is-layout-flex\">\n<div class=\"wp-block-button\"><a class=\"wp-block-button__link has-background wp-element-button\" href=\"https:\/\/munavero.de\/\" style=\"background-color:#932418\" target=\"_blank\" rel=\"noreferrer noopener\">Zur Internetseite von MunaVeRo<\/a><\/div>\n<\/div>\n\n\n\n<p class=\"is-style-info\">Beitrag erstellt mit freundlicher Unterst\u00fctzung und Genehmigung von MunaVeRo.<br>Vielen Dank!<\/p>\n\n\n\n<p><\/p>\n","protected":false},"excerpt":{"rendered":"<p>Text: MunaVeRo Am 26. M\u00e4rz vor 80 Jahren wurden die Ortschaften der heutigen Stadt Rodgau und das Lager Rollwald von amerikanischen Truppen befreit und die Schreckensherrschaft der Nazis zumindest in unserer Region beendet, w\u00e4hrend sie allerdings in anderen Gebieten des &#8222;Reiches&#8220; noch bis zum 8. Mai andauerte. Aus dem NS-Unrechtsstaat, in dem Menschenrechte nicht galten, &hellip; <\/p>\n<p><a class=\"more-link btn\" href=\"https:\/\/heimatverein-nieder-roden.de\/?p=7981\">Weiterlesen<\/a><\/p>\n","protected":false},"author":1,"featured_media":7982,"comment_status":"closed","ping_status":"closed","sticky":false,"template":"","format":"standard","meta":{"_coblocks_attr":"","_coblocks_dimensions":"","_coblocks_responsive_height":"","_coblocks_accordion_ie_support":"","footnotes":"","_share_on_mastodon":"0"},"categories":[6,520,97],"tags":[625,630,629,457,626,518,631,624,623],"class_list":["post-7981","post","type-post","status-publish","format-standard","has-post-thumbnail","hentry","category-aktuell","category-munavero","category-slider","tag-26-maerz-1945","tag-ebenholz-2","tag-ebenholz","tag-haus-der-musik","tag-michael-jaeger","tag-munavero","tag-rodgau-1945","tag-tag-der-befreiung","tag-zweiter-weltkrieg","nodate"],"share_on_mastodon":{"url":"","error":""},"publishpress_future_action":{"enabled":false,"date":"2026-05-07 08:18:42","action":"category-remove","newStatus":"draft","terms":[],"taxonomy":"category","extraData":[]},"publishpress_future_workflow_manual_trigger":{"enabledWorkflows":[]},"_links":{"self":[{"href":"https:\/\/heimatverein-nieder-roden.de\/index.php?rest_route=\/wp\/v2\/posts\/7981","targetHints":{"allow":["GET"]}}],"collection":[{"href":"https:\/\/heimatverein-nieder-roden.de\/index.php?rest_route=\/wp\/v2\/posts"}],"about":[{"href":"https:\/\/heimatverein-nieder-roden.de\/index.php?rest_route=\/wp\/v2\/types\/post"}],"author":[{"embeddable":true,"href":"https:\/\/heimatverein-nieder-roden.de\/index.php?rest_route=\/wp\/v2\/users\/1"}],"replies":[{"embeddable":true,"href":"https:\/\/heimatverein-nieder-roden.de\/index.php?rest_route=%2Fwp%2Fv2%2Fcomments&post=7981"}],"version-history":[{"count":1,"href":"https:\/\/heimatverein-nieder-roden.de\/index.php?rest_route=\/wp\/v2\/posts\/7981\/revisions"}],"predecessor-version":[{"id":7983,"href":"https:\/\/heimatverein-nieder-roden.de\/index.php?rest_route=\/wp\/v2\/posts\/7981\/revisions\/7983"}],"wp:featuredmedia":[{"embeddable":true,"href":"https:\/\/heimatverein-nieder-roden.de\/index.php?rest_route=\/wp\/v2\/media\/7982"}],"wp:attachment":[{"href":"https:\/\/heimatverein-nieder-roden.de\/index.php?rest_route=%2Fwp%2Fv2%2Fmedia&parent=7981"}],"wp:term":[{"taxonomy":"category","embeddable":true,"href":"https:\/\/heimatverein-nieder-roden.de\/index.php?rest_route=%2Fwp%2Fv2%2Fcategories&post=7981"},{"taxonomy":"post_tag","embeddable":true,"href":"https:\/\/heimatverein-nieder-roden.de\/index.php?rest_route=%2Fwp%2Fv2%2Ftags&post=7981"}],"curies":[{"name":"wp","href":"https:\/\/api.w.org\/{rel}","templated":true}]}}