{"id":7955,"date":"2025-02-27T20:23:18","date_gmt":"2025-02-27T19:23:18","guid":{"rendered":"https:\/\/heimatverein-nieder-roden.de\/?p=7955"},"modified":"2025-02-27T20:24:29","modified_gmt":"2025-02-27T19:24:29","slug":"kurzmeldung-heringsessen-2025-entfaellt","status":"publish","type":"post","link":"https:\/\/heimatverein-nieder-roden.de\/?p=7955","title":{"rendered":"Kurzmeldung: Heringsessen 2025 entf\u00e4llt"},"content":{"rendered":"\n<p>Das Heringsessen am Aschermittwoch kann in diesem Jahr aus personellen Gr\u00fcnden leider nicht stattfinden.<\/p>\n\n\n\n<p>Wir freuen uns aber schon aufs n\u00e4chste Jahr und w\u00fcnschen allen eine frohe Fastnachtszeit!<\/p>\n\n\n\n<figure class=\"wp-block-image size-large\"><img decoding=\"async\" width=\"1024\" height=\"1024\" src=\"https:\/\/heimatverein-nieder-roden.de\/wp-content\/uploads\/2025\/02\/Hering_Symbolbild_Firefly_007-1024x1024.jpg\" alt=\"\" class=\"wp-image-7956\" srcset=\"https:\/\/heimatverein-nieder-roden.de\/wp-content\/uploads\/2025\/02\/Hering_Symbolbild_Firefly_007-1024x1024.jpg 1024w, https:\/\/heimatverein-nieder-roden.de\/wp-content\/uploads\/2025\/02\/Hering_Symbolbild_Firefly_007-300x300.jpg 300w, https:\/\/heimatverein-nieder-roden.de\/wp-content\/uploads\/2025\/02\/Hering_Symbolbild_Firefly_007-150x150.jpg 150w, https:\/\/heimatverein-nieder-roden.de\/wp-content\/uploads\/2025\/02\/Hering_Symbolbild_Firefly_007-768x768.jpg 768w, https:\/\/heimatverein-nieder-roden.de\/wp-content\/uploads\/2025\/02\/Hering_Symbolbild_Firefly_007-1536x1536.jpg 1536w, https:\/\/heimatverein-nieder-roden.de\/wp-content\/uploads\/2025\/02\/Hering_Symbolbild_Firefly_007-836x836.jpg 836w, https:\/\/heimatverein-nieder-roden.de\/wp-content\/uploads\/2025\/02\/Hering_Symbolbild_Firefly_007-560x560.jpg 560w, https:\/\/heimatverein-nieder-roden.de\/wp-content\/uploads\/2025\/02\/Hering_Symbolbild_Firefly_007.jpg 2048w\" sizes=\"(max-width: 1024px) 100vw, 1024px\" \/><\/figure>\n\n\n\n<hr class=\"wp-block-separator has-alpha-channel-opacity is-style-wide\"\/>\n\n\nBeitrag 0 mal aufgerufen in den letzten 365 Tagen.\n","protected":false},"excerpt":{"rendered":"<p>Das Heringsessen am Aschermittwoch kann in diesem Jahr aus personellen Gr\u00fcnden leider nicht stattfinden. Wir freuen uns aber schon aufs n\u00e4chste Jahr und w\u00fcnschen allen eine frohe Fastnachtszeit!<\/p>\n","protected":false},"author":1,"featured_media":7956,"comment_status":"closed","ping_status":"closed","sticky":false,"template":"","format":"standard","meta":{"_coblocks_attr":"","_coblocks_dimensions":"","_coblocks_responsive_height":"","_coblocks_accordion_ie_support":"","footnotes":"","_share_on_mastodon":"0"},"categories":[6,161,97],"tags":[34,35,163,32,162,136],"class_list":["post-7955","post","type-post","status-publish","format-standard","has-post-thumbnail","hentry","category-aktuell","category-heringsessen","category-slider","tag-akhnr","tag-arbeitskreis-fuer-heimatkunde-nieder-roden-e-v","tag-aschermittwoch","tag-heimatmuseum","tag-heringsessen","tag-museum","nodate"],"share_on_mastodon":{"url":"","error":""},"publishpress_future_action":{"enabled":false,"date":"2026-05-08 15:29:50","action":"category-remove","newStatus":"draft","terms":[],"taxonomy":"category","extraData":[]},"publishpress_future_workflow_manual_trigger":{"enabledWorkflows":[]},"_links":{"self":[{"href":"https:\/\/heimatverein-nieder-roden.de\/index.php?rest_route=\/wp\/v2\/posts\/7955","targetHints":{"allow":["GET"]}}],"collection":[{"href":"https:\/\/heimatverein-nieder-roden.de\/index.php?rest_route=\/wp\/v2\/posts"}],"about":[{"href":"https:\/\/heimatverein-nieder-roden.de\/index.php?rest_route=\/wp\/v2\/types\/post"}],"author":[{"embeddable":true,"href":"https:\/\/heimatverein-nieder-roden.de\/index.php?rest_route=\/wp\/v2\/users\/1"}],"replies":[{"embeddable":true,"href":"https:\/\/heimatverein-nieder-roden.de\/index.php?rest_route=%2Fwp%2Fv2%2Fcomments&post=7955"}],"version-history":[{"count":1,"href":"https:\/\/heimatverein-nieder-roden.de\/index.php?rest_route=\/wp\/v2\/posts\/7955\/revisions"}],"predecessor-version":[{"id":7957,"href":"https:\/\/heimatverein-nieder-roden.de\/index.php?rest_route=\/wp\/v2\/posts\/7955\/revisions\/7957"}],"wp:featuredmedia":[{"embeddable":true,"href":"https:\/\/heimatverein-nieder-roden.de\/index.php?rest_route=\/wp\/v2\/media\/7956"}],"wp:attachment":[{"href":"https:\/\/heimatverein-nieder-roden.de\/index.php?rest_route=%2Fwp%2Fv2%2Fmedia&parent=7955"}],"wp:term":[{"taxonomy":"category","embeddable":true,"href":"https:\/\/heimatverein-nieder-roden.de\/index.php?rest_route=%2Fwp%2Fv2%2Fcategories&post=7955"},{"taxonomy":"post_tag","embeddable":true,"href":"https:\/\/heimatverein-nieder-roden.de\/index.php?rest_route=%2Fwp%2Fv2%2Ftags&post=7955"}],"curies":[{"name":"wp","href":"https:\/\/api.w.org\/{rel}","templated":true}]}}