{"id":7931,"date":"2025-01-20T14:29:38","date_gmt":"2025-01-20T13:29:38","guid":{"rendered":"https:\/\/heimatverein-nieder-roden.de\/?p=7931"},"modified":"2025-01-20T14:31:19","modified_gmt":"2025-01-20T13:31:19","slug":"einladung-zum-stadtteiltreff-nieder-roden-sozialzentrum-am-28-januar","status":"publish","type":"post","link":"https:\/\/heimatverein-nieder-roden.de\/?p=7931","title":{"rendered":"Einladung zum Stadtteiltreff Nieder-Roden &#8211; Sozialzentrum 28. Januar"},"content":{"rendered":"\n<p class=\"is-style-info\">Text: Gemeinwesenarbeit Stadt Rodgau &#8211; Stadtteilb\u00fcro Nieder-Roden<\/p>\n\n\n\n<p>Sch\u00f6nen guten Tag an Bewohner\/innen, liebe Netzwerker\/innen, Interessierte am Geschehen in Nieder-Roden,<\/p>\n\n\n\n<p>am kommenden Dienstag, 28.01.2025 findet von 18 &#8211; 19:30 Uhr, Sozialzentrum Raum 1+2 das n\u00e4chste Stadtteiltreffen statt. <br><strong>Aus organisatorischen Gr\u00fcnden bitten wir um eine kurze Mitteilung, ob Sie dabei sein m\u00f6chten.<\/strong><\/p>\n\n\n<div class=\"wp-block-image\">\n<figure class=\"aligncenter size-full is-resized\"><img decoding=\"async\" width=\"660\" height=\"153\" src=\"https:\/\/heimatverein-nieder-roden.de\/wp-content\/uploads\/2024\/11\/Druck_2024_Logo_Gemeinwesenarbeit_kompr.jpg\" alt=\"\" class=\"wp-image-7726\" style=\"width:649px;height:auto\" srcset=\"https:\/\/heimatverein-nieder-roden.de\/wp-content\/uploads\/2024\/11\/Druck_2024_Logo_Gemeinwesenarbeit_kompr.jpg 660w, https:\/\/heimatverein-nieder-roden.de\/wp-content\/uploads\/2024\/11\/Druck_2024_Logo_Gemeinwesenarbeit_kompr-300x70.jpg 300w, https:\/\/heimatverein-nieder-roden.de\/wp-content\/uploads\/2024\/11\/Druck_2024_Logo_Gemeinwesenarbeit_kompr-560x130.jpg 560w\" sizes=\"(max-width: 660px) 100vw, 660px\" \/><figcaption class=\"wp-element-caption\">Logo zur Gemeinwesenarbeit in Hessen \n\u00a9Hessisches Sozialministerium<\/figcaption><\/figure>\n<\/div>\n\n\n<h2 class=\"wp-block-heading\">Tagesordnung<\/h2>\n\n\n\n<ol class=\"wp-block-list\">\n<li>Pirkko Cremer &#8211; Ein Kinderbuch-Projekt \u00fcber Nieder-Roden Heimat und Identit\u00e4t<\/li>\n\n\n\n<li>Till Hoffmann \u2013 Fachbereichsleitung, Fachbereich Kommunales Bildungsmanagement der Stadt Rodgau, Bildungsmesse<\/li>\n\n\n\n<li>PITSSCH &#8211; Privatinitiative Ton-Steine-Scherben \/ Denk(doch)mal \/ Rio Reiser 2025<\/li>\n\n\n\n<li>Ihre mitgebrachten Themen, bzw. Veranstaltungen<\/li>\n\n\n\n<li>Verschiedenes<\/li>\n<\/ol>\n\n\n\n<p>Wir freuen uns auf den Austausch mit Ihnen<\/p>\n\n\n\n<p>Lisa Bengez, Rafael Ledwig, Maike Vogel<br>vom Stadtteilb\u00fcro Nieder-Roden<\/p>\n\n\n\n<p>Mit freundlichen Gr\u00fc\u00dfen<br>Im Auftrag<br><br>Rafael Ledwig<br>Fachbereich Kommunales Bildungsmanagement<br><br>Sozialzentrum<br>Puiseauxplatz 3<br>63110 Rodgau<br><br>Tel.:\u00a0<a href=\"tel:+49 (6106) 693-1250\">+49 (6106) 693-1250<\/a>\u00a0<br>FAX:\u00a0<a href=\"tel:+49 (6106) 693-2009\">+49 (6106) 693-2009<\/a>\u00a0<br>E-Mail:\u00a0<a href=\"mailto:rafael.ledwig@rodgau.de\">rafael.ledwig@rodgau.de<\/a><\/p>\n","protected":false},"excerpt":{"rendered":"<p>Text: Gemeinwesenarbeit Stadt Rodgau &#8211; Stadtteilb\u00fcro Nieder-Roden Sch\u00f6nen guten Tag an Bewohner\/innen, liebe Netzwerker\/innen, Interessierte am Geschehen in Nieder-Roden, am kommenden Dienstag, 28.01.2025 findet von 18 &#8211; 19:30 Uhr, Sozialzentrum Raum 1+2 das n\u00e4chste Stadtteiltreffen statt. Aus organisatorischen Gr\u00fcnden bitten wir um eine kurze Mitteilung, ob Sie dabei sein m\u00f6chten. Tagesordnung Wir freuen uns auf &hellip; <\/p>\n<p><a class=\"more-link btn\" href=\"https:\/\/heimatverein-nieder-roden.de\/?p=7931\">Weiterlesen<\/a><\/p>\n","protected":false},"author":1,"featured_media":7726,"comment_status":"closed","ping_status":"closed","sticky":false,"template":"","format":"standard","meta":{"_coblocks_attr":"","_coblocks_dimensions":"","_coblocks_responsive_height":"","_coblocks_accordion_ie_support":"","footnotes":"","_share_on_mastodon":"0"},"categories":[6,574,97],"tags":[468,575,75,442,573,576],"class_list":["post-7931","post","type-post","status-publish","format-standard","has-post-thumbnail","hentry","category-aktuell","category-gemeinwesenarbeit","category-slider","tag-gemeinwesenarbeit-rodgau","tag-netzwerktreffen","tag-puiseauxplatz","tag-sozialzentrum","tag-stadtteilbuero","tag-stadtteiltreff","nodate"],"share_on_mastodon":{"url":"","error":""},"publishpress_future_action":{"enabled":false,"date":"2026-05-07 01:03:25","action":"category-remove","newStatus":"draft","terms":[],"taxonomy":"category","extraData":[]},"publishpress_future_workflow_manual_trigger":{"enabledWorkflows":[]},"_links":{"self":[{"href":"https:\/\/heimatverein-nieder-roden.de\/index.php?rest_route=\/wp\/v2\/posts\/7931","targetHints":{"allow":["GET"]}}],"collection":[{"href":"https:\/\/heimatverein-nieder-roden.de\/index.php?rest_route=\/wp\/v2\/posts"}],"about":[{"href":"https:\/\/heimatverein-nieder-roden.de\/index.php?rest_route=\/wp\/v2\/types\/post"}],"author":[{"embeddable":true,"href":"https:\/\/heimatverein-nieder-roden.de\/index.php?rest_route=\/wp\/v2\/users\/1"}],"replies":[{"embeddable":true,"href":"https:\/\/heimatverein-nieder-roden.de\/index.php?rest_route=%2Fwp%2Fv2%2Fcomments&post=7931"}],"version-history":[{"count":2,"href":"https:\/\/heimatverein-nieder-roden.de\/index.php?rest_route=\/wp\/v2\/posts\/7931\/revisions"}],"predecessor-version":[{"id":7934,"href":"https:\/\/heimatverein-nieder-roden.de\/index.php?rest_route=\/wp\/v2\/posts\/7931\/revisions\/7934"}],"wp:featuredmedia":[{"embeddable":true,"href":"https:\/\/heimatverein-nieder-roden.de\/index.php?rest_route=\/wp\/v2\/media\/7726"}],"wp:attachment":[{"href":"https:\/\/heimatverein-nieder-roden.de\/index.php?rest_route=%2Fwp%2Fv2%2Fmedia&parent=7931"}],"wp:term":[{"taxonomy":"category","embeddable":true,"href":"https:\/\/heimatverein-nieder-roden.de\/index.php?rest_route=%2Fwp%2Fv2%2Fcategories&post=7931"},{"taxonomy":"post_tag","embeddable":true,"href":"https:\/\/heimatverein-nieder-roden.de\/index.php?rest_route=%2Fwp%2Fv2%2Ftags&post=7931"}],"curies":[{"name":"wp","href":"https:\/\/api.w.org\/{rel}","templated":true}]}}