{"id":7826,"date":"2024-12-01T22:50:17","date_gmt":"2024-12-01T21:50:17","guid":{"rendered":"https:\/\/heimatverein-nieder-roden.de\/?p=7826"},"modified":"2024-12-13T13:57:54","modified_gmt":"2024-12-13T12:57:54","slug":"adventsmarkt-2024-am-7-8-dezember-an-der-kirche","status":"publish","type":"post","link":"https:\/\/heimatverein-nieder-roden.de\/?p=7826","title":{"rendered":"Adventsmarkt 2024 &#8211; Am 7.\/8. Dezember an der Kirche"},"content":{"rendered":"\n<p>Der Nieder-R\u00f6der Adventsmarkt am 2. Adventswochenende ist ein fester Termin im Jahreskalender des AKHNR.<\/p>\n\n\n\n<p><strong>Er wird organisiert und getragen von der Pfarrgemeinde St. Matthias Nieder-Roden.<br>Ein gro\u00dfer Dank geht an die tragenden und helfenden H\u00e4nde!<\/strong><\/p>\n\n\n<div class=\"wp-block-image\">\n<figure class=\"aligncenter size-full has-lightbox\"><a href=\"https:\/\/sanktmatthias.de\" target=\"_blank\" rel=\" noreferrer noopener\"><img decoding=\"async\" width=\"314\" height=\"307\" src=\"https:\/\/heimatverein-nieder-roden.de\/wp-content\/uploads\/2023\/08\/Pfarrgemeinde-St-Matthias-Nieder-Roden_Logo-Pfarrbote.png\" alt=\"\" class=\"wp-image-5638\" srcset=\"https:\/\/heimatverein-nieder-roden.de\/wp-content\/uploads\/2023\/08\/Pfarrgemeinde-St-Matthias-Nieder-Roden_Logo-Pfarrbote.png 314w, https:\/\/heimatverein-nieder-roden.de\/wp-content\/uploads\/2023\/08\/Pfarrgemeinde-St-Matthias-Nieder-Roden_Logo-Pfarrbote-300x293.png 300w\" sizes=\"(max-width: 314px) 100vw, 314px\" \/><\/a><figcaption class=\"wp-element-caption\">Logo der Pfarrgemeinde St. Matthias Nieder-Roden &#8211; mit einem Klick gelangen Sie auf die Internetseite.<\/figcaption><\/figure>\n<\/div>\n\n\n<p>20 St\u00e4nde dr\u00e4ngen sich in diesem Jahr auf dem Kirchplatz, in Turm- und Schulstra\u00dfe, um die Sankt Matthias Kirche, das Pfarrheim und das Heimatmuseum im alten Ortskern von Nieder-Roden. Dabei sorgen sie f\u00fcr eine einzigartige Atmosph\u00e4re wie es sie in Rodgau kein zweites Mal gibt.<\/p>\n\n\n\n<p>Bei uns gibt es alle Infos zum Markt mit Lageplan der St\u00e4nde.<\/p>\n\n\n<div class=\"wp-block-image\">\n<figure class=\"aligncenter size-large is-resized has-lightbox\"><a href=\"https:\/\/heimatverein-nieder-roden.de\/?page_id=7761#lageplan\"><img decoding=\"async\" width=\"1024\" height=\"568\" src=\"https:\/\/heimatverein-nieder-roden.de\/wp-content\/uploads\/2024\/12\/NR-Adventsmarkt-2024_Lageplan-1024x568.jpg\" alt=\"\" class=\"wp-image-7769\" style=\"width:577px;height:auto\" srcset=\"https:\/\/heimatverein-nieder-roden.de\/wp-content\/uploads\/2024\/12\/NR-Adventsmarkt-2024_Lageplan-1024x568.jpg 1024w, https:\/\/heimatverein-nieder-roden.de\/wp-content\/uploads\/2024\/12\/NR-Adventsmarkt-2024_Lageplan-300x166.jpg 300w, https:\/\/heimatverein-nieder-roden.de\/wp-content\/uploads\/2024\/12\/NR-Adventsmarkt-2024_Lageplan-768x426.jpg 768w, https:\/\/heimatverein-nieder-roden.de\/wp-content\/uploads\/2024\/12\/NR-Adventsmarkt-2024_Lageplan-1536x852.jpg 1536w, https:\/\/heimatverein-nieder-roden.de\/wp-content\/uploads\/2024\/12\/NR-Adventsmarkt-2024_Lageplan-836x464.jpg 836w, https:\/\/heimatverein-nieder-roden.de\/wp-content\/uploads\/2024\/12\/NR-Adventsmarkt-2024_Lageplan-560x311.jpg 560w, https:\/\/heimatverein-nieder-roden.de\/wp-content\/uploads\/2024\/12\/NR-Adventsmarkt-2024_Lageplan.jpg 1560w\" sizes=\"(max-width: 1024px) 100vw, 1024px\" \/><\/a><figcaption class=\"wp-element-caption\">Lageplan des Adventsmarktes 2024 &#8211; \u00a9 Pfarrgemeinde St. Matthias Nieder-Roden\/Adventsmarkt-Komitee<\/figcaption><\/figure>\n<\/div>\n\n\n<div class=\"wp-block-buttons is-content-justification-center is-layout-flex wp-container-core-buttons-is-layout-16018d1d wp-block-buttons-is-layout-flex\">\n<div class=\"wp-block-button is-style-circular\"><a class=\"wp-block-button__link has-background wp-element-button\" href=\"https:\/\/heimatverein-nieder-roden.de\/?page_id=7761\" style=\"background-color:#932418\">Alle Infos zum Adventsmarkt<\/a><\/div>\n<\/div>\n","protected":false},"excerpt":{"rendered":"<p>Der Nieder-R\u00f6der Adventsmarkt am 2. Adventswochenende ist ein fester Termin im Jahreskalender des AKHNR. Er wird organisiert und getragen von der Pfarrgemeinde St. Matthias Nieder-Roden.Ein gro\u00dfer Dank geht an die tragenden und helfenden H\u00e4nde! 20 St\u00e4nde dr\u00e4ngen sich in diesem Jahr auf dem Kirchplatz, in Turm- und Schulstra\u00dfe, um die Sankt Matthias Kirche, das Pfarrheim &hellip; <\/p>\n<p><a class=\"more-link btn\" href=\"https:\/\/heimatverein-nieder-roden.de\/?p=7826\">Weiterlesen<\/a><\/p>\n","protected":false},"author":1,"featured_media":2004,"comment_status":"closed","ping_status":"closed","sticky":false,"template":"","format":"standard","meta":{"_coblocks_attr":"","_coblocks_dimensions":"","_coblocks_responsive_height":"","_coblocks_accordion_ie_support":"","footnotes":"","_share_on_mastodon":"0"},"categories":[596,6],"tags":[137,601,313,133],"class_list":["post-7826","post","type-post","status-publish","format-standard","has-post-thumbnail","hentry","category-adventsmarkt-2024","category-aktuell","tag-adventsmarkt","tag-analog","tag-nieder-roeder-adventsmarkt","tag-pfarrgemeinde-sankt-matthias","nodate"],"share_on_mastodon":{"url":"","error":""},"publishpress_future_action":{"enabled":false,"date":"2026-05-06 23:06:43","action":"category-remove","newStatus":"draft","terms":[],"taxonomy":"category","extraData":[]},"publishpress_future_workflow_manual_trigger":{"enabledWorkflows":[]},"_links":{"self":[{"href":"https:\/\/heimatverein-nieder-roden.de\/index.php?rest_route=\/wp\/v2\/posts\/7826","targetHints":{"allow":["GET"]}}],"collection":[{"href":"https:\/\/heimatverein-nieder-roden.de\/index.php?rest_route=\/wp\/v2\/posts"}],"about":[{"href":"https:\/\/heimatverein-nieder-roden.de\/index.php?rest_route=\/wp\/v2\/types\/post"}],"author":[{"embeddable":true,"href":"https:\/\/heimatverein-nieder-roden.de\/index.php?rest_route=\/wp\/v2\/users\/1"}],"replies":[{"embeddable":true,"href":"https:\/\/heimatverein-nieder-roden.de\/index.php?rest_route=%2Fwp%2Fv2%2Fcomments&post=7826"}],"version-history":[{"count":1,"href":"https:\/\/heimatverein-nieder-roden.de\/index.php?rest_route=\/wp\/v2\/posts\/7826\/revisions"}],"predecessor-version":[{"id":7827,"href":"https:\/\/heimatverein-nieder-roden.de\/index.php?rest_route=\/wp\/v2\/posts\/7826\/revisions\/7827"}],"wp:featuredmedia":[{"embeddable":true,"href":"https:\/\/heimatverein-nieder-roden.de\/index.php?rest_route=\/wp\/v2\/media\/2004"}],"wp:attachment":[{"href":"https:\/\/heimatverein-nieder-roden.de\/index.php?rest_route=%2Fwp%2Fv2%2Fmedia&parent=7826"}],"wp:term":[{"taxonomy":"category","embeddable":true,"href":"https:\/\/heimatverein-nieder-roden.de\/index.php?rest_route=%2Fwp%2Fv2%2Fcategories&post=7826"},{"taxonomy":"post_tag","embeddable":true,"href":"https:\/\/heimatverein-nieder-roden.de\/index.php?rest_route=%2Fwp%2Fv2%2Ftags&post=7826"}],"curies":[{"name":"wp","href":"https:\/\/api.w.org\/{rel}","templated":true}]}}