{"id":7751,"date":"2024-12-01T22:49:55","date_gmt":"2024-12-01T21:49:55","guid":{"rendered":"https:\/\/heimatverein-nieder-roden.de\/?p=7751"},"modified":"2024-12-13T13:57:54","modified_gmt":"2024-12-13T12:57:54","slug":"adventsmarkt-2024-buecherflohmarkt-der-katholischen-oeffentlichen-buecherei","status":"publish","type":"post","link":"https:\/\/heimatverein-nieder-roden.de\/?p=7751","title":{"rendered":"Adventsmarkt 2024 &#8211; B\u00fccherflohmarkt der katholischen \u00f6ffentlichen B\u00fccherei"},"content":{"rendered":"\n<p>Die Pfarrgemeinde St. Matthias l\u00e4dt herzlich ein zum B\u00fccherflohmarkt w\u00e4hrend des Adventsmarktes im Foyer des Pfarrheims St. Matthias. Massenhaft B\u00fccher warten auf Leserinnen und Leser. Die Abgabe erfolgt gegen eine Spende. Der Erl\u00f6s dient der Aktualisierung des Medienbestandes der katholischen \u00f6ffentlichen B\u00fccherei. <\/p>\n\n\n\n<figure class=\"wp-block-pullquote\"><blockquote><p>Der Flohmarkt ist ge\u00f6ffnet:<br><br>Samstag, 7. Dezember von 16 Uhr bis 18.30 Uhr <br>Sonntag, 8. Dezember von 14 Uhr bis 18.30 Uhr<\/p><\/blockquote><\/figure>\n\n\n\n<p class=\"is-style-info\">Quelle: Pfarrbote 11\/2024 <br><br>Ver\u00f6ffentlichung mit freundlicher Genehmigung der Pfarrgemeinde St. Matthias Nieder-Roden.<br>Vielen Dank!<\/p>\n","protected":false},"excerpt":{"rendered":"<p>Die Pfarrgemeinde St. Matthias l\u00e4dt herzlich ein zum B\u00fccherflohmarkt w\u00e4hrend des Adventsmarktes im Foyer des Pfarrheims St. Matthias. Massenhaft B\u00fccher warten auf Leserinnen und Leser. <\/p><p><a class=\"more-link btn\" href=\"https:\/\/heimatverein-nieder-roden.de\/?p=7751\">Weiterlesen<\/a><\/p>\n","protected":false},"author":1,"featured_media":2147,"comment_status":"closed","ping_status":"closed","sticky":false,"template":"","format":"standard","meta":{"_coblocks_attr":"","_coblocks_dimensions":"","_coblocks_responsive_height":"","_coblocks_accordion_ie_support":"","footnotes":"","_share_on_mastodon":"0"},"categories":[596,6,585],"tags":[137,601,586,588,587,313,133,376],"class_list":["post-7751","post","type-post","status-publish","format-standard","has-post-thumbnail","hentry","category-adventsmarkt-2024","category-aktuell","category-pfarrgemeinde-sankt-matthias","tag-adventsmarkt","tag-analog","tag-buecherflohmarkt","tag-flohmarkt","tag-katholische-oeffentliche-buecherei","tag-nieder-roeder-adventsmarkt","tag-pfarrgemeinde-sankt-matthias","tag-pfarrheim-nieder-roden","nodate"],"share_on_mastodon":{"url":"","error":""},"publishpress_future_action":{"enabled":false,"date":"2026-05-06 22:55:17","action":"category-remove","newStatus":"draft","terms":[],"taxonomy":"category","extraData":[]},"publishpress_future_workflow_manual_trigger":{"enabledWorkflows":[]},"_links":{"self":[{"href":"https:\/\/heimatverein-nieder-roden.de\/index.php?rest_route=\/wp\/v2\/posts\/7751","targetHints":{"allow":["GET"]}}],"collection":[{"href":"https:\/\/heimatverein-nieder-roden.de\/index.php?rest_route=\/wp\/v2\/posts"}],"about":[{"href":"https:\/\/heimatverein-nieder-roden.de\/index.php?rest_route=\/wp\/v2\/types\/post"}],"author":[{"embeddable":true,"href":"https:\/\/heimatverein-nieder-roden.de\/index.php?rest_route=\/wp\/v2\/users\/1"}],"replies":[{"embeddable":true,"href":"https:\/\/heimatverein-nieder-roden.de\/index.php?rest_route=%2Fwp%2Fv2%2Fcomments&post=7751"}],"version-history":[{"count":2,"href":"https:\/\/heimatverein-nieder-roden.de\/index.php?rest_route=\/wp\/v2\/posts\/7751\/revisions"}],"predecessor-version":[{"id":7896,"href":"https:\/\/heimatverein-nieder-roden.de\/index.php?rest_route=\/wp\/v2\/posts\/7751\/revisions\/7896"}],"wp:featuredmedia":[{"embeddable":true,"href":"https:\/\/heimatverein-nieder-roden.de\/index.php?rest_route=\/wp\/v2\/media\/2147"}],"wp:attachment":[{"href":"https:\/\/heimatverein-nieder-roden.de\/index.php?rest_route=%2Fwp%2Fv2%2Fmedia&parent=7751"}],"wp:term":[{"taxonomy":"category","embeddable":true,"href":"https:\/\/heimatverein-nieder-roden.de\/index.php?rest_route=%2Fwp%2Fv2%2Fcategories&post=7751"},{"taxonomy":"post_tag","embeddable":true,"href":"https:\/\/heimatverein-nieder-roden.de\/index.php?rest_route=%2Fwp%2Fv2%2Ftags&post=7751"}],"curies":[{"name":"wp","href":"https:\/\/api.w.org\/{rel}","templated":true}]}}