{"id":7700,"date":"2024-11-08T12:09:47","date_gmt":"2024-11-08T11:09:47","guid":{"rendered":"https:\/\/heimatverein-nieder-roden.de\/?p=7700"},"modified":"2024-11-08T12:20:25","modified_gmt":"2024-11-08T11:20:25","slug":"einladung-zum-stadtteiltreff-am-13-november-im-sozialzentrum","status":"publish","type":"post","link":"https:\/\/heimatverein-nieder-roden.de\/?p=7700","title":{"rendered":"Einladung zum Stadtteiltreff Nieder-Roden &#8211; Sozialzentrum 13. November"},"content":{"rendered":"\n<p class=\"is-style-info\">Text: Gemeinwesenarbeit Stadt Rodgau &#8211; Stadtteilb\u00fcro Nieder-Roden<\/p>\n\n\n\n<p>Sch\u00f6nen guten Tag an Bewohner\/innen, liebe Netzwerker\/innen, Interessierte am Geschehen in Nieder-Roden,<\/p>\n\n\n\n<p>am kommenden Mittwoch, 13.11.2024 findet von 18 \u2013 19:30 Uhr das n\u00e4chste Stadtteiltreff statt.<br>Wie gehabt wird es im Sozialzentrum, diesmal aber im Keller in Raum 5 stattfinden.<br>Der Haupteingang des Sozialzentrums ist daf\u00fcr ge\u00f6ffnet.<br><strong>Aus organisatorischen Gr\u00fcnden bitten wir um eine kurze Mitteilung, ob Sie dabei sein m\u00f6chten.<\/strong><\/p>\n\n\n<div class=\"wp-block-image\">\n<figure class=\"aligncenter size-full is-resized\"><img decoding=\"async\" width=\"660\" height=\"153\" src=\"https:\/\/heimatverein-nieder-roden.de\/wp-content\/uploads\/2024\/11\/Druck_2024_Logo_Gemeinwesenarbeit_kompr.jpg\" alt=\"\" class=\"wp-image-7726\" style=\"width:649px;height:auto\" srcset=\"https:\/\/heimatverein-nieder-roden.de\/wp-content\/uploads\/2024\/11\/Druck_2024_Logo_Gemeinwesenarbeit_kompr.jpg 660w, https:\/\/heimatverein-nieder-roden.de\/wp-content\/uploads\/2024\/11\/Druck_2024_Logo_Gemeinwesenarbeit_kompr-300x70.jpg 300w, https:\/\/heimatverein-nieder-roden.de\/wp-content\/uploads\/2024\/11\/Druck_2024_Logo_Gemeinwesenarbeit_kompr-560x130.jpg 560w\" sizes=\"(max-width: 660px) 100vw, 660px\" \/><figcaption class=\"wp-element-caption\">Logo zur Gemeinwesenarbeit in Hessen \n\u00a9Hessisches Sozialministerium<\/figcaption><\/figure>\n<\/div>\n\n\n<h2 class=\"wp-block-heading\">Tagesordnung<\/h2>\n\n\n\n<ol start=\"1\" class=\"wp-block-list\">\n<li>Bericht aus dem Stadtteilb\u00fcro\n<ol start=\"1\" class=\"wp-block-list\">\n<li>Veranstaltungen<\/li>\n\n\n\n<li>Begegnungsangebote &nbsp;f\u00fcr unterschiedliche Altersgruppen &nbsp;<\/li>\n<\/ol>\n<\/li>\n\n\n\n<li>Ausblick auf Veranstaltungen und Termine aus dem Stadtteil\n<ol start=\"1\" class=\"wp-block-list\">\n<li>Kultur<\/li>\n\n\n\n<li>Verschiedenes<\/li>\n<\/ol>\n<\/li>\n\n\n\n<li>Diverses\n<ol start=\"1\" class=\"wp-block-list\">\n<li>B\u00fcro Vielfalt -Stadt Rodgau, Teresa Hannig<\/li>\n\n\n\n<li>Wohnraumberatung, Projekt von Caritas, Diakonie und AWO, Sepideh Asgari<\/li>\n\n\n\n<li>Pitssch \u2013 Privatinitiative Ton, Steine, Scherben<\/li>\n\n\n\n<li>Ihre mitgebrachten Themen<\/li>\n\n\n\n<li>Ihre Veranstaltungen<\/li>\n<\/ol>\n<\/li>\n<\/ol>\n\n\n\n<p><\/p>\n\n\n\n<p>Wir freuen uns auf den Austausch mit Ihnen<\/p>\n\n\n\n<p>Lisa Bengez, Rafael Ledwig, Maike Vogel<br>vom Stadtteilb\u00fcro Nieder-Roden<\/p>\n","protected":false},"excerpt":{"rendered":"<p>Text: Gemeinwesenarbeit Stadt Rodgau &#8211; Stadtteilb\u00fcro Nieder-Roden Sch\u00f6nen guten Tag an Bewohner\/innen, liebe Netzwerker\/innen, Interessierte am Geschehen in Nieder-Roden, am kommenden Mittwoch, 13.11.2024 findet von 18 \u2013 19:30 Uhr das n\u00e4chste Stadtteiltreff statt.Wie gehabt wird es im Sozialzentrum, diesmal aber im Keller in Raum 5 stattfinden.Der Haupteingang des Sozialzentrums ist daf\u00fcr ge\u00f6ffnet.Aus organisatorischen Gr\u00fcnden bitten &hellip; <\/p>\n<p><a class=\"more-link btn\" href=\"https:\/\/heimatverein-nieder-roden.de\/?p=7700\">Weiterlesen<\/a><\/p>\n","protected":false},"author":1,"featured_media":7726,"comment_status":"closed","ping_status":"closed","sticky":false,"template":"","format":"standard","meta":{"_coblocks_attr":"","_coblocks_dimensions":"","_coblocks_responsive_height":"","_coblocks_accordion_ie_support":"","footnotes":"","_share_on_mastodon":"0"},"categories":[6,574,97],"tags":[468,575,75,442,573,576],"class_list":["post-7700","post","type-post","status-publish","format-standard","has-post-thumbnail","hentry","category-aktuell","category-gemeinwesenarbeit","category-slider","tag-gemeinwesenarbeit-rodgau","tag-netzwerktreffen","tag-puiseauxplatz","tag-sozialzentrum","tag-stadtteilbuero","tag-stadtteiltreff","nodate"],"share_on_mastodon":{"url":"","error":""},"publishpress_future_action":{"enabled":false,"date":"2026-05-07 01:03:22","action":"category-remove","newStatus":"draft","terms":[],"taxonomy":"category","extraData":[]},"publishpress_future_workflow_manual_trigger":{"enabledWorkflows":[]},"_links":{"self":[{"href":"https:\/\/heimatverein-nieder-roden.de\/index.php?rest_route=\/wp\/v2\/posts\/7700","targetHints":{"allow":["GET"]}}],"collection":[{"href":"https:\/\/heimatverein-nieder-roden.de\/index.php?rest_route=\/wp\/v2\/posts"}],"about":[{"href":"https:\/\/heimatverein-nieder-roden.de\/index.php?rest_route=\/wp\/v2\/types\/post"}],"author":[{"embeddable":true,"href":"https:\/\/heimatverein-nieder-roden.de\/index.php?rest_route=\/wp\/v2\/users\/1"}],"replies":[{"embeddable":true,"href":"https:\/\/heimatverein-nieder-roden.de\/index.php?rest_route=%2Fwp%2Fv2%2Fcomments&post=7700"}],"version-history":[{"count":7,"href":"https:\/\/heimatverein-nieder-roden.de\/index.php?rest_route=\/wp\/v2\/posts\/7700\/revisions"}],"predecessor-version":[{"id":7727,"href":"https:\/\/heimatverein-nieder-roden.de\/index.php?rest_route=\/wp\/v2\/posts\/7700\/revisions\/7727"}],"wp:featuredmedia":[{"embeddable":true,"href":"https:\/\/heimatverein-nieder-roden.de\/index.php?rest_route=\/wp\/v2\/media\/7726"}],"wp:attachment":[{"href":"https:\/\/heimatverein-nieder-roden.de\/index.php?rest_route=%2Fwp%2Fv2%2Fmedia&parent=7700"}],"wp:term":[{"taxonomy":"category","embeddable":true,"href":"https:\/\/heimatverein-nieder-roden.de\/index.php?rest_route=%2Fwp%2Fv2%2Fcategories&post=7700"},{"taxonomy":"post_tag","embeddable":true,"href":"https:\/\/heimatverein-nieder-roden.de\/index.php?rest_route=%2Fwp%2Fv2%2Ftags&post=7700"}],"curies":[{"name":"wp","href":"https:\/\/api.w.org\/{rel}","templated":true}]}}