{"id":7694,"date":"2024-11-08T08:23:06","date_gmt":"2024-11-08T07:23:06","guid":{"rendered":"https:\/\/heimatverein-nieder-roden.de\/?p=7694"},"modified":"2024-11-08T08:24:05","modified_gmt":"2024-11-08T07:24:05","slug":"lager-rollwald-erinnerung-und-mahnung-zum-volkstrauertag-17-november","status":"publish","type":"post","link":"https:\/\/heimatverein-nieder-roden.de\/?p=7694","title":{"rendered":"Lager Rollwald &#8211; Erinnerung und Mahnung zum Volkstrauertag &#8211; 17. November"},"content":{"rendered":"<div class=\"wp-block-image\">\n<figure class=\"aligncenter size-large is-resized\"><a href=\"https:\/\/heimatverein-nieder-roden.de\/wp-content\/uploads\/2024\/11\/2023-11-19_munaVeRo_Lager-Rollwald_Gedenkfeier-2023_1.jpg\"><img decoding=\"async\" width=\"1024\" height=\"682\" src=\"https:\/\/heimatverein-nieder-roden.de\/wp-content\/uploads\/2024\/11\/2023-11-19_munaVeRo_Lager-Rollwald_Gedenkfeier-2023_1-1024x682.jpg\" alt=\"\" class=\"wp-image-7706\" style=\"width:602px;height:auto\" srcset=\"https:\/\/heimatverein-nieder-roden.de\/wp-content\/uploads\/2024\/11\/2023-11-19_munaVeRo_Lager-Rollwald_Gedenkfeier-2023_1-1024x682.jpg 1024w, https:\/\/heimatverein-nieder-roden.de\/wp-content\/uploads\/2024\/11\/2023-11-19_munaVeRo_Lager-Rollwald_Gedenkfeier-2023_1-300x200.jpg 300w, https:\/\/heimatverein-nieder-roden.de\/wp-content\/uploads\/2024\/11\/2023-11-19_munaVeRo_Lager-Rollwald_Gedenkfeier-2023_1-768x512.jpg 768w, https:\/\/heimatverein-nieder-roden.de\/wp-content\/uploads\/2024\/11\/2023-11-19_munaVeRo_Lager-Rollwald_Gedenkfeier-2023_1-836x557.jpg 836w, https:\/\/heimatverein-nieder-roden.de\/wp-content\/uploads\/2024\/11\/2023-11-19_munaVeRo_Lager-Rollwald_Gedenkfeier-2023_1-560x373.jpg 560w, https:\/\/heimatverein-nieder-roden.de\/wp-content\/uploads\/2024\/11\/2023-11-19_munaVeRo_Lager-Rollwald_Gedenkfeier-2023_1-272x182.jpg 272w, https:\/\/heimatverein-nieder-roden.de\/wp-content\/uploads\/2024\/11\/2023-11-19_munaVeRo_Lager-Rollwald_Gedenkfeier-2023_1.jpg 1280w\" sizes=\"(max-width: 1024px) 100vw, 1024px\" \/><\/a><figcaption class=\"wp-element-caption\">Ansprache bei der Gedenkfeier f\u00fcr das Lager Rollwald am am 19. November 2023.<br>\u00a9munaVeRo<\/figcaption><\/figure>\n<\/div>\n\n\n<p>Die Arbeitsgruppe Rollwald, beim Verein f\u00fcr multinationale Verst\u00e4ndigung Rodgau e. V. (munaVeRo), l\u00e4dt herzlich ein, zur diesj\u00e4hrigen Gedenkfeier f\u00fcr die Verstorbenen und Opfer ungerechter Verurteilung im ehemaligen NS-Strafgefangenenlager Rollwald.<\/p>\n\n\n\n<p>Sie findet statt, am Volkstrauertag, Sonntag, dem 17. November 2024 um 14:00 Uhr, an der Gedenkst\u00e4tte in Nieder- Roden\/Rollwald am Ende der Rh\u00f6nstra\u00dfe.<\/p>\n\n\n\n<p>Die Ansprache h\u00e4lt in diesem Jahr Frau Andrea Sch\u00fclner, 1. Stadtr\u00e4tin der Stadt R\u00f6dermark.<\/p>\n\n\n\n<p>Das geistliche Wort \u00fcbernimmt Pfarrerin Kirsten Lippek von der ev. Kirchengemeinde in Rodgau J\u00fcgesheim.<\/p>\n\n\n\n<p>Musikalisch wird die Gedenkfeier diesmal wieder von Joachim Grote begleitet.<\/p>\n\n\n\n<figure class=\"wp-block-pullquote\"><blockquote><p><strong>Was?<br><\/strong>Gedenkfeier \u201eLager Rollwald&#8220;<br><br><strong>Wann?<br><\/strong>Sonntag 17. November 2024<br>14:00 Uhr<br><br><strong>Wo?<br><\/strong> Gedenkst\u00e4tte in Nieder-Roden &#8211; Rollwald<br>am Ende der Rh\u00f6nstra\u00dfe<br>63110 Rodgau<br><\/p><\/blockquote><\/figure>\n\n\n\n<h2 class=\"wp-block-heading\">Vorgesehener Ablauf<\/h2>\n\n\n\n<figure class=\"wp-block-table alignleft is-style-regular\"><table class=\"has-fixed-layout\"><thead><tr><th><strong>Beginn 14:00 Uhr<\/strong><\/th><th><\/th><\/tr><\/thead><tbody><tr><td>Musikst\u00fcck<\/td><td>Joachim Grote<\/td><\/tr><tr><td>Begr\u00fc\u00dfung<\/td><td>Herr Dr. Ostermann oder Mitglied der Rollwald-AG<\/td><\/tr><tr><td>Ansprache<\/td><td>Frau Stadtr\u00e4tin Andrea Sch\u00fclner aus R\u00f6dermark<\/td><\/tr><tr><td>Musikst\u00fcck<\/td><td><\/td><\/tr><tr><td>Geistliches Wort<\/td><td>Frau Pfarrerin Kirsten Lippek (ev. Emmausgemeinde J\u00fcgesheim)<\/td><\/tr><tr><td>Kranzniederlegung<\/td><td><\/td><\/tr><tr><td>Abschluss<\/td><td>Gemeinsames Lied \u201eDie Moorsoldaten&#8220; (mit musikal. Begleitung)<\/td><\/tr><tr><td>Nach der Gedenkfeier<\/td><td>Enth\u00fcllung der Infotafel zum Kunstprojekt \u201eMasken&#8220; und \u00dcbereignung an die Stadt Rodgau<\/td><\/tr><tr><td><\/td><td>Gelegenheit zum Gespr\u00e4ch.<\/td><\/tr><\/tbody><\/table><\/figure>\n\n\n\n<p><\/p>\n\n\n<div class=\"wp-block-image\">\n<figure class=\"aligncenter size-large is-resized\"><a href=\"https:\/\/heimatverein-nieder-roden.de\/wp-content\/uploads\/2023\/05\/2023-04-01_12-34-09_Munavero_MuenninghoffRolf_Lager-Rollwald-Maskenprojekt_IMG_3115-scaled.jpg\"><img decoding=\"async\" width=\"1024\" height=\"683\" src=\"https:\/\/heimatverein-nieder-roden.de\/wp-content\/uploads\/2023\/05\/2023-04-01_12-34-09_Munavero_MuenninghoffRolf_Lager-Rollwald-Maskenprojekt_IMG_3115-1024x683.jpg\" alt=\"\" class=\"wp-image-5211\" style=\"width:610px;height:auto\" srcset=\"https:\/\/heimatverein-nieder-roden.de\/wp-content\/uploads\/2023\/05\/2023-04-01_12-34-09_Munavero_MuenninghoffRolf_Lager-Rollwald-Maskenprojekt_IMG_3115-1024x683.jpg 1024w, https:\/\/heimatverein-nieder-roden.de\/wp-content\/uploads\/2023\/05\/2023-04-01_12-34-09_Munavero_MuenninghoffRolf_Lager-Rollwald-Maskenprojekt_IMG_3115-300x200.jpg 300w, https:\/\/heimatverein-nieder-roden.de\/wp-content\/uploads\/2023\/05\/2023-04-01_12-34-09_Munavero_MuenninghoffRolf_Lager-Rollwald-Maskenprojekt_IMG_3115-768x512.jpg 768w, https:\/\/heimatverein-nieder-roden.de\/wp-content\/uploads\/2023\/05\/2023-04-01_12-34-09_Munavero_MuenninghoffRolf_Lager-Rollwald-Maskenprojekt_IMG_3115-1536x1024.jpg 1536w, https:\/\/heimatverein-nieder-roden.de\/wp-content\/uploads\/2023\/05\/2023-04-01_12-34-09_Munavero_MuenninghoffRolf_Lager-Rollwald-Maskenprojekt_IMG_3115-2048x1365.jpg 2048w, https:\/\/heimatverein-nieder-roden.de\/wp-content\/uploads\/2023\/05\/2023-04-01_12-34-09_Munavero_MuenninghoffRolf_Lager-Rollwald-Maskenprojekt_IMG_3115-836x557.jpg 836w, https:\/\/heimatverein-nieder-roden.de\/wp-content\/uploads\/2023\/05\/2023-04-01_12-34-09_Munavero_MuenninghoffRolf_Lager-Rollwald-Maskenprojekt_IMG_3115-560x373.jpg 560w, https:\/\/heimatverein-nieder-roden.de\/wp-content\/uploads\/2023\/05\/2023-04-01_12-34-09_Munavero_MuenninghoffRolf_Lager-Rollwald-Maskenprojekt_IMG_3115-272x182.jpg 272w\" sizes=\"(max-width: 1024px) 100vw, 1024px\" \/><\/a><figcaption class=\"wp-element-caption\">Die installierten Stein-Masken auf der Gedenkst\u00e4tte des ehemaligen Lagerfriedhofs Rollwald \u2013 \u00a9Rolf M\u00fcnninghoff<\/figcaption><\/figure>\n<\/div>","protected":false},"excerpt":{"rendered":"<p>Die Arbeitsgruppe Rollwald, beim Verein f\u00fcr multinationale Verst\u00e4ndigung Rodgau e. V. (munaVeRo), l\u00e4dt herzlich ein, zur diesj\u00e4hrigen Gedenkfeier f\u00fcr die Verstorbenen und Opfer ungerechter Verurteilung im ehemaligen NS-Strafgefangenenlager Rollwald. Sie findet statt, am Volkstrauertag, Sonntag, dem 17. November 2024 um 14:00 Uhr, an der Gedenkst\u00e4tte in Nieder- Roden\/Rollwald am Ende der Rh\u00f6nstra\u00dfe. Die Ansprache h\u00e4lt &hellip; <\/p>\n<p><a class=\"more-link btn\" href=\"https:\/\/heimatverein-nieder-roden.de\/?p=7694\">Weiterlesen<\/a><\/p>\n","protected":false},"author":1,"featured_media":7706,"comment_status":"closed","ping_status":"closed","sticky":false,"template":"","format":"standard","meta":{"_coblocks_attr":"","_coblocks_dimensions":"","_coblocks_responsive_height":"","_coblocks_accordion_ie_support":"","footnotes":"","_share_on_mastodon":"0"},"categories":[6,520,97],"tags":[570,569,572,571,567,518,124,568],"class_list":["post-7694","post","type-post","status-publish","format-standard","has-post-thumbnail","hentry","category-aktuell","category-munavero","category-slider","tag-andrea-schuelner","tag-gedenkfeier-lager-rollwald","tag-joachim-grote","tag-kirsten-lippek","tag-lager-rollwald","tag-munavero","tag-rollwald","tag-volkstrauertag","nodate"],"share_on_mastodon":{"url":"","error":""},"publishpress_future_action":{"enabled":false,"date":"2026-05-07 02:15:08","action":"category-remove","newStatus":"draft","terms":[],"taxonomy":"category","extraData":[]},"publishpress_future_workflow_manual_trigger":{"enabledWorkflows":[]},"_links":{"self":[{"href":"https:\/\/heimatverein-nieder-roden.de\/index.php?rest_route=\/wp\/v2\/posts\/7694","targetHints":{"allow":["GET"]}}],"collection":[{"href":"https:\/\/heimatverein-nieder-roden.de\/index.php?rest_route=\/wp\/v2\/posts"}],"about":[{"href":"https:\/\/heimatverein-nieder-roden.de\/index.php?rest_route=\/wp\/v2\/types\/post"}],"author":[{"embeddable":true,"href":"https:\/\/heimatverein-nieder-roden.de\/index.php?rest_route=\/wp\/v2\/users\/1"}],"replies":[{"embeddable":true,"href":"https:\/\/heimatverein-nieder-roden.de\/index.php?rest_route=%2Fwp%2Fv2%2Fcomments&post=7694"}],"version-history":[{"count":8,"href":"https:\/\/heimatverein-nieder-roden.de\/index.php?rest_route=\/wp\/v2\/posts\/7694\/revisions"}],"predecessor-version":[{"id":7720,"href":"https:\/\/heimatverein-nieder-roden.de\/index.php?rest_route=\/wp\/v2\/posts\/7694\/revisions\/7720"}],"wp:featuredmedia":[{"embeddable":true,"href":"https:\/\/heimatverein-nieder-roden.de\/index.php?rest_route=\/wp\/v2\/media\/7706"}],"wp:attachment":[{"href":"https:\/\/heimatverein-nieder-roden.de\/index.php?rest_route=%2Fwp%2Fv2%2Fmedia&parent=7694"}],"wp:term":[{"taxonomy":"category","embeddable":true,"href":"https:\/\/heimatverein-nieder-roden.de\/index.php?rest_route=%2Fwp%2Fv2%2Fcategories&post=7694"},{"taxonomy":"post_tag","embeddable":true,"href":"https:\/\/heimatverein-nieder-roden.de\/index.php?rest_route=%2Fwp%2Fv2%2Ftags&post=7694"}],"curies":[{"name":"wp","href":"https:\/\/api.w.org\/{rel}","templated":true}]}}