{"id":7671,"date":"2024-11-07T17:20:51","date_gmt":"2024-11-07T16:20:51","guid":{"rendered":"https:\/\/heimatverein-nieder-roden.de\/?p=7671"},"modified":"2024-11-07T21:50:38","modified_gmt":"2024-11-07T20:50:38","slug":"martinsumzug-in-nieder-roden","status":"publish","type":"post","link":"https:\/\/heimatverein-nieder-roden.de\/?p=7671","title":{"rendered":"Martinsumzug in Nieder-Roden"},"content":{"rendered":"\n<p><strong>Anl\u00e4sslich des Festtages des Heiligen St. Martins zeigt der Laternenumzug durch den Ort zum Martinsmarkt. Vorher treffen sich die Teilnehmer des Zuges zur Martinsandacht um 17:00 Uhr in der katholischen Kirche St. Matthias Nieder-Roden.<\/strong><\/p>\n\n\n\n<p>In Nieder-Roden l\u00e4uft der Martinsumzug am 9. November direkt im Anschluss der Andacht um ca. 17:30 bis ca. 18:15 Uhr von der Katholischen Kirche St. Matthias \u00fcber die Turmstra\u00dfe, die Ober-Rodener-Stra\u00dfe, den Kr\u00fcmmlingsweg, \u00fcber den Bahn\u00fcbergang, die Rodensteinstra\u00dfe und zum Puiseauxplatz.<\/p>\n\n\n\n<h2 class=\"wp-block-heading\">Verlaufskarte<\/h2>\n\n\n\n<p>Erstellt vom Arbeitskreis f\u00fcr Heimatkunde Nieder-Roden e. V.<br>Alle Angaben ohne Gew\u00e4hr.<\/p>\n\n\n\n<figure class=\"wp-block-image size-large\"><a href=\"https:\/\/heimatverein-nieder-roden.de\/wp-content\/uploads\/2024\/11\/AKHNR_Martinsumzug-2024_Verlaufskarte_v1.0-2024-08-23_Web.jpg\"><img decoding=\"async\" width=\"1024\" height=\"725\" src=\"https:\/\/heimatverein-nieder-roden.de\/wp-content\/uploads\/2024\/11\/AKHNR_Martinsumzug-2024_Verlaufskarte_v1.0-2024-08-23_Web-1024x725.jpg\" alt=\"\" class=\"wp-image-7691\" srcset=\"https:\/\/heimatverein-nieder-roden.de\/wp-content\/uploads\/2024\/11\/AKHNR_Martinsumzug-2024_Verlaufskarte_v1.0-2024-08-23_Web-1024x725.jpg 1024w, https:\/\/heimatverein-nieder-roden.de\/wp-content\/uploads\/2024\/11\/AKHNR_Martinsumzug-2024_Verlaufskarte_v1.0-2024-08-23_Web-300x212.jpg 300w, https:\/\/heimatverein-nieder-roden.de\/wp-content\/uploads\/2024\/11\/AKHNR_Martinsumzug-2024_Verlaufskarte_v1.0-2024-08-23_Web-768x543.jpg 768w, https:\/\/heimatverein-nieder-roden.de\/wp-content\/uploads\/2024\/11\/AKHNR_Martinsumzug-2024_Verlaufskarte_v1.0-2024-08-23_Web-1536x1087.jpg 1536w, https:\/\/heimatverein-nieder-roden.de\/wp-content\/uploads\/2024\/11\/AKHNR_Martinsumzug-2024_Verlaufskarte_v1.0-2024-08-23_Web-836x592.jpg 836w, https:\/\/heimatverein-nieder-roden.de\/wp-content\/uploads\/2024\/11\/AKHNR_Martinsumzug-2024_Verlaufskarte_v1.0-2024-08-23_Web-560x396.jpg 560w, https:\/\/heimatverein-nieder-roden.de\/wp-content\/uploads\/2024\/11\/AKHNR_Martinsumzug-2024_Verlaufskarte_v1.0-2024-08-23_Web.jpg 1587w\" sizes=\"(max-width: 1024px) 100vw, 1024px\" \/><\/a><figcaption class=\"wp-element-caption\">Verlaufskarte des Martinsumzugs 2024.\n\u00a9AKHNR\/OpenStreetMaps-Mitwirkende<\/figcaption><\/figure>\n\n\n\n<p>Der Martinsumzug in Nieder-Roden wird veranstaltet in Kooperation von:<\/p>\n\n\n\n<ul class=\"wp-block-list\">\n<li>der Stadt Rodgau<\/li>\n\n\n\n<li>dem Projekt Zusammen im Zentrum<\/li>\n\n\n\n<li>dem Verein Rodgau Erleben e. V.<\/li>\n<\/ul>\n\n\n\n<p>und in Absprache mit der Pfarrgemeinde St. Matthias Nieder-Roden.<\/p>\n\n\n\n<div class=\"wp-block-columns is-layout-flex wp-container-core-columns-is-layout-9d6595d7 wp-block-columns-is-layout-flex\">\n<div class=\"wp-block-column is-layout-flow wp-block-column-is-layout-flow\">\n<div class=\"wp-block-columns is-layout-flex wp-container-core-columns-is-layout-9d6595d7 wp-block-columns-is-layout-flex\">\n<div class=\"wp-block-column is-layout-flow wp-block-column-is-layout-flow\"><div class=\"wp-block-image\">\n<figure class=\"aligncenter size-full is-resized has-lightbox\"><a href=\"https:\/\/www.sanktmatthias.de\/\" target=\"_blank\" rel=\"noreferrer noopener\"><img decoding=\"async\" width=\"314\" height=\"307\" src=\"https:\/\/heimatverein-nieder-roden.de\/wp-content\/uploads\/2023\/08\/Pfarrgemeinde-St-Matthias-Nieder-Roden_Logo-Pfarrbote.png\" alt=\"\" class=\"wp-image-5638\" style=\"width:173px;height:auto\" srcset=\"https:\/\/heimatverein-nieder-roden.de\/wp-content\/uploads\/2023\/08\/Pfarrgemeinde-St-Matthias-Nieder-Roden_Logo-Pfarrbote.png 314w, https:\/\/heimatverein-nieder-roden.de\/wp-content\/uploads\/2023\/08\/Pfarrgemeinde-St-Matthias-Nieder-Roden_Logo-Pfarrbote-300x293.png 300w\" sizes=\"(max-width: 314px) 100vw, 314px\" \/><\/a><figcaption class=\"wp-element-caption\">Das Logo der Pfarrgemeinde Sankt Matthias Nieder-Roden. Ein Klick f\u00fchrt Sie auf die Internetseite der Pfarrei.<\/figcaption><\/figure>\n<\/div><\/div>\n<\/div>\n<\/div>\n\n\n\n<div class=\"wp-block-column is-layout-flow wp-block-column-is-layout-flow\">\n<div class=\"wp-block-columns is-layout-flex wp-container-core-columns-is-layout-9d6595d7 wp-block-columns-is-layout-flex\">\n<div class=\"wp-block-column is-layout-flow wp-block-column-is-layout-flow\"><div class=\"wp-block-image\">\n<figure class=\"aligncenter size-large has-lightbox\"><a href=\"https:\/\/ziz-nieder-roden.de\/\" target=\"_blank\" rel=\"noreferrer noopener\"><img decoding=\"async\" width=\"1024\" height=\"486\" src=\"https:\/\/heimatverein-nieder-roden.de\/wp-content\/uploads\/2024\/11\/Zuhause-im-Zentrum-ZIZ_Logo_-1024x486.png\" alt=\"\" class=\"wp-image-7679\" srcset=\"https:\/\/heimatverein-nieder-roden.de\/wp-content\/uploads\/2024\/11\/Zuhause-im-Zentrum-ZIZ_Logo_-1024x486.png 1024w, https:\/\/heimatverein-nieder-roden.de\/wp-content\/uploads\/2024\/11\/Zuhause-im-Zentrum-ZIZ_Logo_-300x142.png 300w, https:\/\/heimatverein-nieder-roden.de\/wp-content\/uploads\/2024\/11\/Zuhause-im-Zentrum-ZIZ_Logo_-768x364.png 768w, https:\/\/heimatverein-nieder-roden.de\/wp-content\/uploads\/2024\/11\/Zuhause-im-Zentrum-ZIZ_Logo_-1536x728.png 1536w, https:\/\/heimatverein-nieder-roden.de\/wp-content\/uploads\/2024\/11\/Zuhause-im-Zentrum-ZIZ_Logo_-2048x971.png 2048w, https:\/\/heimatverein-nieder-roden.de\/wp-content\/uploads\/2024\/11\/Zuhause-im-Zentrum-ZIZ_Logo_-836x396.png 836w, https:\/\/heimatverein-nieder-roden.de\/wp-content\/uploads\/2024\/11\/Zuhause-im-Zentrum-ZIZ_Logo_-560x266.png 560w\" sizes=\"(max-width: 1024px) 100vw, 1024px\" \/><\/a><figcaption class=\"wp-element-caption\">Das Logo des Projektes &#8222;Zuhause im Zentrum&#8220;.<br>Ein Klick f\u00fchrt Sie auf die Internetseite des Projektes.<br>\u00a9Stadt Rodgau<\/figcaption><\/figure>\n<\/div><\/div>\n<\/div>\n<\/div>\n<\/div>\n\n\n\n<div class=\"wp-block-columns is-layout-flex wp-container-core-columns-is-layout-9d6595d7 wp-block-columns-is-layout-flex\">\n<div class=\"wp-block-column is-layout-flow wp-block-column-is-layout-flow\">\n<div class=\"wp-block-columns is-layout-flex wp-container-core-columns-is-layout-9d6595d7 wp-block-columns-is-layout-flex\">\n<div class=\"wp-block-column is-layout-flow wp-block-column-is-layout-flow\">\n<figure class=\"wp-block-image size-full has-lightbox\"><a href=\"https:\/\/www.rodgauerleben.de\/\" target=\"_blank\" rel=\"noreferrer noopener\"><img decoding=\"async\" width=\"442\" height=\"139\" src=\"https:\/\/heimatverein-nieder-roden.de\/wp-content\/uploads\/2023\/08\/Rodgau-Erleben_Logo.jpg\" alt=\"\" class=\"wp-image-5715\" srcset=\"https:\/\/heimatverein-nieder-roden.de\/wp-content\/uploads\/2023\/08\/Rodgau-Erleben_Logo.jpg 442w, https:\/\/heimatverein-nieder-roden.de\/wp-content\/uploads\/2023\/08\/Rodgau-Erleben_Logo-300x94.jpg 300w\" sizes=\"(max-width: 442px) 100vw, 442px\" \/><\/a><figcaption class=\"wp-element-caption\">Logo des Vereins Rodgau Erleben e. V.&#8216;<br>Ein Klick f\u00fchrt Sie auf die Internetseite.<\/figcaption><\/figure>\n<\/div>\n<\/div>\n<\/div>\n\n\n\n<div class=\"wp-block-column is-layout-flow wp-block-column-is-layout-flow\"><div class=\"wp-block-image\">\n<figure class=\"aligncenter size-large has-lightbox\"><a href=\"https:\/\/www.rodgau.de\/\" target=\"_blank\" rel=\"noreferrer noopener\"><img decoding=\"async\" width=\"1024\" height=\"293\" src=\"https:\/\/heimatverein-nieder-roden.de\/wp-content\/uploads\/2024\/11\/Stadt-Rodgau_Logo-1024x293.jpg\" alt=\"\" class=\"wp-image-7682\" srcset=\"https:\/\/heimatverein-nieder-roden.de\/wp-content\/uploads\/2024\/11\/Stadt-Rodgau_Logo-1024x293.jpg 1024w, https:\/\/heimatverein-nieder-roden.de\/wp-content\/uploads\/2024\/11\/Stadt-Rodgau_Logo-300x86.jpg 300w, https:\/\/heimatverein-nieder-roden.de\/wp-content\/uploads\/2024\/11\/Stadt-Rodgau_Logo-768x220.jpg 768w, https:\/\/heimatverein-nieder-roden.de\/wp-content\/uploads\/2024\/11\/Stadt-Rodgau_Logo-1536x440.jpg 1536w, https:\/\/heimatverein-nieder-roden.de\/wp-content\/uploads\/2024\/11\/Stadt-Rodgau_Logo-2048x586.jpg 2048w, https:\/\/heimatverein-nieder-roden.de\/wp-content\/uploads\/2024\/11\/Stadt-Rodgau_Logo-836x239.jpg 836w, https:\/\/heimatverein-nieder-roden.de\/wp-content\/uploads\/2024\/11\/Stadt-Rodgau_Logo-560x160.jpg 560w\" sizes=\"(max-width: 1024px) 100vw, 1024px\" \/><\/a><figcaption class=\"wp-element-caption\">Logo der Stadt Rodgau.<br>Ein Klick f\u00fchrt Sie auf die Internetseite<\/figcaption><\/figure>\n<\/div><\/div>\n<\/div>\n\n\n\n<p>Der Martinsmarkt wird erm\u00f6glicht durch das Projekt \u201eZuhause im Zentrum\u201c, mit dem die Stadt Rodgau in das Bundesf\u00f6rderprogramm \u201eZukunftsf\u00e4hige Innenst\u00e4dte und Zentren\u201c vom Bundesministerium f\u00fcr Wohnen, Stadtentwicklung und Bauwesen aufgenommen wurde. Die Veranstaltung wird in Kooperation mit der Stadt Rodgau und dem Verein Rodgau Erleben e. V. umgesetzt.<\/p>\n\n\n\n<div class=\"wp-block-buttons is-content-justification-center is-layout-flex wp-container-core-buttons-is-layout-16018d1d wp-block-buttons-is-layout-flex\">\n<div class=\"wp-block-button\"><a class=\"wp-block-button__link wp-element-button\" href=\"https:\/\/heimatverein-nieder-roden.de\/?p=7646\">mehr zum Martinsmarkt<\/a><\/div>\n<\/div>\n\n\n<div class=\"wp-block-image\">\n<figure class=\"aligncenter size-full\"><img decoding=\"async\" width=\"684\" height=\"300\" src=\"https:\/\/heimatverein-nieder-roden.de\/wp-content\/uploads\/2024\/11\/Zuhause-im-Zentrum-ZIZ-Foerderung-Bund-BMWSB_Logo_CMYK_web.png\" alt=\"\" class=\"wp-image-7681\" srcset=\"https:\/\/heimatverein-nieder-roden.de\/wp-content\/uploads\/2024\/11\/Zuhause-im-Zentrum-ZIZ-Foerderung-Bund-BMWSB_Logo_CMYK_web.png 684w, https:\/\/heimatverein-nieder-roden.de\/wp-content\/uploads\/2024\/11\/Zuhause-im-Zentrum-ZIZ-Foerderung-Bund-BMWSB_Logo_CMYK_web-300x132.png 300w, https:\/\/heimatverein-nieder-roden.de\/wp-content\/uploads\/2024\/11\/Zuhause-im-Zentrum-ZIZ-Foerderung-Bund-BMWSB_Logo_CMYK_web-560x246.png 560w\" sizes=\"(max-width: 684px) 100vw, 684px\" \/><figcaption class=\"wp-element-caption\">Bundesf\u00f6rderprogramm \u201eZukunftsf\u00e4hige Innenst\u00e4dte und Zentren\u201c des Bundesministeriums f\u00fcr Wohnen, Stadtentwicklung und Bauwesen.<br>Ein Klick f\u00fchrt Sie auf die Internetseite.<\/figcaption><\/figure>\n<\/div>","protected":false},"excerpt":{"rendered":"<p>Anl\u00e4sslich des Festtages des Heiligen St. Martins zeigt der Laternenumzug durch den Ort zum Martinsmarkt. Vorher treffen sich die Teilnehmer des Zuges zur Martinsandacht um 17:00 Uhr in der katholischen Kirche St. Matthias Nieder-Roden. In Nieder-Roden l\u00e4uft der Martinsumzug am 9. November direkt im Anschluss der Andacht um ca. 17:30 bis ca. 18:15 Uhr von &hellip; <\/p>\n<p><a class=\"more-link btn\" href=\"https:\/\/heimatverein-nieder-roden.de\/?p=7671\">Weiterlesen<\/a><\/p>\n","protected":false},"author":1,"featured_media":7691,"comment_status":"closed","ping_status":"closed","sticky":false,"template":"","format":"standard","meta":{"_coblocks_attr":"","_coblocks_dimensions":"","_coblocks_responsive_height":"","_coblocks_accordion_ie_support":"","footnotes":"","_share_on_mastodon":"0"},"categories":[6,93,97],"tags":[561,399,126],"class_list":["post-7671","post","type-post","status-publish","format-standard","has-post-thumbnail","hentry","category-aktuell","category-martinstag","category-slider","tag-laternenumzug","tag-martinsmarkt","tag-martinsumzug","nodate"],"share_on_mastodon":{"url":"","error":""},"publishpress_future_action":{"enabled":false,"date":"2026-05-07 09:42:56","action":"category-remove","newStatus":"draft","terms":[],"taxonomy":"category","extraData":[]},"publishpress_future_workflow_manual_trigger":{"enabledWorkflows":[]},"_links":{"self":[{"href":"https:\/\/heimatverein-nieder-roden.de\/index.php?rest_route=\/wp\/v2\/posts\/7671","targetHints":{"allow":["GET"]}}],"collection":[{"href":"https:\/\/heimatverein-nieder-roden.de\/index.php?rest_route=\/wp\/v2\/posts"}],"about":[{"href":"https:\/\/heimatverein-nieder-roden.de\/index.php?rest_route=\/wp\/v2\/types\/post"}],"author":[{"embeddable":true,"href":"https:\/\/heimatverein-nieder-roden.de\/index.php?rest_route=\/wp\/v2\/users\/1"}],"replies":[{"embeddable":true,"href":"https:\/\/heimatverein-nieder-roden.de\/index.php?rest_route=%2Fwp%2Fv2%2Fcomments&post=7671"}],"version-history":[{"count":7,"href":"https:\/\/heimatverein-nieder-roden.de\/index.php?rest_route=\/wp\/v2\/posts\/7671\/revisions"}],"predecessor-version":[{"id":7713,"href":"https:\/\/heimatverein-nieder-roden.de\/index.php?rest_route=\/wp\/v2\/posts\/7671\/revisions\/7713"}],"wp:featuredmedia":[{"embeddable":true,"href":"https:\/\/heimatverein-nieder-roden.de\/index.php?rest_route=\/wp\/v2\/media\/7691"}],"wp:attachment":[{"href":"https:\/\/heimatverein-nieder-roden.de\/index.php?rest_route=%2Fwp%2Fv2%2Fmedia&parent=7671"}],"wp:term":[{"taxonomy":"category","embeddable":true,"href":"https:\/\/heimatverein-nieder-roden.de\/index.php?rest_route=%2Fwp%2Fv2%2Fcategories&post=7671"},{"taxonomy":"post_tag","embeddable":true,"href":"https:\/\/heimatverein-nieder-roden.de\/index.php?rest_route=%2Fwp%2Fv2%2Ftags&post=7671"}],"curies":[{"name":"wp","href":"https:\/\/api.w.org\/{rel}","templated":true}]}}