{"id":7646,"date":"2024-11-04T11:24:17","date_gmt":"2024-11-04T10:24:17","guid":{"rendered":"https:\/\/heimatverein-nieder-roden.de\/?p=7646"},"modified":"2024-11-07T21:53:34","modified_gmt":"2024-11-07T20:53:34","slug":"2-rodgauer-martinsmarkt","status":"publish","type":"post","link":"https:\/\/heimatverein-nieder-roden.de\/?p=7646","title":{"rendered":"2. Rodgauer Martinsmarkt &#8211; 9.\/10. November 2024 in Nieder-Roden"},"content":{"rendered":"\n<p class=\"is-style-info\">Text auszugsweise: Stadt Rodgau<br>Mit freundlicher Genehmigung. Vielen Dank!<\/p>\n\n\n\n<p><strong>Zum zweiten Mal findet der Martinsmarkt in Nieder-Roden statt. Das einzigartige Event verbindet Tradition, Lichter und geselliges Miteinander in einer gro\u00dfartigen Atmosph\u00e4re. Vers\u00e4umen Sie auch nicht den Laternenumzug am 9. November um 17.30 Uhr, der auf dem Puiseauxplatz endet.<\/strong><\/p>\n\n\n<div class=\"wp-block-image\">\n<figure class=\"aligncenter size-full is-resized\"><a href=\"https:\/\/heimatverein-nieder-roden.de\/wp-content\/uploads\/2024\/10\/Rodgauer-Martinsmarkt_2024_Plakat.jpg\"><img decoding=\"async\" width=\"569\" height=\"800\" src=\"https:\/\/heimatverein-nieder-roden.de\/wp-content\/uploads\/2024\/10\/Rodgauer-Martinsmarkt_2024_Plakat.jpg\" alt=\"\" class=\"wp-image-7648\" style=\"width:370px;height:auto\" srcset=\"https:\/\/heimatverein-nieder-roden.de\/wp-content\/uploads\/2024\/10\/Rodgauer-Martinsmarkt_2024_Plakat.jpg 569w, https:\/\/heimatverein-nieder-roden.de\/wp-content\/uploads\/2024\/10\/Rodgauer-Martinsmarkt_2024_Plakat-213x300.jpg 213w, https:\/\/heimatverein-nieder-roden.de\/wp-content\/uploads\/2024\/10\/Rodgauer-Martinsmarkt_2024_Plakat-560x787.jpg 560w\" sizes=\"(max-width: 569px) 100vw, 569px\" \/><\/a><figcaption class=\"wp-element-caption\">Plakat zum 2. Rodgauer Martinsmarkt <br>\u00a9Stadt Rodgau<\/figcaption><\/figure>\n<\/div>\n\n\n<p>Am 9. und 10. November findet der 2. Rodgauer Martinsmarkt auf dem Puiseauxplatz in Rodgau Nieder-Roden statt. Hier k\u00f6nnen Jung und Alt wieder einen traditionellen Mittelaltermarkt mit verschiedenen, faszinierenden Handwerksk\u00fcnsten erleben. Spielleute und traditionelle Livemusik sorgen f\u00fcr eine stimmungsvolle Unterhaltung und&nbsp;auch f\u00fcr das leibliche Wohl ist bestens gesorgt.<\/p>\n\n\n\n<p>Nach der positiven Resonanz im letzten Jahr wird auch der Laternenumzug am Samstag, den 09.11.2024 wieder stattfinden. Er beginnt an der katholischen Kirche in Nieder-Roden um 17:30 Uhr und f\u00fchrt bis zum Martinsmarkt auf dem Puiseauxplatz.<\/p>\n\n\n\n<div class=\"wp-block-buttons is-content-justification-center is-layout-flex wp-container-core-buttons-is-layout-16018d1d wp-block-buttons-is-layout-flex\">\n<div class=\"wp-block-button\"><a class=\"wp-block-button__link wp-element-button\" href=\"https:\/\/heimatverein-nieder-roden.de\/?p=7671\" style=\"border-radius:25px\">Alle Infos zum St. Martinsumzug<\/a><\/div>\n<\/div>\n\n\n\n<h2 class=\"wp-block-heading\">Zeitplan<\/h2>\n\n\n\n<h3 class=\"wp-block-heading\">Samstag, 9. November 2024<\/h3>\n\n\n\n<figure class=\"wp-block-table alignleft\"><table class=\"has-fixed-layout\"><thead><tr><th>Wann?<\/th><th>Was?<\/th><th>Wo?<\/th><\/tr><\/thead><tbody><tr><td>15:00 Uhr<\/td><td>Marktbeginn<\/td><td>Puiseauxplatz<\/td><\/tr><tr><td>17:00 Uhr<\/td><td>Martinsandacht<\/td><td>Katholische Kirche St. Matthias, Turmstra\u00dfe<\/td><\/tr><tr><td>17:30 Uhr<\/td><td>Beginn Laternenumzug<\/td><td>Kirchplatz, Turmstra\u00dfe<br>Heimatmuseum Nieder-Roden<\/td><\/tr><tr><td>22:00 Uhr<\/td><td>Marktende<\/td><td>Puiseauxplatz<\/td><\/tr><\/tbody><\/table><\/figure>\n\n\n\n<h3 class=\"wp-block-heading\">Sonntag, 10. November 2024<\/h3>\n\n\n\n<figure class=\"wp-block-table alignleft\"><table class=\"has-fixed-layout\"><thead><tr><th>Wann?<\/th><th>Was?<\/th><th>Wo?<\/th><\/tr><\/thead><tbody><tr><td>12:00 Uhr<\/td><td>Marktbeginn<\/td><td>Puiseauxplatz<\/td><\/tr><tr><td>22:00 Uhr<\/td><td>Marktende<\/td><td>Puiseauxplatz<\/td><\/tr><\/tbody><\/table><\/figure>\n\n\n\n<h2 class=\"wp-block-heading\">Weitere Umz\u00fcge in Rodgau<\/h2>\n\n\n\n<p>Nat\u00fcrlich gibt es noch zahlreiche weitere Umz\u00fcge an Sankt Martin.<\/p>\n\n\n\n<p>Die Rodgau-Zeitung gibt hier einen \u00dcberblick:<\/p>\n\n\n\n<div class=\"wp-block-buttons is-content-justification-center is-layout-flex wp-container-core-buttons-is-layout-16018d1d wp-block-buttons-is-layout-flex\">\n<div class=\"wp-block-button\"><a class=\"wp-block-button__link wp-element-button\" href=\"https:\/\/heimatverein-nieder-roden.de\/?p=7666\" target=\"_blank\" rel=\"noreferrer noopener\">zum Artikel<\/a><\/div>\n<\/div>\n\n\n\n<h2 class=\"wp-block-heading\">Der Martinsmarkt und &#8222;Zuhause im Zentrum&#8220;<\/h2>\n\n\n\n<p>Der Martinsmarkt wird erm\u00f6glicht durch das Projekt \u201eZuhause im Zentrum\u201c, mit dem die Stadt Rodgau in das Bundesf\u00f6rderprogramm \u201eZukunftsf\u00e4hige Innenst\u00e4dte und Zentren\u201c vom Bundesministerium f\u00fcr Wohnen, Stadtentwicklung und Bauwesen aufgenommen wurde. Die Veranstaltung wird in Kooperation mit der Stadt Rodgau und dem Verein Rodgau Erleben e. V. umgesetzt.<\/p>\n\n\n\n<div class=\"wp-block-columns is-layout-flex wp-container-core-columns-is-layout-9d6595d7 wp-block-columns-is-layout-flex\">\n<div class=\"wp-block-column is-layout-flow wp-block-column-is-layout-flow\">\n<div class=\"wp-block-columns is-layout-flex wp-container-core-columns-is-layout-9d6595d7 wp-block-columns-is-layout-flex\">\n<div class=\"wp-block-column is-vertically-aligned-center is-layout-flow wp-block-column-is-layout-flow\"><div class=\"wp-block-image\">\n<figure class=\"aligncenter size-large has-lightbox\"><a href=\"https:\/\/ziz-nieder-roden.de\/\" target=\"_blank\" rel=\"noreferrer noopener\"><img decoding=\"async\" width=\"1024\" height=\"486\" src=\"https:\/\/heimatverein-nieder-roden.de\/wp-content\/uploads\/2024\/11\/Zuhause-im-Zentrum-ZIZ_Logo_-1024x486.png\" alt=\"\" class=\"wp-image-7679\" style=\"object-fit:cover\" srcset=\"https:\/\/heimatverein-nieder-roden.de\/wp-content\/uploads\/2024\/11\/Zuhause-im-Zentrum-ZIZ_Logo_-1024x486.png 1024w, https:\/\/heimatverein-nieder-roden.de\/wp-content\/uploads\/2024\/11\/Zuhause-im-Zentrum-ZIZ_Logo_-300x142.png 300w, https:\/\/heimatverein-nieder-roden.de\/wp-content\/uploads\/2024\/11\/Zuhause-im-Zentrum-ZIZ_Logo_-768x364.png 768w, https:\/\/heimatverein-nieder-roden.de\/wp-content\/uploads\/2024\/11\/Zuhause-im-Zentrum-ZIZ_Logo_-1536x728.png 1536w, https:\/\/heimatverein-nieder-roden.de\/wp-content\/uploads\/2024\/11\/Zuhause-im-Zentrum-ZIZ_Logo_-2048x971.png 2048w, https:\/\/heimatverein-nieder-roden.de\/wp-content\/uploads\/2024\/11\/Zuhause-im-Zentrum-ZIZ_Logo_-836x396.png 836w, https:\/\/heimatverein-nieder-roden.de\/wp-content\/uploads\/2024\/11\/Zuhause-im-Zentrum-ZIZ_Logo_-560x266.png 560w\" sizes=\"(max-width: 1024px) 100vw, 1024px\" \/><\/a><figcaption class=\"wp-element-caption\">Das Logo des Projektes &#8222;Zuhause im Zentrum&#8220;.<br>Ein Klick f\u00fchrt Sie auf die Internetseite des Projektes.<br>\u00a9Stadt Rodgau<\/figcaption><\/figure>\n<\/div><\/div>\n<\/div>\n<\/div>\n\n\n\n<div class=\"wp-block-column is-vertically-aligned-center is-layout-flow wp-block-column-is-layout-flow\">\n<div class=\"wp-block-columns is-layout-flex wp-container-core-columns-is-layout-9d6595d7 wp-block-columns-is-layout-flex\">\n<div class=\"wp-block-column is-layout-flow wp-block-column-is-layout-flow\"><div class=\"wp-block-image\">\n<figure class=\"aligncenter size-full has-lightbox\"><a href=\"https:\/\/www.rodgauerleben.de\/\" target=\"_blank\" rel=\"noreferrer noopener\"><img decoding=\"async\" width=\"442\" height=\"139\" src=\"https:\/\/heimatverein-nieder-roden.de\/wp-content\/uploads\/2023\/08\/Rodgau-Erleben_Logo.jpg\" alt=\"\" class=\"wp-image-5715\" style=\"object-fit:cover\" srcset=\"https:\/\/heimatverein-nieder-roden.de\/wp-content\/uploads\/2023\/08\/Rodgau-Erleben_Logo.jpg 442w, https:\/\/heimatverein-nieder-roden.de\/wp-content\/uploads\/2023\/08\/Rodgau-Erleben_Logo-300x94.jpg 300w\" sizes=\"(max-width: 442px) 100vw, 442px\" \/><\/a><figcaption class=\"wp-element-caption\">Logo des Vereins Rodgau Erleben e. V.<br>Ein Klick f\u00fchrt Sie auf die Internetseite.<\/figcaption><\/figure>\n<\/div><\/div>\n<\/div>\n<\/div>\n\n\n\n<div class=\"wp-block-column is-vertically-aligned-center is-layout-flow wp-block-column-is-layout-flow\"><div class=\"wp-block-image\">\n<figure class=\"aligncenter size-large has-lightbox\"><a href=\"https:\/\/www.rodgau.de\/\" target=\"_blank\" rel=\"noreferrer noopener\"><img decoding=\"async\" width=\"1024\" height=\"293\" src=\"https:\/\/heimatverein-nieder-roden.de\/wp-content\/uploads\/2024\/11\/Stadt-Rodgau_Logo-1024x293.jpg\" alt=\"\" class=\"wp-image-7682\" style=\"object-fit:cover\" srcset=\"https:\/\/heimatverein-nieder-roden.de\/wp-content\/uploads\/2024\/11\/Stadt-Rodgau_Logo-1024x293.jpg 1024w, https:\/\/heimatverein-nieder-roden.de\/wp-content\/uploads\/2024\/11\/Stadt-Rodgau_Logo-300x86.jpg 300w, https:\/\/heimatverein-nieder-roden.de\/wp-content\/uploads\/2024\/11\/Stadt-Rodgau_Logo-768x220.jpg 768w, https:\/\/heimatverein-nieder-roden.de\/wp-content\/uploads\/2024\/11\/Stadt-Rodgau_Logo-1536x440.jpg 1536w, https:\/\/heimatverein-nieder-roden.de\/wp-content\/uploads\/2024\/11\/Stadt-Rodgau_Logo-2048x586.jpg 2048w, https:\/\/heimatverein-nieder-roden.de\/wp-content\/uploads\/2024\/11\/Stadt-Rodgau_Logo-836x239.jpg 836w, https:\/\/heimatverein-nieder-roden.de\/wp-content\/uploads\/2024\/11\/Stadt-Rodgau_Logo-560x160.jpg 560w\" sizes=\"(max-width: 1024px) 100vw, 1024px\" \/><\/a><figcaption class=\"wp-element-caption\">Logo der Stadt Rodgau.<br>Ein Klick f\u00fchrt Sie auf die Internetseite<\/figcaption><\/figure>\n<\/div><\/div>\n<\/div>\n\n\n<div class=\"wp-block-image\">\n<figure class=\"aligncenter size-full\"><img decoding=\"async\" width=\"684\" height=\"300\" src=\"https:\/\/heimatverein-nieder-roden.de\/wp-content\/uploads\/2024\/11\/Zuhause-im-Zentrum-ZIZ-Foerderung-Bund-BMWSB_Logo_CMYK_web.png\" alt=\"\" class=\"wp-image-7681\" srcset=\"https:\/\/heimatverein-nieder-roden.de\/wp-content\/uploads\/2024\/11\/Zuhause-im-Zentrum-ZIZ-Foerderung-Bund-BMWSB_Logo_CMYK_web.png 684w, https:\/\/heimatverein-nieder-roden.de\/wp-content\/uploads\/2024\/11\/Zuhause-im-Zentrum-ZIZ-Foerderung-Bund-BMWSB_Logo_CMYK_web-300x132.png 300w, https:\/\/heimatverein-nieder-roden.de\/wp-content\/uploads\/2024\/11\/Zuhause-im-Zentrum-ZIZ-Foerderung-Bund-BMWSB_Logo_CMYK_web-560x246.png 560w\" sizes=\"(max-width: 684px) 100vw, 684px\" \/><figcaption class=\"wp-element-caption\">Bundesf\u00f6rderprogramm \u201eZukunftsf\u00e4hige Innenst\u00e4dte und Zentren\u201c des Bundesministeriums f\u00fcr Wohnen, Stadtentwicklung und Bauwesen.<br>Ein Klick f\u00fchrt Sie auf die Internetseite.<\/figcaption><\/figure>\n<\/div>","protected":false},"excerpt":{"rendered":"<p>Zum zweiten Mal findet der Martinsmarkt in Nieder-Roden statt. Das einzigartige Event verbindet Tradition, Lichter und geselliges Miteinander in einer gro\u00dfartigen Atmosph\u00e4re. Vers\u00e4umen Sie auch nicht den Laternenumzug am 9. November um 17.30 Uhr, der auf dem Puiseauxplatz endet.<\/p><p><a class=\"more-link btn\" href=\"https:\/\/heimatverein-nieder-roden.de\/?p=7646\">Weiterlesen<\/a><\/p>\n","protected":false},"author":1,"featured_media":7658,"comment_status":"closed","ping_status":"closed","sticky":false,"template":"","format":"standard","meta":{"_coblocks_attr":"","_coblocks_dimensions":"","_coblocks_responsive_height":"","_coblocks_accordion_ie_support":"","footnotes":"","_share_on_mastodon":"0"},"categories":[6,93],"tags":[561,399,127,126,75,400,80,419],"class_list":["post-7646","post","type-post","status-publish","format-standard","has-post-thumbnail","hentry","category-aktuell","category-martinstag","tag-laternenumzug","tag-martinsmarkt","tag-martinstag","tag-martinsumzug","tag-puiseauxplatz","tag-rodgau-erleben","tag-sankt-matthias-kirche","tag-zusammen-im-zentrum","nodate"],"share_on_mastodon":{"url":"","error":""},"publishpress_future_action":{"enabled":false,"date":"2026-05-06 22:51:07","action":"category-remove","newStatus":"draft","terms":[],"taxonomy":"category","extraData":[]},"publishpress_future_workflow_manual_trigger":{"enabledWorkflows":[]},"_links":{"self":[{"href":"https:\/\/heimatverein-nieder-roden.de\/index.php?rest_route=\/wp\/v2\/posts\/7646","targetHints":{"allow":["GET"]}}],"collection":[{"href":"https:\/\/heimatverein-nieder-roden.de\/index.php?rest_route=\/wp\/v2\/posts"}],"about":[{"href":"https:\/\/heimatverein-nieder-roden.de\/index.php?rest_route=\/wp\/v2\/types\/post"}],"author":[{"embeddable":true,"href":"https:\/\/heimatverein-nieder-roden.de\/index.php?rest_route=\/wp\/v2\/users\/1"}],"replies":[{"embeddable":true,"href":"https:\/\/heimatverein-nieder-roden.de\/index.php?rest_route=%2Fwp%2Fv2%2Fcomments&post=7646"}],"version-history":[{"count":15,"href":"https:\/\/heimatverein-nieder-roden.de\/index.php?rest_route=\/wp\/v2\/posts\/7646\/revisions"}],"predecessor-version":[{"id":7717,"href":"https:\/\/heimatverein-nieder-roden.de\/index.php?rest_route=\/wp\/v2\/posts\/7646\/revisions\/7717"}],"wp:featuredmedia":[{"embeddable":true,"href":"https:\/\/heimatverein-nieder-roden.de\/index.php?rest_route=\/wp\/v2\/media\/7658"}],"wp:attachment":[{"href":"https:\/\/heimatverein-nieder-roden.de\/index.php?rest_route=%2Fwp%2Fv2%2Fmedia&parent=7646"}],"wp:term":[{"taxonomy":"category","embeddable":true,"href":"https:\/\/heimatverein-nieder-roden.de\/index.php?rest_route=%2Fwp%2Fv2%2Fcategories&post=7646"},{"taxonomy":"post_tag","embeddable":true,"href":"https:\/\/heimatverein-nieder-roden.de\/index.php?rest_route=%2Fwp%2Fv2%2Ftags&post=7646"}],"curies":[{"name":"wp","href":"https:\/\/api.w.org\/{rel}","templated":true}]}}