{"id":7636,"date":"2024-10-29T12:50:27","date_gmt":"2024-10-29T11:50:27","guid":{"rendered":"https:\/\/heimatverein-nieder-roden.de\/?p=7636"},"modified":"2024-11-03T22:41:14","modified_gmt":"2024-11-03T21:41:14","slug":"benefizkonzert-fuer-waldkindergarten-die-wuehlmaeuse-mit-dem-heeresmusikkorps","status":"publish","type":"post","link":"https:\/\/heimatverein-nieder-roden.de\/?p=7636","title":{"rendered":"Benefizkonzert f\u00fcr Waldkindergarten &#8222;Die W\u00fchlm\u00e4use&#8220; &#8211; mit dem Heeresmusikkorps am 27. November"},"content":{"rendered":"\n<p class=\"is-style-info\">Text: Waldkindergarten &#8222;Die W\u00fchlm\u00e4use&#8220; Verein zur F\u00f6rderung der Waldp\u00e4dagogik e. V.<\/p>\n\n\n<div class=\"wp-block-image\">\n<figure class=\"aligncenter size-full is-resized has-lightbox\"><a href=\"https:\/\/www.wuehlmaeuse-rodgau.de\/\" target=\"_blank\" rel=\"noreferrer noopener\"><img decoding=\"async\" width=\"680\" height=\"120\" src=\"https:\/\/heimatverein-nieder-roden.de\/wp-content\/uploads\/2024\/10\/Waldkindergarten-Wuehlmaeuse_Logo.png\" alt=\"\" class=\"wp-image-7643\" style=\"width:401px;height:auto\" srcset=\"https:\/\/heimatverein-nieder-roden.de\/wp-content\/uploads\/2024\/10\/Waldkindergarten-Wuehlmaeuse_Logo.png 680w, https:\/\/heimatverein-nieder-roden.de\/wp-content\/uploads\/2024\/10\/Waldkindergarten-Wuehlmaeuse_Logo-300x53.png 300w, https:\/\/heimatverein-nieder-roden.de\/wp-content\/uploads\/2024\/10\/Waldkindergarten-Wuehlmaeuse_Logo-560x99.png 560w\" sizes=\"(max-width: 680px) 100vw, 680px\" \/><\/a><figcaption class=\"wp-element-caption\">Logo des Waldkindergartens &#8222;Die W\u00fchlm\u00e4use&#8220; Rodgau Nieder-Roden.<br>Mit einem Klick darauf gelangen Sie zur Internetseite.<\/figcaption><\/figure>\n<\/div>\n\n\n<p>Liebe Freunde des Waldkindergartens \u201edie W\u00fchlm\u00e4use\u201c<\/p>\n\n\n\n<p>anl\u00e4sslich unseres 20j\u00e4hrigen Jubil\u00e4ums laden wir Euch alle herzlich zu unserem Benefizkonzert am <strong>27.11.2024<\/strong> um <strong>19:30<\/strong> Uhr ein.<\/p>\n\n\n\n<p>Das Konzert findet in der evangelischen Kirche in Dudenhofen statt.<\/p>\n\n\n\n<p>Wir freuen uns, wenn Ihr die Einladung an Euren Verein weitergebt und &nbsp;wir Euch alle begr\u00fc\u00dfen d\u00fcrfen!<\/p>\n\n\n\n<p>Herzliche Gr\u00fc\u00dfe aus dem Nieder-R\u00f6der Wald!<\/p>\n\n\n<div class=\"wp-block-image\">\n<figure class=\"aligncenter size-large is-resized\"><img decoding=\"async\" width=\"724\" height=\"1024\" src=\"https:\/\/heimatverein-nieder-roden.de\/wp-content\/uploads\/2024\/10\/2024-11-27_Waldkindergarten-Wuehlmaeuse_Benefizkonzert_Plakat-724x1024.jpg\" alt=\"\" class=\"wp-image-7637\" style=\"width:456px;height:auto\" srcset=\"https:\/\/heimatverein-nieder-roden.de\/wp-content\/uploads\/2024\/10\/2024-11-27_Waldkindergarten-Wuehlmaeuse_Benefizkonzert_Plakat-724x1024.jpg 724w, https:\/\/heimatverein-nieder-roden.de\/wp-content\/uploads\/2024\/10\/2024-11-27_Waldkindergarten-Wuehlmaeuse_Benefizkonzert_Plakat-212x300.jpg 212w, https:\/\/heimatverein-nieder-roden.de\/wp-content\/uploads\/2024\/10\/2024-11-27_Waldkindergarten-Wuehlmaeuse_Benefizkonzert_Plakat-768x1086.jpg 768w, https:\/\/heimatverein-nieder-roden.de\/wp-content\/uploads\/2024\/10\/2024-11-27_Waldkindergarten-Wuehlmaeuse_Benefizkonzert_Plakat-836x1182.jpg 836w, https:\/\/heimatverein-nieder-roden.de\/wp-content\/uploads\/2024\/10\/2024-11-27_Waldkindergarten-Wuehlmaeuse_Benefizkonzert_Plakat-560x792.jpg 560w, https:\/\/heimatverein-nieder-roden.de\/wp-content\/uploads\/2024\/10\/2024-11-27_Waldkindergarten-Wuehlmaeuse_Benefizkonzert_Plakat.jpg 1080w\" sizes=\"(max-width: 724px) 100vw, 724px\" \/><figcaption class=\"wp-element-caption\">Plakat zum Benefizkonzert 2024 zu Gunsten des Waldkindergartens &#8222;Die W\u00fchlm\u00e4use&#8220;.\n\u00a9Die W\u00fchlm\u00e4use<\/figcaption><\/figure>\n<\/div>\n\n\n<p class=\"is-style-info\">Beitrag erstellt mit freundlicher Unterst\u00fctzung und Genehmigung des Waldkindergartens &#8222;Die W\u00fchlm\u00e4use&#8220;.<br>Vielen Dank!<\/p>\n\n\n\n<p><\/p>\n","protected":false},"excerpt":{"rendered":"<p>Text: Waldkindergarten &#8222;Die W\u00fchlm\u00e4use&#8220; Verein zur F\u00f6rderung der Waldp\u00e4dagogik e. V. Liebe Freunde des Waldkindergartens \u201edie W\u00fchlm\u00e4use\u201c anl\u00e4sslich unseres 20j\u00e4hrigen Jubil\u00e4ums laden wir Euch alle herzlich zu unserem Benefizkonzert am 27.11.2024 um 19:30 Uhr ein. Das Konzert findet in der evangelischen Kirche in Dudenhofen statt. Wir freuen uns, wenn Ihr die Einladung an Euren Verein &hellip; <\/p>\n<p><a class=\"more-link btn\" href=\"https:\/\/heimatverein-nieder-roden.de\/?p=7636\">Weiterlesen<\/a><\/p>\n","protected":false},"author":1,"featured_media":7640,"comment_status":"closed","ping_status":"closed","sticky":false,"template":"","format":"standard","meta":{"_coblocks_attr":"","_coblocks_dimensions":"","_coblocks_responsive_height":"","_coblocks_accordion_ie_support":"","footnotes":"","_share_on_mastodon":"0"},"categories":[6,97,554],"tags":[555,560,558,556,557,559],"class_list":["post-7636","post","type-post","status-publish","format-standard","has-post-thumbnail","hentry","category-aktuell","category-slider","category-wuehlmaeuse","tag-benefizkonzert","tag-die-wuehlmaeuse","tag-evangelische-kirche-dudenhofen","tag-heeresmusikkorps","tag-kammermusik","tag-waldkindergarten","nodate"],"share_on_mastodon":{"url":"","error":""},"publishpress_future_action":{"enabled":false,"date":"2026-05-07 09:17:47","action":"category-remove","newStatus":"draft","terms":[],"taxonomy":"category","extraData":[]},"publishpress_future_workflow_manual_trigger":{"enabledWorkflows":[]},"_links":{"self":[{"href":"https:\/\/heimatverein-nieder-roden.de\/index.php?rest_route=\/wp\/v2\/posts\/7636","targetHints":{"allow":["GET"]}}],"collection":[{"href":"https:\/\/heimatverein-nieder-roden.de\/index.php?rest_route=\/wp\/v2\/posts"}],"about":[{"href":"https:\/\/heimatverein-nieder-roden.de\/index.php?rest_route=\/wp\/v2\/types\/post"}],"author":[{"embeddable":true,"href":"https:\/\/heimatverein-nieder-roden.de\/index.php?rest_route=\/wp\/v2\/users\/1"}],"replies":[{"embeddable":true,"href":"https:\/\/heimatverein-nieder-roden.de\/index.php?rest_route=%2Fwp%2Fv2%2Fcomments&post=7636"}],"version-history":[{"count":4,"href":"https:\/\/heimatverein-nieder-roden.de\/index.php?rest_route=\/wp\/v2\/posts\/7636\/revisions"}],"predecessor-version":[{"id":7664,"href":"https:\/\/heimatverein-nieder-roden.de\/index.php?rest_route=\/wp\/v2\/posts\/7636\/revisions\/7664"}],"wp:featuredmedia":[{"embeddable":true,"href":"https:\/\/heimatverein-nieder-roden.de\/index.php?rest_route=\/wp\/v2\/media\/7640"}],"wp:attachment":[{"href":"https:\/\/heimatverein-nieder-roden.de\/index.php?rest_route=%2Fwp%2Fv2%2Fmedia&parent=7636"}],"wp:term":[{"taxonomy":"category","embeddable":true,"href":"https:\/\/heimatverein-nieder-roden.de\/index.php?rest_route=%2Fwp%2Fv2%2Fcategories&post=7636"},{"taxonomy":"post_tag","embeddable":true,"href":"https:\/\/heimatverein-nieder-roden.de\/index.php?rest_route=%2Fwp%2Fv2%2Ftags&post=7636"}],"curies":[{"name":"wp","href":"https:\/\/api.w.org\/{rel}","templated":true}]}}