{"id":7581,"date":"2024-10-16T08:35:46","date_gmt":"2024-10-16T06:35:46","guid":{"rendered":"https:\/\/heimatverein-nieder-roden.de\/?p=7581"},"modified":"2024-10-16T09:22:10","modified_gmt":"2024-10-16T07:22:10","slug":"hinschauen-und-erinnern-nieder-roeder-im-mittelpunkt-des-gedenkens-an-den-86-jahrestag-der-reichspogromnacht","status":"publish","type":"post","link":"https:\/\/heimatverein-nieder-roden.de\/?p=7581","title":{"rendered":"Hinschauen und Erinnern &#8211; Nieder-R\u00f6der im Mittelpunkt des Gedenkens an den 86. Jahrestag der Reichspogromnacht"},"content":{"rendered":"\n<p>Mit der Pogromnacht vom 9. auf den 10. November 1938 gingen die Nationalsozialisten zur offenen Gewalt gegen die j\u00fcdische Minderheit im Dritten Reich \u00fcber. Synagogen und j\u00fcdische Gebetsh\u00e4user brannten, j\u00fcdische B\u00fcrger wurden misshandelt und get\u00f6tet.<\/p>\n\n\n\n<p>Zum Gedenken an die j\u00fcdischen Opfer der NS-Verbrechen aus den ehemaligen Gemeinden der heutigen Stadt Rodgau l\u00e4dt der Heimat und Geschichtsverein Weiskirchen (HGV) in Kooperation mit der Agentur f\u00fcr Kultur, Sport und Ehrenamt (AKSE) der Stadt Rodgau ein.<\/p>\n\n\n\n<p>Bei der diesj\u00e4hrigen Gedenkfeier m\u00f6chten die Veranstalter besonders das Schicksal des in Nieder-Roden<br>geborenen j\u00fcdischen Mitb\u00fcrgers Markus Reis in Erinnerung bringen, der von den Nationalsozialisten deportiert wurde und 1942 in einem franz\u00f6sischen Internierungslager zu Tode kam.<\/p>\n\n\n<div class=\"wp-block-image\">\n<figure class=\"aligncenter size-full\"><a href=\"https:\/\/heimatverein-nieder-roden.de\/wp-content\/uploads\/2024\/10\/HGV-Weiskirchen_Gedenken-Pogromnacht-2024_Reis-Markus_Portrait.jpg\"><img decoding=\"async\" width=\"326\" height=\"446\" src=\"https:\/\/heimatverein-nieder-roden.de\/wp-content\/uploads\/2024\/10\/HGV-Weiskirchen_Gedenken-Pogromnacht-2024_Reis-Markus_Portrait.jpg\" alt=\"\" class=\"wp-image-7594\" srcset=\"https:\/\/heimatverein-nieder-roden.de\/wp-content\/uploads\/2024\/10\/HGV-Weiskirchen_Gedenken-Pogromnacht-2024_Reis-Markus_Portrait.jpg 326w, https:\/\/heimatverein-nieder-roden.de\/wp-content\/uploads\/2024\/10\/HGV-Weiskirchen_Gedenken-Pogromnacht-2024_Reis-Markus_Portrait-219x300.jpg 219w\" sizes=\"(max-width: 326px) 100vw, 326px\" \/><\/a><figcaption class=\"wp-element-caption\">Ausschnitt aus der Kennkarte von Markus Reis von 1939.\n\u00a9HGV Weiskirchen<\/figcaption><\/figure>\n<\/div>\n\n\n<p>Die Gedenkveranstaltung wird musikalisch von Christian Glaab, Andreas Held und Winno Sahm begleitet. <\/p>\n\n\n\n<p>Sie findet am Samstag, den 9. November 2024, Beginn 19.00 Uhr, in der ehemaligen Synagoge in Weiskirchen, Hauptstra\u00dfe 57, statt. <\/p>\n\n\n\n<p>Bitte beachten Sie, dass in dem Geb\u00e4ude der ehemaligen Synagoge kein WC vorhanden ist.<\/p>\n","protected":false},"excerpt":{"rendered":"<p>Mit der Pogromnacht vom 9. auf den 10. November 1938 gingen die Nationalsozialisten zur offenen Gewalt gegen die j\u00fcdische Minderheit im Dritten Reich \u00fcber. Synagogen und j\u00fcdische Gebetsh\u00e4user brannten, j\u00fcdische B\u00fcrger wurden misshandelt und get\u00f6tet. Zum Gedenken an die j\u00fcdischen Opfer der NS-Verbrechen aus den ehemaligen Gemeinden der heutigen Stadt Rodgau l\u00e4dt der Heimat und &hellip; <\/p>\n<p><a class=\"more-link btn\" href=\"https:\/\/heimatverein-nieder-roden.de\/?p=7581\">Weiterlesen<\/a><\/p>\n","protected":false},"author":1,"featured_media":7597,"comment_status":"closed","ping_status":"closed","sticky":false,"template":"","format":"standard","meta":{"_coblocks_attr":"","_coblocks_dimensions":"","_coblocks_responsive_height":"","_coblocks_accordion_ie_support":"","footnotes":"","_share_on_mastodon":"0"},"categories":[6,443,97],"tags":[109,444,546,549,548,451,547],"class_list":["post-7581","post","type-post","status-publish","format-standard","has-post-thumbnail","hentry","category-aktuell","category-hgv-weiskirchen","category-slider","tag-heimat-und-geschichtsverein-weiskirchen","tag-hgv-weiskirchen","tag-markus-reis","tag-pogromnacht","tag-reichspogromnacht","tag-synagoge","tag-synagoge-weiskirchen","nodate"],"share_on_mastodon":{"url":"","error":""},"publishpress_future_action":{"enabled":false,"date":"2026-05-07 01:47:56","action":"category-remove","newStatus":"draft","terms":[],"taxonomy":"category","extraData":[]},"publishpress_future_workflow_manual_trigger":{"enabledWorkflows":[]},"_links":{"self":[{"href":"https:\/\/heimatverein-nieder-roden.de\/index.php?rest_route=\/wp\/v2\/posts\/7581","targetHints":{"allow":["GET"]}}],"collection":[{"href":"https:\/\/heimatverein-nieder-roden.de\/index.php?rest_route=\/wp\/v2\/posts"}],"about":[{"href":"https:\/\/heimatverein-nieder-roden.de\/index.php?rest_route=\/wp\/v2\/types\/post"}],"author":[{"embeddable":true,"href":"https:\/\/heimatverein-nieder-roden.de\/index.php?rest_route=\/wp\/v2\/users\/1"}],"replies":[{"embeddable":true,"href":"https:\/\/heimatverein-nieder-roden.de\/index.php?rest_route=%2Fwp%2Fv2%2Fcomments&post=7581"}],"version-history":[{"count":1,"href":"https:\/\/heimatverein-nieder-roden.de\/index.php?rest_route=\/wp\/v2\/posts\/7581\/revisions"}],"predecessor-version":[{"id":7595,"href":"https:\/\/heimatverein-nieder-roden.de\/index.php?rest_route=\/wp\/v2\/posts\/7581\/revisions\/7595"}],"wp:featuredmedia":[{"embeddable":true,"href":"https:\/\/heimatverein-nieder-roden.de\/index.php?rest_route=\/wp\/v2\/media\/7597"}],"wp:attachment":[{"href":"https:\/\/heimatverein-nieder-roden.de\/index.php?rest_route=%2Fwp%2Fv2%2Fmedia&parent=7581"}],"wp:term":[{"taxonomy":"category","embeddable":true,"href":"https:\/\/heimatverein-nieder-roden.de\/index.php?rest_route=%2Fwp%2Fv2%2Fcategories&post=7581"},{"taxonomy":"post_tag","embeddable":true,"href":"https:\/\/heimatverein-nieder-roden.de\/index.php?rest_route=%2Fwp%2Fv2%2Ftags&post=7581"}],"curies":[{"name":"wp","href":"https:\/\/api.w.org\/{rel}","templated":true}]}}