{"id":7540,"date":"2024-09-11T13:45:00","date_gmt":"2024-09-11T11:45:00","guid":{"rendered":"https:\/\/heimatverein-nieder-roden.de\/?p=7540"},"modified":"2024-11-03T23:51:50","modified_gmt":"2024-11-03T22:51:50","slug":"tag-der-offenen-tuer-und-kelterfest-4-2","status":"publish","type":"post","link":"https:\/\/heimatverein-nieder-roden.de\/?p=7540","title":{"rendered":"Tag der offenen T\u00fcr und Kelterfest 4.2."},"content":{"rendered":"\n<p><strong>\u00a0Vier Vereine machen gemeinsame Sache<\/strong><\/p>\n\n\n<div class=\"wp-block-image\">\n<figure class=\"aligncenter size-large is-resized\"><a href=\"https:\/\/heimatverein-nieder-roden.de\/wp-content\/uploads\/2024\/09\/2024-10-03_Kelterfest-4.2_Plakat_Q50.jpg\"><img decoding=\"async\" width=\"725\" height=\"1024\" src=\"https:\/\/heimatverein-nieder-roden.de\/wp-content\/uploads\/2024\/09\/2024-10-03_Kelterfest-4.2_Plakat_Q50-725x1024.jpg\" alt=\"\" class=\"wp-image-7542\" style=\"width:459px;height:auto\" srcset=\"https:\/\/heimatverein-nieder-roden.de\/wp-content\/uploads\/2024\/09\/2024-10-03_Kelterfest-4.2_Plakat_Q50-725x1024.jpg 725w, https:\/\/heimatverein-nieder-roden.de\/wp-content\/uploads\/2024\/09\/2024-10-03_Kelterfest-4.2_Plakat_Q50-212x300.jpg 212w, https:\/\/heimatverein-nieder-roden.de\/wp-content\/uploads\/2024\/09\/2024-10-03_Kelterfest-4.2_Plakat_Q50-768x1085.jpg 768w, https:\/\/heimatverein-nieder-roden.de\/wp-content\/uploads\/2024\/09\/2024-10-03_Kelterfest-4.2_Plakat_Q50-836x1181.jpg 836w, https:\/\/heimatverein-nieder-roden.de\/wp-content\/uploads\/2024\/09\/2024-10-03_Kelterfest-4.2_Plakat_Q50-560x791.jpg 560w, https:\/\/heimatverein-nieder-roden.de\/wp-content\/uploads\/2024\/09\/2024-10-03_Kelterfest-4.2_Plakat_Q50.jpg 906w\" sizes=\"(max-width: 725px) 100vw, 725px\" \/><\/a><figcaption class=\"wp-element-caption\">Plakat zum Kelterfest 4.2 am 03.10.2024.<br>\u00a9NABU\/SCG\/VfDS<\/figcaption><\/figure>\n<\/div>\n\n\n<p>Am Tag der deutschen Einheit \u00f6ffnen die vier Vereine ihre Gel\u00e4nde f\u00fcr G\u00e4ste und Besucher. Der Sch\u00fctzenclub Gamsbock, die Pfadfinder Nieder-Roden, der Verein Deutscher Sch\u00e4ferhunde Ortsgruppe Nieder-Roden und der Naturschutzbund Rodgau (NABU) haben ihren Stammsitz am Vereinsgel\u00e4nde Rollwald. <\/p>\n\n\n\n<p>Das Quartett l\u00e4dt am 3. Oktober ab 12 Uhr bis 17 Uhr zum Kelterfest 4.2\u201c ein. <\/p>\n\n\n\n<figure class=\"wp-block-pullquote\"><blockquote><p><strong>Was?<\/strong><br>Kelterfest 4.2 <br>Gemeinsames Fest von NABU, Sch\u00e4ferhundeverein und Sch\u00fctzenclub<br><br><strong>Wann?<\/strong><br>3. Oktober 2024<br>12 &#8211; 17 Uhr<br><br><strong>Wo?<\/strong><br>Vereinsgel\u00e4nde Rollwald<br>verl\u00e4ngerte Neckarstra\u00dfe\/Ecke H\u00f6rnersgraben<\/p><\/blockquote><\/figure>\n\n\n\n<p>Die K\u00fcchen der Organisatoren bieten Abwechslung auf ihren Speisekarten. <\/p>\n\n\n\n<p>Die Klubs auf dem Rollw\u00e4lder Vereinsgel\u00e4nde b\u00fcndeln die Kr\u00e4fte und feiern zusammen \u2013 jeder auf seinem Gel\u00e4nde und doch gemeinsam. <\/p>\n\n\n\n<h2 class=\"wp-block-heading\">Programm<\/h2>\n\n\n\n<p>F\u00fchrungen und Veranstaltungen durch Garten und Vereinsheime sind um <\/p>\n\n\n\n<ul class=\"wp-block-list\">\n<li>13 Uhr bei den Pfadfindern, <\/li>\n\n\n\n<li>14 Uhr auf dem Sch\u00e4ferhundeverein, <\/li>\n\n\n\n<li>15 Uhr auf dem NABU-Gel\u00e4nde und um <\/li>\n\n\n\n<li>16 Uhr im Sch\u00fctzenclub vorgesehen.<\/li>\n<\/ul>\n\n\n\n<p>Pkw-Parkm\u00f6glichkeiten sind begrenzt!<\/p>\n\n\n\n<p>Die Anfahrtsbeschreibung steht im Internet unter <a href=\"http:\/\/www.nabu-rodgau.de\" target=\"_blank\" rel=\"noreferrer noopener\">www.nabu-rodgau.de<\/a>.<\/p>\n\n\n\n<p class=\"is-style-info\">Beitrag erstellt mit freundlicher Unterst\u00fctzung und Genehmigung des NABU Rodgau.<br>Vielen Dank!<\/p>\n","protected":false},"excerpt":{"rendered":"<p>\u00a0Vier Vereine machen gemeinsame Sache Am Tag der deutschen Einheit \u00f6ffnen die vier Vereine ihre Gel\u00e4nde f\u00fcr G\u00e4ste und Besucher. Der Sch\u00fctzenclub Gamsbock, die Pfadfinder Nieder-Roden, der Verein Deutscher Sch\u00e4ferhunde Ortsgruppe Nieder-Roden und der Naturschutzbund Rodgau (NABU) haben ihren Stammsitz am Vereinsgel\u00e4nde Rollwald. Das Quartett l\u00e4dt am 3. Oktober ab 12 Uhr bis 17 Uhr &hellip; <\/p>\n<p><a class=\"more-link btn\" href=\"https:\/\/heimatverein-nieder-roden.de\/?p=7540\">Weiterlesen<\/a><\/p>\n","protected":false},"author":1,"featured_media":7542,"comment_status":"closed","ping_status":"closed","sticky":false,"template":"","format":"standard","meta":{"_coblocks_attr":"","_coblocks_dimensions":"","_coblocks_responsive_height":"","_coblocks_accordion_ie_support":"","footnotes":"","_share_on_mastodon":"0"},"categories":[418,242,533],"tags":[237,534,355,536,124,535,123],"class_list":["post-7540","post","type-post","status-publish","format-standard","has-post-thumbnail","hentry","category-nabu","category-partner","category-schuetzenclub","tag-hoernersgraben","tag-kelterfest","tag-nabu-rodgau","tag-neckarstrasse","tag-rollwald","tag-schaeferhundeverein","tag-schuetzenclub-gamsbock-1954-e-v","nodate"],"share_on_mastodon":{"url":"","error":""},"publishpress_future_action":{"enabled":false,"date":"2026-05-07 02:14:18","action":"category-remove","newStatus":"draft","terms":[],"taxonomy":"category","extraData":[]},"publishpress_future_workflow_manual_trigger":{"enabledWorkflows":[]},"_links":{"self":[{"href":"https:\/\/heimatverein-nieder-roden.de\/index.php?rest_route=\/wp\/v2\/posts\/7540","targetHints":{"allow":["GET"]}}],"collection":[{"href":"https:\/\/heimatverein-nieder-roden.de\/index.php?rest_route=\/wp\/v2\/posts"}],"about":[{"href":"https:\/\/heimatverein-nieder-roden.de\/index.php?rest_route=\/wp\/v2\/types\/post"}],"author":[{"embeddable":true,"href":"https:\/\/heimatverein-nieder-roden.de\/index.php?rest_route=\/wp\/v2\/users\/1"}],"replies":[{"embeddable":true,"href":"https:\/\/heimatverein-nieder-roden.de\/index.php?rest_route=%2Fwp%2Fv2%2Fcomments&post=7540"}],"version-history":[{"count":1,"href":"https:\/\/heimatverein-nieder-roden.de\/index.php?rest_route=\/wp\/v2\/posts\/7540\/revisions"}],"predecessor-version":[{"id":7543,"href":"https:\/\/heimatverein-nieder-roden.de\/index.php?rest_route=\/wp\/v2\/posts\/7540\/revisions\/7543"}],"wp:featuredmedia":[{"embeddable":true,"href":"https:\/\/heimatverein-nieder-roden.de\/index.php?rest_route=\/wp\/v2\/media\/7542"}],"wp:attachment":[{"href":"https:\/\/heimatverein-nieder-roden.de\/index.php?rest_route=%2Fwp%2Fv2%2Fmedia&parent=7540"}],"wp:term":[{"taxonomy":"category","embeddable":true,"href":"https:\/\/heimatverein-nieder-roden.de\/index.php?rest_route=%2Fwp%2Fv2%2Fcategories&post=7540"},{"taxonomy":"post_tag","embeddable":true,"href":"https:\/\/heimatverein-nieder-roden.de\/index.php?rest_route=%2Fwp%2Fv2%2Ftags&post=7540"}],"curies":[{"name":"wp","href":"https:\/\/api.w.org\/{rel}","templated":true}]}}