{"id":7519,"date":"2024-09-12T15:27:05","date_gmt":"2024-09-12T13:27:05","guid":{"rendered":"https:\/\/heimatverein-nieder-roden.de\/?p=7519"},"modified":"2024-09-16T13:33:35","modified_gmt":"2024-09-16T11:33:35","slug":"wo-wir-uns-finden-literarischer-lindenspaziergang-mit-winno-sahm-in-nieder-roden","status":"publish","type":"post","link":"https:\/\/heimatverein-nieder-roden.de\/?p=7519","title":{"rendered":"\u201eWo wir uns finden\u201c \u2013 Literarischer Lindenspaziergang in Nieder-Roden &#8211; mit Winno Sahm &#8211; am 20. September"},"content":{"rendered":"<div class=\"wp-block-image\">\n<figure class=\"aligncenter size-full is-resized\"><img decoding=\"async\" width=\"618\" height=\"1024\" src=\"https:\/\/heimatverein-nieder-roden.de\/wp-content\/uploads\/2024\/09\/LindeKirchstr.2024-618x1024-1.jpg\" alt=\"\" class=\"wp-image-7535\" style=\"width:455px;height:auto\" srcset=\"https:\/\/heimatverein-nieder-roden.de\/wp-content\/uploads\/2024\/09\/LindeKirchstr.2024-618x1024-1.jpg 618w, https:\/\/heimatverein-nieder-roden.de\/wp-content\/uploads\/2024\/09\/LindeKirchstr.2024-618x1024-1-181x300.jpg 181w, https:\/\/heimatverein-nieder-roden.de\/wp-content\/uploads\/2024\/09\/LindeKirchstr.2024-618x1024-1-560x928.jpg 560w\" sizes=\"(max-width: 618px) 100vw, 618px\" \/><figcaption class=\"wp-element-caption\">Linde auf dem Kirchplatz in Nieder-Roden im Jahr 2024.<br>\u00a9Die Gr\u00fcnen Rodgau<\/figcaption><\/figure>\n<\/div>\n\n\n<p>Lindenb\u00e4ume pr\u00e4gten und pr\u00e4gen das Ortsbild in Nieder-Roden. Der Spaziergang \u00fcber einen guten Kilometer verbindet Bahnhofsplatz, Neue Dorflinde, Kirchturm, Lindenstra\u00dfe und Alten Friedhof.<\/p>\n\n\n\n<p>An passenden Haltepunkten bringt Winno Sahm Prosatexte, Gedichte und Lieder zum Linden-Thema zu Geh\u00f6r. Die Lesungen werden durch Erl\u00e4uterungen zur Kultur- und Literaturgeschichte erg\u00e4nzt.<\/p>\n\n\n\n<p>Die Teilnahme an der etwa 90-min\u00fctigen Veranstaltung der Rodgauer Gr\u00fcnen ist kostenlos.<\/p>\n\n\n\n<figure class=\"wp-block-pullquote\"><blockquote><p><strong>Was?<\/strong><br>Literarischer Lindenspaziergang <br>in Nieder-Roden<br>mit Winno Sahm<br><br><strong>Wann?<\/strong><br>Freitag, 20. September<br>17 Uhr<br><br><strong>Wo?<\/strong><br>Treffpunkt: <br>Bahnhofsvorplatz, Nieder-Roden<\/p><\/blockquote><\/figure>\n\n\n\n<p><\/p>\n\n\n\n<p>Weitere Infos hier:<\/p>\n\n\n\n<div class=\"wp-block-buttons is-content-justification-center is-layout-flex wp-container-core-buttons-is-layout-16018d1d wp-block-buttons-is-layout-flex\">\n<div class=\"wp-block-button\"><a class=\"wp-block-button__link has-background wp-element-button\" href=\"https:\/\/wp.gruene-rodgau.de\/presse\/pressemitteillungen-parteivorstand\/wo-wir-uns-finden-literarischer-lindenspaziergang-mit-winno-sahm\/\" style=\"background-color:#932418\" target=\"_blank\" rel=\"noreferrer noopener\">zur Website der Gr\u00fcnen Rodgau<\/a><\/div>\n<\/div>\n\n\n\n<p class=\"is-style-info\">Beitrag erstellt mit freundlicher Unterst\u00fctzung und Genehmigung der Gr\u00fcnen Rodgau.<br>Vielen Dank!<\/p>\n\n\n\n<p><\/p>\n","protected":false},"excerpt":{"rendered":"<p>Lindenb\u00e4ume pr\u00e4gten und pr\u00e4gen das Ortsbild in Nieder-Roden. Der Spaziergang \u00fcber einen guten Kilometer verbindet Bahnhofsplatz, Neue Dorflinde, Kirchturm, Lindenstra\u00dfe und Alten Friedhof. An passenden Haltepunkten bringt Winno Sahm Prosatexte, Gedichte und Lieder zum Linden-Thema zu Geh\u00f6r. Die Lesungen werden durch Erl\u00e4uterungen zur Kultur- und Literaturgeschichte erg\u00e4nzt. Die Teilnahme an der etwa 90-min\u00fctigen Veranstaltung der &hellip; <\/p>\n<p><a class=\"more-link btn\" href=\"https:\/\/heimatverein-nieder-roden.de\/?p=7519\">Weiterlesen<\/a><\/p>\n","protected":false},"author":1,"featured_media":7535,"comment_status":"closed","ping_status":"closed","sticky":false,"template":"","format":"standard","meta":{"_coblocks_attr":"","_coblocks_dimensions":"","_coblocks_responsive_height":"","_coblocks_accordion_ie_support":"","footnotes":"","_share_on_mastodon":"0"},"categories":[6,497],"tags":[12,246,264,530,529,80,528],"class_list":["post-7519","post","type-post","status-publish","format-standard","has-post-thumbnail","hentry","category-aktuell","category-gruene","tag-alter-friedhof","tag-die-gruenen","tag-gruene","tag-lindenstrasse","tag-ortslinde","tag-sankt-matthias-kirche","tag-spaziergang","nodate"],"share_on_mastodon":{"url":"","error":""},"publishpress_future_action":{"enabled":false,"date":"2026-05-07 07:49:20","action":"category-remove","newStatus":"draft","terms":[],"taxonomy":"category","extraData":[]},"publishpress_future_workflow_manual_trigger":{"enabledWorkflows":[]},"_links":{"self":[{"href":"https:\/\/heimatverein-nieder-roden.de\/index.php?rest_route=\/wp\/v2\/posts\/7519","targetHints":{"allow":["GET"]}}],"collection":[{"href":"https:\/\/heimatverein-nieder-roden.de\/index.php?rest_route=\/wp\/v2\/posts"}],"about":[{"href":"https:\/\/heimatverein-nieder-roden.de\/index.php?rest_route=\/wp\/v2\/types\/post"}],"author":[{"embeddable":true,"href":"https:\/\/heimatverein-nieder-roden.de\/index.php?rest_route=\/wp\/v2\/users\/1"}],"replies":[{"embeddable":true,"href":"https:\/\/heimatverein-nieder-roden.de\/index.php?rest_route=%2Fwp%2Fv2%2Fcomments&post=7519"}],"version-history":[{"count":7,"href":"https:\/\/heimatverein-nieder-roden.de\/index.php?rest_route=\/wp\/v2\/posts\/7519\/revisions"}],"predecessor-version":[{"id":7539,"href":"https:\/\/heimatverein-nieder-roden.de\/index.php?rest_route=\/wp\/v2\/posts\/7519\/revisions\/7539"}],"wp:featuredmedia":[{"embeddable":true,"href":"https:\/\/heimatverein-nieder-roden.de\/index.php?rest_route=\/wp\/v2\/media\/7535"}],"wp:attachment":[{"href":"https:\/\/heimatverein-nieder-roden.de\/index.php?rest_route=%2Fwp%2Fv2%2Fmedia&parent=7519"}],"wp:term":[{"taxonomy":"category","embeddable":true,"href":"https:\/\/heimatverein-nieder-roden.de\/index.php?rest_route=%2Fwp%2Fv2%2Fcategories&post=7519"},{"taxonomy":"post_tag","embeddable":true,"href":"https:\/\/heimatverein-nieder-roden.de\/index.php?rest_route=%2Fwp%2Fv2%2Ftags&post=7519"}],"curies":[{"name":"wp","href":"https:\/\/api.w.org\/{rel}","templated":true}]}}