{"id":7508,"date":"2024-09-12T15:49:07","date_gmt":"2024-09-12T13:49:07","guid":{"rendered":"https:\/\/heimatverein-nieder-roden.de\/?p=7508"},"modified":"2024-09-16T13:34:17","modified_gmt":"2024-09-16T11:34:17","slug":"haeiwekuche-im-museumscafe","status":"publish","type":"post","link":"https:\/\/heimatverein-nieder-roden.de\/?p=7508","title":{"rendered":"H\u00e4iwekuche im Museumscaf\u00e9"},"content":{"rendered":"\n<p><strong>Museums\u00f6ffnung am 15. September 2024<\/strong><\/p>\n\n\n\n<p>Am kommenden Sonntag, den 15. September 2024 \u00f6ffnet das Heimatmuseum wieder seine Pforten.<\/p>\n\n\n\n<p>Nach der Sommerpause ist auch die Jahresausstellung wieder zu sehen, mit dem Thema: &#8222;70 Jahre Sch\u00fctzenclub Gamsbock Nieder-Roden\/Rollwald&#8220;.<\/p>\n\n\n\n<p>Im Museumscaf\u00e9 gibt es eine besondere Leckerei: Traditionell kommt der Kuchen im September von der B\u00e4ckerei Spahn. Frischer H\u00e4iwekuche (Hefekuchen) vom Blech, in verschiedenen Varianten, gibt es in der Museumsstubb. <\/p>\n\n\n\n<div class=\"wp-block-columns is-layout-flex wp-container-core-columns-is-layout-9d6595d7 wp-block-columns-is-layout-flex\">\n<div class=\"wp-block-column is-layout-flow wp-block-column-is-layout-flow\" style=\"flex-basis:50%\"><div class=\"wp-block-image\">\n<figure class=\"aligncenter size-large is-resized\"><a href=\"https:\/\/heimatverein-nieder-roden.de\/wp-content\/uploads\/2023\/05\/2023-05-07_15-03-34_AKHNR_Museumsoeffnung-MiMh-JO-KF-Eroeffnung-JA2023_FMA_IMG_20230507_150334-scaled.jpg\"><img decoding=\"async\" width=\"1024\" height=\"768\" src=\"https:\/\/heimatverein-nieder-roden.de\/wp-content\/uploads\/2023\/05\/2023-05-07_15-03-34_AKHNR_Museumsoeffnung-MiMh-JO-KF-Eroeffnung-JA2023_FMA_IMG_20230507_150334-1024x768.jpg\" alt=\"\" class=\"wp-image-5228\" style=\"width:368px;height:auto\" srcset=\"https:\/\/heimatverein-nieder-roden.de\/wp-content\/uploads\/2023\/05\/2023-05-07_15-03-34_AKHNR_Museumsoeffnung-MiMh-JO-KF-Eroeffnung-JA2023_FMA_IMG_20230507_150334-1024x768.jpg 1024w, https:\/\/heimatverein-nieder-roden.de\/wp-content\/uploads\/2023\/05\/2023-05-07_15-03-34_AKHNR_Museumsoeffnung-MiMh-JO-KF-Eroeffnung-JA2023_FMA_IMG_20230507_150334-300x225.jpg 300w, https:\/\/heimatverein-nieder-roden.de\/wp-content\/uploads\/2023\/05\/2023-05-07_15-03-34_AKHNR_Museumsoeffnung-MiMh-JO-KF-Eroeffnung-JA2023_FMA_IMG_20230507_150334-768x576.jpg 768w, https:\/\/heimatverein-nieder-roden.de\/wp-content\/uploads\/2023\/05\/2023-05-07_15-03-34_AKHNR_Museumsoeffnung-MiMh-JO-KF-Eroeffnung-JA2023_FMA_IMG_20230507_150334-1536x1152.jpg 1536w, https:\/\/heimatverein-nieder-roden.de\/wp-content\/uploads\/2023\/05\/2023-05-07_15-03-34_AKHNR_Museumsoeffnung-MiMh-JO-KF-Eroeffnung-JA2023_FMA_IMG_20230507_150334-2048x1536.jpg 2048w, https:\/\/heimatverein-nieder-roden.de\/wp-content\/uploads\/2023\/05\/2023-05-07_15-03-34_AKHNR_Museumsoeffnung-MiMh-JO-KF-Eroeffnung-JA2023_FMA_IMG_20230507_150334-836x627.jpg 836w, https:\/\/heimatverein-nieder-roden.de\/wp-content\/uploads\/2023\/05\/2023-05-07_15-03-34_AKHNR_Museumsoeffnung-MiMh-JO-KF-Eroeffnung-JA2023_FMA_IMG_20230507_150334-560x420.jpg 560w\" sizes=\"(max-width: 1024px) 100vw, 1024px\" \/><\/a><figcaption class=\"wp-element-caption\">F\u00fcr die Besucher des Museumscaf\u00e9s ist alles vorbereitet&#8230;<br>\u00a9AKHNR\/FMA<\/figcaption><\/figure>\n<\/div><\/div>\n\n\n\n<div class=\"wp-block-column is-layout-flow wp-block-column-is-layout-flow\" style=\"flex-basis:50%\"><div class=\"wp-block-image\">\n<figure class=\"aligncenter size-large is-resized\"><a href=\"https:\/\/heimatverein-nieder-roden.de\/wp-content\/uploads\/2022\/06\/2022-06-12_16-32-22_AKHNR_Museumsoeffnung-KO_IMG_20220612_163222_1920_72dpi_Wasserz.jpg\"><img decoding=\"async\" width=\"1024\" height=\"768\" src=\"https:\/\/heimatverein-nieder-roden.de\/wp-content\/uploads\/2022\/06\/2022-06-12_16-32-22_AKHNR_Museumsoeffnung-KO_IMG_20220612_163222_1920_72dpi_Wasserz-1024x768.jpg\" alt=\"\" class=\"wp-image-4385\" style=\"width:365px;height:auto\" srcset=\"https:\/\/heimatverein-nieder-roden.de\/wp-content\/uploads\/2022\/06\/2022-06-12_16-32-22_AKHNR_Museumsoeffnung-KO_IMG_20220612_163222_1920_72dpi_Wasserz-1024x768.jpg 1024w, https:\/\/heimatverein-nieder-roden.de\/wp-content\/uploads\/2022\/06\/2022-06-12_16-32-22_AKHNR_Museumsoeffnung-KO_IMG_20220612_163222_1920_72dpi_Wasserz-300x225.jpg 300w, https:\/\/heimatverein-nieder-roden.de\/wp-content\/uploads\/2022\/06\/2022-06-12_16-32-22_AKHNR_Museumsoeffnung-KO_IMG_20220612_163222_1920_72dpi_Wasserz-768x576.jpg 768w, https:\/\/heimatverein-nieder-roden.de\/wp-content\/uploads\/2022\/06\/2022-06-12_16-32-22_AKHNR_Museumsoeffnung-KO_IMG_20220612_163222_1920_72dpi_Wasserz-1536x1152.jpg 1536w, https:\/\/heimatverein-nieder-roden.de\/wp-content\/uploads\/2022\/06\/2022-06-12_16-32-22_AKHNR_Museumsoeffnung-KO_IMG_20220612_163222_1920_72dpi_Wasserz-836x627.jpg 836w, https:\/\/heimatverein-nieder-roden.de\/wp-content\/uploads\/2022\/06\/2022-06-12_16-32-22_AKHNR_Museumsoeffnung-KO_IMG_20220612_163222_1920_72dpi_Wasserz-560x420.jpg 560w, https:\/\/heimatverein-nieder-roden.de\/wp-content\/uploads\/2022\/06\/2022-06-12_16-32-22_AKHNR_Museumsoeffnung-KO_IMG_20220612_163222_1920_72dpi_Wasserz.jpg 1920w\" sizes=\"(max-width: 1024px) 100vw, 1024px\" \/><\/a><figcaption class=\"wp-element-caption\">Leckerer Hefe-Blechkuchen vom B\u00e4cker Spahn<br>\u00a9AKHNR\/FMA<\/figcaption><\/figure>\n<\/div><\/div>\n<\/div>\n\n\n\n<p>An den detailreich und liebevoll gedeckten Tischen mit reich verzierten Tellern und Tassen aus Omas Zeit, l\u00e4sst sich gem\u00fctlich Kaffee und Kuchen genie\u00dfen und in Erinnerungen schwelgen. Wer m\u00f6chte kann sich so dem hektischen Alltag f\u00fcr ein paar sch\u00f6ne Stunden entziehen &#8211; so geht Entschleunigung. <\/p>\n\n\n\n<p>Leider muss die Musik im Museumshof diesmal ausfallen. Der Musikverein hat den geplanten Auftritt des Konzertorchesters abgesagt. <\/p>\n\n\n\n<p>Der AKHNR freut sich trotzdem auf die Besucher zwischen 14 und 18 Uhr, in der Schulstra\u00dfe 32, in Nieder-Roden.<\/p>\n\n\n\n<div class=\"wp-block-buttons is-content-justification-center is-layout-flex wp-container-core-buttons-is-layout-16018d1d wp-block-buttons-is-layout-flex\">\n<div class=\"wp-block-button\"><a class=\"wp-block-button__link wp-element-button\" href=\"https:\/\/heimatverein-nieder-roden.de\/?p=6700\">Infos zur Jahresausstellung<\/a><\/div>\n<\/div>\n","protected":false},"excerpt":{"rendered":"<p>Das Heimatmuseum in Nieder-Roden \u00f6ffnet wieder seine T\u00fcren. Die Jahresausstellung 2024 wird zum zweiten Mal gezeigt. Darin geht es um den Sch\u00fctzenclub Gamsbock Nieder-Roden \/ Rollwald, der in diesem Jahr 70 Jahre alt wird.<\/p><p><a class=\"more-link btn\" href=\"https:\/\/heimatverein-nieder-roden.de\/?p=7508\">Weiterlesen<\/a><\/p>\n","protected":false},"author":1,"featured_media":5228,"comment_status":"closed","ping_status":"closed","sticky":false,"template":"","format":"standard","meta":{"_coblocks_attr":"","_coblocks_dimensions":"","_coblocks_responsive_height":"","_coblocks_accordion_ie_support":"","footnotes":"","_share_on_mastodon":"0"},"categories":[6,138,9],"tags":[34,35,32,27,25],"class_list":["post-7508","post","type-post","status-publish","format-standard","has-post-thumbnail","hentry","category-aktuell","category-jahresausstellung","category-museumsoeffnungen","tag-akhnr","tag-arbeitskreis-fuer-heimatkunde-nieder-roden-e-v","tag-heimatmuseum","tag-jahresausstellung","tag-museumsoeffnung","nodate"],"share_on_mastodon":{"url":"","error":""},"publishpress_future_action":{"enabled":false,"date":"2026-05-07 03:28:21","action":"category-remove","newStatus":"draft","terms":[],"taxonomy":"category","extraData":[]},"publishpress_future_workflow_manual_trigger":{"enabledWorkflows":[]},"_links":{"self":[{"href":"https:\/\/heimatverein-nieder-roden.de\/index.php?rest_route=\/wp\/v2\/posts\/7508","targetHints":{"allow":["GET"]}}],"collection":[{"href":"https:\/\/heimatverein-nieder-roden.de\/index.php?rest_route=\/wp\/v2\/posts"}],"about":[{"href":"https:\/\/heimatverein-nieder-roden.de\/index.php?rest_route=\/wp\/v2\/types\/post"}],"author":[{"embeddable":true,"href":"https:\/\/heimatverein-nieder-roden.de\/index.php?rest_route=\/wp\/v2\/users\/1"}],"replies":[{"embeddable":true,"href":"https:\/\/heimatverein-nieder-roden.de\/index.php?rest_route=%2Fwp%2Fv2%2Fcomments&post=7508"}],"version-history":[{"count":1,"href":"https:\/\/heimatverein-nieder-roden.de\/index.php?rest_route=\/wp\/v2\/posts\/7508\/revisions"}],"predecessor-version":[{"id":7509,"href":"https:\/\/heimatverein-nieder-roden.de\/index.php?rest_route=\/wp\/v2\/posts\/7508\/revisions\/7509"}],"wp:featuredmedia":[{"embeddable":true,"href":"https:\/\/heimatverein-nieder-roden.de\/index.php?rest_route=\/wp\/v2\/media\/5228"}],"wp:attachment":[{"href":"https:\/\/heimatverein-nieder-roden.de\/index.php?rest_route=%2Fwp%2Fv2%2Fmedia&parent=7508"}],"wp:term":[{"taxonomy":"category","embeddable":true,"href":"https:\/\/heimatverein-nieder-roden.de\/index.php?rest_route=%2Fwp%2Fv2%2Fcategories&post=7508"},{"taxonomy":"post_tag","embeddable":true,"href":"https:\/\/heimatverein-nieder-roden.de\/index.php?rest_route=%2Fwp%2Fv2%2Ftags&post=7508"}],"curies":[{"name":"wp","href":"https:\/\/api.w.org\/{rel}","templated":true}]}}