{"id":7439,"date":"2024-08-29T22:29:29","date_gmt":"2024-08-29T20:29:29","guid":{"rendered":"https:\/\/heimatverein-nieder-roden.de\/?p=7439"},"modified":"2024-09-02T21:45:13","modified_gmt":"2024-09-02T19:45:13","slug":"die-welt-zu-hause-in-rodgau-fest-fuer-den-interkulturellen-austausch","status":"publish","type":"post","link":"https:\/\/heimatverein-nieder-roden.de\/?p=7439","title":{"rendered":"Die Welt zu Hause in Rodgau &#8211; Fest f\u00fcr den interkulturellen Austausch"},"content":{"rendered":"\n<p>Der Verein munaVeRo l\u00e4dt am 1. September 2024 gemeinsam mit dem Ausl\u00e4nderbeirat Rodgau alle Einwohner \u2013 Alteingesessene wie auch Zugewanderte \u2013 und auch gesellschaftlich und sozial engagierte Vereine und Organisationen, zu einem Fest des Austauschs und der interkulturellen Begegnung auf den Puiseauxplatz in Nieder-Roden ein.<\/p>\n\n\n\n<p>Das Fest soll um 11 Uhr beginnen, der Eintritt ist frei.<\/p>\n\n\n<div class=\"wp-block-image\">\n<figure class=\"aligncenter size-large is-resized\"><a href=\"https:\/\/heimatverein-nieder-roden.de\/wp-content\/uploads\/2024\/08\/MunaVeRo_Kulturfest-2024-09-01_Plakat.jpg\"><img decoding=\"async\" width=\"724\" height=\"1024\" src=\"https:\/\/heimatverein-nieder-roden.de\/wp-content\/uploads\/2024\/08\/MunaVeRo_Kulturfest-2024-09-01_Plakat-724x1024.jpg\" alt=\"\" class=\"wp-image-7440\" style=\"width:468px;height:auto\" srcset=\"https:\/\/heimatverein-nieder-roden.de\/wp-content\/uploads\/2024\/08\/MunaVeRo_Kulturfest-2024-09-01_Plakat-724x1024.jpg 724w, https:\/\/heimatverein-nieder-roden.de\/wp-content\/uploads\/2024\/08\/MunaVeRo_Kulturfest-2024-09-01_Plakat-212x300.jpg 212w, https:\/\/heimatverein-nieder-roden.de\/wp-content\/uploads\/2024\/08\/MunaVeRo_Kulturfest-2024-09-01_Plakat-768x1086.jpg 768w, https:\/\/heimatverein-nieder-roden.de\/wp-content\/uploads\/2024\/08\/MunaVeRo_Kulturfest-2024-09-01_Plakat-1087x1536.jpg 1087w, https:\/\/heimatverein-nieder-roden.de\/wp-content\/uploads\/2024\/08\/MunaVeRo_Kulturfest-2024-09-01_Plakat-836x1182.jpg 836w, https:\/\/heimatverein-nieder-roden.de\/wp-content\/uploads\/2024\/08\/MunaVeRo_Kulturfest-2024-09-01_Plakat-560x792.jpg 560w, https:\/\/heimatverein-nieder-roden.de\/wp-content\/uploads\/2024\/08\/MunaVeRo_Kulturfest-2024-09-01_Plakat.jpg 1344w\" sizes=\"(max-width: 724px) 100vw, 724px\" \/><\/a><figcaption class=\"wp-element-caption\">Die Welt zu Hause in Rodgau &#8211; Kulturfest am 01.09.2024 auf dem Puiseauxplatz.\n\u00a9MunaVeRo<\/figcaption><\/figure>\n<\/div>\n\n\n<p>Die Veranstaltung bietet<\/p>\n\n\n\n<ul class=\"wp-block-list\">\n<li>ein B\u00fchnenprogramm mit Musik und Tanz vielf\u00e4ltiger Kulturen <\/li>\n\n\n\n<li>Angebote kulinarischer Besonderheiten<\/li>\n\n\n\n<li>Gespr\u00e4che\/ Erz\u00e4hlcaf\u00e9 und Ausstellungen als Begleitprogramm <\/li>\n\n\n\n<li>Infost\u00e4nde und die M\u00f6glichkeit f\u00fcr sozial engagierte Gruppen und Institutionen, sich und ihre Arbeit zu pr\u00e4sentieren, sich mit anderen auszutauschen und auch um Mitstreiter zu werben.<\/li>\n<\/ul>\n\n\n\n<h2 class=\"wp-block-heading\">Das voraussichtliche B\u00fchnenprogramm:<\/h2>\n\n\n\n<p>(in Abstimmung)<\/p>\n\n\n\n<figure class=\"wp-block-table\"><table class=\"has-fixed-layout\"><thead><tr><th>Zeit<\/th><th>Gruppe<\/th><\/tr><\/thead><tbody><tr><td>11:00 Uhr<\/td><td>offener Anfang: Infost\u00e4nde, Bewirtung, Musik, Trommeln<\/td><\/tr><tr><td>12:15 Uhr<\/td><td>Gru\u00dfwort B\u00fcrgermeister, Begr\u00fc\u00dfung \/ Er\u00f6ffnung durch den Ausl\u00e4nderbeirat und MunaVeRo<\/td><\/tr><tr><td>13:00 Uhr<\/td><td>Alegrias I<\/td><\/tr><tr><td>13:30 Uhr<\/td><td>Puerta del Sol\u00a0 (Bolivianer*innen)<\/td><\/tr><tr><td>14:00 Uhr<\/td><td>Gru\u00dfworte II Politik, Gelegenheit zur Unterhaltung und Essen<\/td><\/tr><tr><td>14:30 Uhr<\/td><td>Die Br\u00fccke, Vietnames*innen<\/td><\/tr><tr><td>15:00 Uhr<\/td><td>Alegrias II<\/td><\/tr><tr><td>15:30 Uhr<\/td><td>Megas Alexandros (griechische Jugendliche)<\/td><\/tr><tr><td>16:00 Uhr<\/td><td>Caiqu\u00e9n Chilenische Gruppe<\/td><\/tr><tr><td>16:30 Uhr<\/td><td>Brasilianische Tanz u. Kampfsportguppe<\/td><\/tr><tr><td>17:00 Uhr<\/td><td>T\u00fcrkische Schwarzmeer-Gruppe<\/td><\/tr><tr><td>17:30 Uhr<\/td><td>Aba Brazil Sambashow<\/td><\/tr><tr><td>18:00 Uhr<\/td><td>Band Mato Triolo, afrikanische und Weltmusik<\/td><\/tr><tr><td><\/td><td><\/td><\/tr><\/tbody><\/table><\/figure>\n\n\n\n<p>Die Veranstalter wollen damit die Menschen zusammenbringen und hoffen darauf, dass sich in der direkten Begegnung Vorbehalte und Trennendes besser \u00fcberwinden lassen.<\/p>\n\n\n\n<p>&#8222;Wir sitzen alle im gleichen Boot und brauchen in diesen Zeiten weltweiter klimatischer und politischer Ver\u00e4nderungen, die an den Grenzen von L\u00e4ndern und Kontinenten leider nicht Halt machen, keine Spaltung der Gesellschaft, sondern so viel Zusammenhalt, wie m\u00f6glich. Nur in gemeinsamer solidarischer Anstrengung k\u00f6nnen wir uns eine lebenswerte Zukunft erhalten. Und daf\u00fcr m\u00fcssen wir zusammenfinden, m\u00fcssen uns verst\u00e4ndigen und vernetzen, in der Kommune, im Land, in Europa und der Welt.&#8220; &#8211; so der Verein.<\/p>\n\n\n\n<p>Die Veranstaltung wird gef\u00f6rdert:<\/p>\n\n\n\n<ul class=\"wp-block-list\">\n<li>von der \u201ePartnerschaft f\u00fcr Demokratie\u201c Kreis Offenbach im Rahmen des Bundesprogramms \u201eDemokratie leben!\u201c <\/li>\n\n\n\n<li>durch das Bundesministerium f\u00fcr Familie, Senioren, Frauen und Jugend <\/li>\n\n\n\n<li>von dem Landesprogramm \u201eHessen aktiv f\u00fcr Demokratie und gegen Extremismus\u201c des Hessischen Ministerium des Innern und f\u00fcr Sport.<\/li>\n<\/ul>\n\n\n\n<p>Die Ver\u00f6ffentlichung stellt keine Meinungs\u00e4u\u00dferung des BMFSFJ, BAFzA, HMdIS oder des Kreis Offenbach dar. F\u00fcr inhaltliche Aussagen tragen die Autorinnen und Autoren die Verantwortung.<\/p>\n\n\n\n<p>Weitere Informationen gibt es bei MunaVeRo: <\/p>\n\n\n\n<div class=\"wp-block-buttons is-content-justification-center is-layout-flex wp-container-core-buttons-is-layout-16018d1d wp-block-buttons-is-layout-flex\">\n<div class=\"wp-block-button\"><a class=\"wp-block-button__link has-background wp-element-button\" style=\"background-color:#932418\">https:\/\/munavero.de\/<\/a><\/div>\n<\/div>\n\n\n\n<p class=\"is-style-info\">Beitrag erstellt mit freundlicher Unterst\u00fctzung und Genehmigung des Vereins f\u00fcr multinationale Verst\u00e4ndigung Rodgau e. V. (MunaVeRo)<br>Vielen Dank!<\/p>\n","protected":false},"excerpt":{"rendered":"<p>Der Verein munaVeRo l\u00e4dt am 1. September 2024, ab 11 Uhr, gemeinsam mit dem Ausl\u00e4nderbeirat Rodgau alle Einwohner \u2013 Alteingesessene wie auch Zugewanderte \u2013 und auch gesellschaftlich und sozial engagierte Vereine und Organisationen, zu einem Fest des Austauschs und der interkulturellen Begegnung auf den Puiseauxplatz in Nieder-Roden ein.<\/p><p><a class=\"more-link btn\" href=\"https:\/\/heimatverein-nieder-roden.de\/?p=7439\">Weiterlesen<\/a><\/p>\n","protected":false},"author":1,"featured_media":7440,"comment_status":"closed","ping_status":"closed","sticky":false,"template":"","format":"standard","meta":{"_coblocks_attr":"","_coblocks_dimensions":"","_coblocks_responsive_height":"","_coblocks_accordion_ie_support":"","footnotes":"","_share_on_mastodon":"0"},"categories":[6,520],"tags":[519,518,75],"class_list":["post-7439","post","type-post","status-publish","format-standard","has-post-thumbnail","hentry","category-aktuell","category-munavero","tag-auslaenderbeirat","tag-munavero","tag-puiseauxplatz","nodate"],"share_on_mastodon":{"url":"","error":""},"publishpress_future_action":{"enabled":false,"date":"2026-05-07 09:42:53","action":"category-remove","newStatus":"draft","terms":[],"taxonomy":"category","extraData":[]},"publishpress_future_workflow_manual_trigger":{"enabledWorkflows":[]},"_links":{"self":[{"href":"https:\/\/heimatverein-nieder-roden.de\/index.php?rest_route=\/wp\/v2\/posts\/7439","targetHints":{"allow":["GET"]}}],"collection":[{"href":"https:\/\/heimatverein-nieder-roden.de\/index.php?rest_route=\/wp\/v2\/posts"}],"about":[{"href":"https:\/\/heimatverein-nieder-roden.de\/index.php?rest_route=\/wp\/v2\/types\/post"}],"author":[{"embeddable":true,"href":"https:\/\/heimatverein-nieder-roden.de\/index.php?rest_route=\/wp\/v2\/users\/1"}],"replies":[{"embeddable":true,"href":"https:\/\/heimatverein-nieder-roden.de\/index.php?rest_route=%2Fwp%2Fv2%2Fcomments&post=7439"}],"version-history":[{"count":1,"href":"https:\/\/heimatverein-nieder-roden.de\/index.php?rest_route=\/wp\/v2\/posts\/7439\/revisions"}],"predecessor-version":[{"id":7441,"href":"https:\/\/heimatverein-nieder-roden.de\/index.php?rest_route=\/wp\/v2\/posts\/7439\/revisions\/7441"}],"wp:featuredmedia":[{"embeddable":true,"href":"https:\/\/heimatverein-nieder-roden.de\/index.php?rest_route=\/wp\/v2\/media\/7440"}],"wp:attachment":[{"href":"https:\/\/heimatverein-nieder-roden.de\/index.php?rest_route=%2Fwp%2Fv2%2Fmedia&parent=7439"}],"wp:term":[{"taxonomy":"category","embeddable":true,"href":"https:\/\/heimatverein-nieder-roden.de\/index.php?rest_route=%2Fwp%2Fv2%2Fcategories&post=7439"},{"taxonomy":"post_tag","embeddable":true,"href":"https:\/\/heimatverein-nieder-roden.de\/index.php?rest_route=%2Fwp%2Fv2%2Ftags&post=7439"}],"curies":[{"name":"wp","href":"https:\/\/api.w.org\/{rel}","templated":true}]}}