{"id":7220,"date":"2024-08-18T13:53:13","date_gmt":"2024-08-18T11:53:13","guid":{"rendered":"https:\/\/heimatverein-nieder-roden.de\/?p=7220"},"modified":"2026-04-20T20:53:56","modified_gmt":"2026-04-20T18:53:56","slug":"was-gibts-bei-der-kerb-zu-essen-2","status":"publish","type":"post","link":"https:\/\/heimatverein-nieder-roden.de\/?p=7220","title":{"rendered":"Was gibt&#8217;s bei der Kerb zu essen?"},"content":{"rendered":"\n<p><strong>Ein Beitrag zur Nirrer\u00e4irer Kerb 2024<\/strong><\/p>\n\n\n\n<p>Hier m\u00f6chten wir einen \u00dcberblick \u00fcber das kulinarische Angebot zur Kerb 2024 geben.<\/p>\n\n\n\n<p>Nat\u00fcrlich k\u00f6nnen wir nur auflisten, was uns bekannt ist.<br>Daher erheben wir keinen Anspruch auf Vollst\u00e4ndigkeit.<\/p>\n\n\n\n<p class=\"is-style-warning\">Es kann sich immer etwas an der Verf\u00fcgbarkeit oder dem Angebot \u00e4ndern.<br>Daf\u00fcr k\u00f6nnen wir nat\u00fcrlich keine Gew\u00e4hr \u00fcbernehmen.<\/p>\n\n\n\n<h3 class=\"wp-block-heading\">Kulinarische Impressionen von der Kerb 2023<\/h3>\n\n\n\n<p>Die aktuellen Angebote aus diesem Jahr finden sie direkt unter der Gallerie!<\/p>\n\n\n\n<div class=\"wp-block-buttons is-content-justification-center is-layout-flex wp-container-core-buttons-is-layout-16018d1d wp-block-buttons-is-layout-flex\">\n<div class=\"wp-block-button\"><a class=\"wp-block-button__link wp-element-button\" href=\"#essenliste\">zu den Angeboten 2024<\/a><\/div>\n<\/div>\n\n\n\n<figure class=\"wp-block-gallery has-nested-images columns-default is-cropped wp-block-gallery-1 is-layout-flex wp-block-gallery-is-layout-flex\">\n<figure class=\"wp-block-image size-large\"><a href=\"https:\/\/heimatverein-nieder-roden.de\/wp-content\/uploads\/2023\/09\/2023-09-11_19-21-28_NRKerb2023_FMA_IMG_20230911_192128-scaled.jpg\"><img decoding=\"async\" width=\"1024\" height=\"810\" data-id=\"6110\" src=\"https:\/\/heimatverein-nieder-roden.de\/wp-content\/uploads\/2023\/09\/2023-09-11_19-21-28_NRKerb2023_FMA_IMG_20230911_192128-1024x810.jpg\" alt=\"\" class=\"wp-image-6110\" srcset=\"https:\/\/heimatverein-nieder-roden.de\/wp-content\/uploads\/2023\/09\/2023-09-11_19-21-28_NRKerb2023_FMA_IMG_20230911_192128-1024x810.jpg 1024w, https:\/\/heimatverein-nieder-roden.de\/wp-content\/uploads\/2023\/09\/2023-09-11_19-21-28_NRKerb2023_FMA_IMG_20230911_192128-300x237.jpg 300w, https:\/\/heimatverein-nieder-roden.de\/wp-content\/uploads\/2023\/09\/2023-09-11_19-21-28_NRKerb2023_FMA_IMG_20230911_192128-768x607.jpg 768w, https:\/\/heimatverein-nieder-roden.de\/wp-content\/uploads\/2023\/09\/2023-09-11_19-21-28_NRKerb2023_FMA_IMG_20230911_192128-1536x1215.jpg 1536w, https:\/\/heimatverein-nieder-roden.de\/wp-content\/uploads\/2023\/09\/2023-09-11_19-21-28_NRKerb2023_FMA_IMG_20230911_192128-2048x1619.jpg 2048w, https:\/\/heimatverein-nieder-roden.de\/wp-content\/uploads\/2023\/09\/2023-09-11_19-21-28_NRKerb2023_FMA_IMG_20230911_192128-836x661.jpg 836w, https:\/\/heimatverein-nieder-roden.de\/wp-content\/uploads\/2023\/09\/2023-09-11_19-21-28_NRKerb2023_FMA_IMG_20230911_192128-560x443.jpg 560w\" sizes=\"(max-width: 1024px) 100vw, 1024px\" \/><\/a><figcaption class=\"wp-element-caption\">Selbstgemachter Kartoffelsalat mit Spiegelei bei Fam. Schrod. <br>\u00a9AKHNR\/FMA<\/figcaption><\/figure>\n\n\n\n<figure class=\"wp-block-image size-large\"><a href=\"https:\/\/heimatverein-nieder-roden.de\/wp-content\/uploads\/2023\/09\/2023-09-11_14-46-31_NRKerb2023_FMA_IMG_20230911_144631-scaled.jpg\"><img decoding=\"async\" width=\"1024\" height=\"768\" data-id=\"6109\" src=\"https:\/\/heimatverein-nieder-roden.de\/wp-content\/uploads\/2023\/09\/2023-09-11_14-46-31_NRKerb2023_FMA_IMG_20230911_144631-1024x768.jpg\" alt=\"\" class=\"wp-image-6109\" srcset=\"https:\/\/heimatverein-nieder-roden.de\/wp-content\/uploads\/2023\/09\/2023-09-11_14-46-31_NRKerb2023_FMA_IMG_20230911_144631-1024x768.jpg 1024w, https:\/\/heimatverein-nieder-roden.de\/wp-content\/uploads\/2023\/09\/2023-09-11_14-46-31_NRKerb2023_FMA_IMG_20230911_144631-300x225.jpg 300w, https:\/\/heimatverein-nieder-roden.de\/wp-content\/uploads\/2023\/09\/2023-09-11_14-46-31_NRKerb2023_FMA_IMG_20230911_144631-768x576.jpg 768w, https:\/\/heimatverein-nieder-roden.de\/wp-content\/uploads\/2023\/09\/2023-09-11_14-46-31_NRKerb2023_FMA_IMG_20230911_144631-1536x1152.jpg 1536w, https:\/\/heimatverein-nieder-roden.de\/wp-content\/uploads\/2023\/09\/2023-09-11_14-46-31_NRKerb2023_FMA_IMG_20230911_144631-2048x1536.jpg 2048w, https:\/\/heimatverein-nieder-roden.de\/wp-content\/uploads\/2023\/09\/2023-09-11_14-46-31_NRKerb2023_FMA_IMG_20230911_144631-836x627.jpg 836w, https:\/\/heimatverein-nieder-roden.de\/wp-content\/uploads\/2023\/09\/2023-09-11_14-46-31_NRKerb2023_FMA_IMG_20230911_144631-560x420.jpg 560w\" sizes=\"(max-width: 1024px) 100vw, 1024px\" \/><\/a><figcaption class=\"wp-element-caption\">Handk\u00e4s mit Musigg bei Fam. Schrod.<br>\u00a9AKHNR\/FMA<\/figcaption><\/figure>\n\n\n\n<figure class=\"wp-block-image size-large\"><a href=\"https:\/\/heimatverein-nieder-roden.de\/wp-content\/uploads\/2023\/09\/2023-09-11_14-45-09_NRKerb2023_FMA_IMG_20230911_144509-scaled.jpg\"><img decoding=\"async\" width=\"1024\" height=\"768\" data-id=\"6108\" src=\"https:\/\/heimatverein-nieder-roden.de\/wp-content\/uploads\/2023\/09\/2023-09-11_14-45-09_NRKerb2023_FMA_IMG_20230911_144509-1024x768.jpg\" alt=\"\" class=\"wp-image-6108\" srcset=\"https:\/\/heimatverein-nieder-roden.de\/wp-content\/uploads\/2023\/09\/2023-09-11_14-45-09_NRKerb2023_FMA_IMG_20230911_144509-1024x768.jpg 1024w, https:\/\/heimatverein-nieder-roden.de\/wp-content\/uploads\/2023\/09\/2023-09-11_14-45-09_NRKerb2023_FMA_IMG_20230911_144509-300x225.jpg 300w, https:\/\/heimatverein-nieder-roden.de\/wp-content\/uploads\/2023\/09\/2023-09-11_14-45-09_NRKerb2023_FMA_IMG_20230911_144509-768x576.jpg 768w, https:\/\/heimatverein-nieder-roden.de\/wp-content\/uploads\/2023\/09\/2023-09-11_14-45-09_NRKerb2023_FMA_IMG_20230911_144509-1536x1152.jpg 1536w, https:\/\/heimatverein-nieder-roden.de\/wp-content\/uploads\/2023\/09\/2023-09-11_14-45-09_NRKerb2023_FMA_IMG_20230911_144509-2048x1536.jpg 2048w, https:\/\/heimatverein-nieder-roden.de\/wp-content\/uploads\/2023\/09\/2023-09-11_14-45-09_NRKerb2023_FMA_IMG_20230911_144509-836x627.jpg 836w, https:\/\/heimatverein-nieder-roden.de\/wp-content\/uploads\/2023\/09\/2023-09-11_14-45-09_NRKerb2023_FMA_IMG_20230911_144509-560x420.jpg 560w\" sizes=\"(max-width: 1024px) 100vw, 1024px\" \/><\/a><figcaption class=\"wp-element-caption\">Selbstgemachter Kartoffelsalat bei Fam. Schrod. <br>\u00a9AKHNR\/FMA<\/figcaption><\/figure>\n\n\n\n<figure class=\"wp-block-image size-large\"><a href=\"https:\/\/heimatverein-nieder-roden.de\/wp-content\/uploads\/2023\/09\/2023-09-11_14-43-16_NRKerb2023_FMA_IMG_20230911_144316-scaled.jpg\"><img decoding=\"async\" width=\"1024\" height=\"768\" data-id=\"6107\" src=\"https:\/\/heimatverein-nieder-roden.de\/wp-content\/uploads\/2023\/09\/2023-09-11_14-43-16_NRKerb2023_FMA_IMG_20230911_144316-1024x768.jpg\" alt=\"\" class=\"wp-image-6107\" srcset=\"https:\/\/heimatverein-nieder-roden.de\/wp-content\/uploads\/2023\/09\/2023-09-11_14-43-16_NRKerb2023_FMA_IMG_20230911_144316-1024x768.jpg 1024w, https:\/\/heimatverein-nieder-roden.de\/wp-content\/uploads\/2023\/09\/2023-09-11_14-43-16_NRKerb2023_FMA_IMG_20230911_144316-300x225.jpg 300w, https:\/\/heimatverein-nieder-roden.de\/wp-content\/uploads\/2023\/09\/2023-09-11_14-43-16_NRKerb2023_FMA_IMG_20230911_144316-768x576.jpg 768w, https:\/\/heimatverein-nieder-roden.de\/wp-content\/uploads\/2023\/09\/2023-09-11_14-43-16_NRKerb2023_FMA_IMG_20230911_144316-1536x1152.jpg 1536w, https:\/\/heimatverein-nieder-roden.de\/wp-content\/uploads\/2023\/09\/2023-09-11_14-43-16_NRKerb2023_FMA_IMG_20230911_144316-2048x1536.jpg 2048w, https:\/\/heimatverein-nieder-roden.de\/wp-content\/uploads\/2023\/09\/2023-09-11_14-43-16_NRKerb2023_FMA_IMG_20230911_144316-836x627.jpg 836w, https:\/\/heimatverein-nieder-roden.de\/wp-content\/uploads\/2023\/09\/2023-09-11_14-43-16_NRKerb2023_FMA_IMG_20230911_144316-560x420.jpg 560w\" sizes=\"(max-width: 1024px) 100vw, 1024px\" \/><\/a><\/figure>\n\n\n\n<figure class=\"wp-block-image size-large\"><a href=\"https:\/\/heimatverein-nieder-roden.de\/wp-content\/uploads\/2023\/09\/2023-09-11_14-42-55_NRKerb2023_FMA_IMG_20230911_144255-scaled.jpg\"><img decoding=\"async\" width=\"1024\" height=\"768\" data-id=\"6106\" src=\"https:\/\/heimatverein-nieder-roden.de\/wp-content\/uploads\/2023\/09\/2023-09-11_14-42-55_NRKerb2023_FMA_IMG_20230911_144255-1024x768.jpg\" alt=\"\" class=\"wp-image-6106\" srcset=\"https:\/\/heimatverein-nieder-roden.de\/wp-content\/uploads\/2023\/09\/2023-09-11_14-42-55_NRKerb2023_FMA_IMG_20230911_144255-1024x768.jpg 1024w, https:\/\/heimatverein-nieder-roden.de\/wp-content\/uploads\/2023\/09\/2023-09-11_14-42-55_NRKerb2023_FMA_IMG_20230911_144255-300x225.jpg 300w, https:\/\/heimatverein-nieder-roden.de\/wp-content\/uploads\/2023\/09\/2023-09-11_14-42-55_NRKerb2023_FMA_IMG_20230911_144255-768x576.jpg 768w, https:\/\/heimatverein-nieder-roden.de\/wp-content\/uploads\/2023\/09\/2023-09-11_14-42-55_NRKerb2023_FMA_IMG_20230911_144255-1536x1152.jpg 1536w, https:\/\/heimatverein-nieder-roden.de\/wp-content\/uploads\/2023\/09\/2023-09-11_14-42-55_NRKerb2023_FMA_IMG_20230911_144255-2048x1536.jpg 2048w, https:\/\/heimatverein-nieder-roden.de\/wp-content\/uploads\/2023\/09\/2023-09-11_14-42-55_NRKerb2023_FMA_IMG_20230911_144255-836x627.jpg 836w, https:\/\/heimatverein-nieder-roden.de\/wp-content\/uploads\/2023\/09\/2023-09-11_14-42-55_NRKerb2023_FMA_IMG_20230911_144255-560x420.jpg 560w\" sizes=\"(max-width: 1024px) 100vw, 1024px\" \/><\/a><figcaption class=\"wp-element-caption\">Rippchen mit Kraut &#8211; Taditionelles Kerbessen an Kerbmontang bei Fam. Schrod.<br>\u00a9AKHNR\/FMA<\/figcaption><\/figure>\n\n\n\n<figure class=\"wp-block-image size-large\"><a href=\"https:\/\/heimatverein-nieder-roden.de\/wp-content\/uploads\/2023\/09\/2023-09-11_14-41-46_NRKerb2023_FMA_IMG_20230911_144146-scaled.jpg\"><img decoding=\"async\" width=\"1024\" height=\"768\" data-id=\"6105\" src=\"https:\/\/heimatverein-nieder-roden.de\/wp-content\/uploads\/2023\/09\/2023-09-11_14-41-46_NRKerb2023_FMA_IMG_20230911_144146-1024x768.jpg\" alt=\"\" class=\"wp-image-6105\" srcset=\"https:\/\/heimatverein-nieder-roden.de\/wp-content\/uploads\/2023\/09\/2023-09-11_14-41-46_NRKerb2023_FMA_IMG_20230911_144146-1024x768.jpg 1024w, https:\/\/heimatverein-nieder-roden.de\/wp-content\/uploads\/2023\/09\/2023-09-11_14-41-46_NRKerb2023_FMA_IMG_20230911_144146-300x225.jpg 300w, https:\/\/heimatverein-nieder-roden.de\/wp-content\/uploads\/2023\/09\/2023-09-11_14-41-46_NRKerb2023_FMA_IMG_20230911_144146-768x576.jpg 768w, https:\/\/heimatverein-nieder-roden.de\/wp-content\/uploads\/2023\/09\/2023-09-11_14-41-46_NRKerb2023_FMA_IMG_20230911_144146-1536x1152.jpg 1536w, https:\/\/heimatverein-nieder-roden.de\/wp-content\/uploads\/2023\/09\/2023-09-11_14-41-46_NRKerb2023_FMA_IMG_20230911_144146-2048x1536.jpg 2048w, https:\/\/heimatverein-nieder-roden.de\/wp-content\/uploads\/2023\/09\/2023-09-11_14-41-46_NRKerb2023_FMA_IMG_20230911_144146-836x627.jpg 836w, https:\/\/heimatverein-nieder-roden.de\/wp-content\/uploads\/2023\/09\/2023-09-11_14-41-46_NRKerb2023_FMA_IMG_20230911_144146-560x420.jpg 560w\" sizes=\"(max-width: 1024px) 100vw, 1024px\" \/><\/a><figcaption class=\"wp-element-caption\">Hausmacher-Platte bei Fam. Schrod.<br>\u00a9AKHNR\/FMA<\/figcaption><\/figure>\n\n\n\n<figure class=\"wp-block-image size-large\"><a href=\"https:\/\/heimatverein-nieder-roden.de\/wp-content\/uploads\/2023\/09\/2023-09-10_12-45-46_NRKerb2023_FMA_IMG_20230910_124546-scaled.jpg\"><img decoding=\"async\" width=\"1024\" height=\"768\" data-id=\"6100\" src=\"https:\/\/heimatverein-nieder-roden.de\/wp-content\/uploads\/2023\/09\/2023-09-10_12-45-46_NRKerb2023_FMA_IMG_20230910_124546-1024x768.jpg\" alt=\"\" class=\"wp-image-6100\" srcset=\"https:\/\/heimatverein-nieder-roden.de\/wp-content\/uploads\/2023\/09\/2023-09-10_12-45-46_NRKerb2023_FMA_IMG_20230910_124546-1024x768.jpg 1024w, https:\/\/heimatverein-nieder-roden.de\/wp-content\/uploads\/2023\/09\/2023-09-10_12-45-46_NRKerb2023_FMA_IMG_20230910_124546-300x225.jpg 300w, https:\/\/heimatverein-nieder-roden.de\/wp-content\/uploads\/2023\/09\/2023-09-10_12-45-46_NRKerb2023_FMA_IMG_20230910_124546-768x576.jpg 768w, https:\/\/heimatverein-nieder-roden.de\/wp-content\/uploads\/2023\/09\/2023-09-10_12-45-46_NRKerb2023_FMA_IMG_20230910_124546-1536x1152.jpg 1536w, https:\/\/heimatverein-nieder-roden.de\/wp-content\/uploads\/2023\/09\/2023-09-10_12-45-46_NRKerb2023_FMA_IMG_20230910_124546-2048x1536.jpg 2048w, https:\/\/heimatverein-nieder-roden.de\/wp-content\/uploads\/2023\/09\/2023-09-10_12-45-46_NRKerb2023_FMA_IMG_20230910_124546-836x627.jpg 836w, https:\/\/heimatverein-nieder-roden.de\/wp-content\/uploads\/2023\/09\/2023-09-10_12-45-46_NRKerb2023_FMA_IMG_20230910_124546-560x420.jpg 560w\" sizes=\"(max-width: 1024px) 100vw, 1024px\" \/><\/a><figcaption class=\"wp-element-caption\">Rinds- und Bratwurst im Br\u00f6tchen beim Musikverein in der Scheune Mergenthal. <br>\u00a9AKHNR\/FMA<\/figcaption><\/figure>\n\n\n\n<figure class=\"wp-block-image size-large\"><a href=\"https:\/\/heimatverein-nieder-roden.de\/wp-content\/uploads\/2023\/09\/2023-09-10_12-43-39_NRKerb2023_FMA_IMG_20230910_124339-scaled.jpg\"><img decoding=\"async\" width=\"1024\" height=\"768\" data-id=\"6099\" src=\"https:\/\/heimatverein-nieder-roden.de\/wp-content\/uploads\/2023\/09\/2023-09-10_12-43-39_NRKerb2023_FMA_IMG_20230910_124339-1024x768.jpg\" alt=\"\" class=\"wp-image-6099\" srcset=\"https:\/\/heimatverein-nieder-roden.de\/wp-content\/uploads\/2023\/09\/2023-09-10_12-43-39_NRKerb2023_FMA_IMG_20230910_124339-1024x768.jpg 1024w, https:\/\/heimatverein-nieder-roden.de\/wp-content\/uploads\/2023\/09\/2023-09-10_12-43-39_NRKerb2023_FMA_IMG_20230910_124339-300x225.jpg 300w, https:\/\/heimatverein-nieder-roden.de\/wp-content\/uploads\/2023\/09\/2023-09-10_12-43-39_NRKerb2023_FMA_IMG_20230910_124339-768x576.jpg 768w, https:\/\/heimatverein-nieder-roden.de\/wp-content\/uploads\/2023\/09\/2023-09-10_12-43-39_NRKerb2023_FMA_IMG_20230910_124339-1536x1152.jpg 1536w, https:\/\/heimatverein-nieder-roden.de\/wp-content\/uploads\/2023\/09\/2023-09-10_12-43-39_NRKerb2023_FMA_IMG_20230910_124339-2048x1536.jpg 2048w, https:\/\/heimatverein-nieder-roden.de\/wp-content\/uploads\/2023\/09\/2023-09-10_12-43-39_NRKerb2023_FMA_IMG_20230910_124339-836x627.jpg 836w, https:\/\/heimatverein-nieder-roden.de\/wp-content\/uploads\/2023\/09\/2023-09-10_12-43-39_NRKerb2023_FMA_IMG_20230910_124339-560x420.jpg 560w\" sizes=\"(max-width: 1024px) 100vw, 1024px\" \/><\/a><figcaption class=\"wp-element-caption\">Vegetarische und vegane Suppen gibt es beim Musikverein in der Scheune Mergenthal.<br>\u00a9AKHNR\/FMA<\/figcaption><\/figure>\n\n\n\n<figure class=\"wp-block-image size-large\"><a href=\"https:\/\/heimatverein-nieder-roden.de\/wp-content\/uploads\/2023\/09\/2023-09-10_12-43-23_NRKerb2023_FMA_IMG_20230910_124323-scaled.jpg\"><img decoding=\"async\" width=\"768\" height=\"1024\" data-id=\"6098\" src=\"https:\/\/heimatverein-nieder-roden.de\/wp-content\/uploads\/2023\/09\/2023-09-10_12-43-23_NRKerb2023_FMA_IMG_20230910_124323-768x1024.jpg\" alt=\"\" class=\"wp-image-6098\" srcset=\"https:\/\/heimatverein-nieder-roden.de\/wp-content\/uploads\/2023\/09\/2023-09-10_12-43-23_NRKerb2023_FMA_IMG_20230910_124323-768x1024.jpg 768w, https:\/\/heimatverein-nieder-roden.de\/wp-content\/uploads\/2023\/09\/2023-09-10_12-43-23_NRKerb2023_FMA_IMG_20230910_124323-225x300.jpg 225w, https:\/\/heimatverein-nieder-roden.de\/wp-content\/uploads\/2023\/09\/2023-09-10_12-43-23_NRKerb2023_FMA_IMG_20230910_124323-1152x1536.jpg 1152w, https:\/\/heimatverein-nieder-roden.de\/wp-content\/uploads\/2023\/09\/2023-09-10_12-43-23_NRKerb2023_FMA_IMG_20230910_124323-1536x2048.jpg 1536w, https:\/\/heimatverein-nieder-roden.de\/wp-content\/uploads\/2023\/09\/2023-09-10_12-43-23_NRKerb2023_FMA_IMG_20230910_124323-836x1115.jpg 836w, https:\/\/heimatverein-nieder-roden.de\/wp-content\/uploads\/2023\/09\/2023-09-10_12-43-23_NRKerb2023_FMA_IMG_20230910_124323-560x747.jpg 560w, https:\/\/heimatverein-nieder-roden.de\/wp-content\/uploads\/2023\/09\/2023-09-10_12-43-23_NRKerb2023_FMA_IMG_20230910_124323-scaled.jpg 1920w\" sizes=\"(max-width: 768px) 100vw, 768px\" \/><\/a><figcaption class=\"wp-element-caption\">Snacks zur Musik am Kerbsonntag &#8211; Musikverein\/Mergenthal.<br>\u00a9AKHNR\/FMA<\/figcaption><\/figure>\n\n\n\n<figure class=\"wp-block-image size-large\"><a href=\"https:\/\/heimatverein-nieder-roden.de\/wp-content\/uploads\/2023\/09\/2023-09-10_12-43-05_NRKerb2023_FMA_IMG_20230910_124305-scaled.jpg\"><img decoding=\"async\" width=\"1024\" height=\"768\" data-id=\"6097\" src=\"https:\/\/heimatverein-nieder-roden.de\/wp-content\/uploads\/2023\/09\/2023-09-10_12-43-05_NRKerb2023_FMA_IMG_20230910_124305-1024x768.jpg\" alt=\"\" class=\"wp-image-6097\" srcset=\"https:\/\/heimatverein-nieder-roden.de\/wp-content\/uploads\/2023\/09\/2023-09-10_12-43-05_NRKerb2023_FMA_IMG_20230910_124305-1024x768.jpg 1024w, https:\/\/heimatverein-nieder-roden.de\/wp-content\/uploads\/2023\/09\/2023-09-10_12-43-05_NRKerb2023_FMA_IMG_20230910_124305-300x225.jpg 300w, https:\/\/heimatverein-nieder-roden.de\/wp-content\/uploads\/2023\/09\/2023-09-10_12-43-05_NRKerb2023_FMA_IMG_20230910_124305-768x576.jpg 768w, https:\/\/heimatverein-nieder-roden.de\/wp-content\/uploads\/2023\/09\/2023-09-10_12-43-05_NRKerb2023_FMA_IMG_20230910_124305-1536x1152.jpg 1536w, https:\/\/heimatverein-nieder-roden.de\/wp-content\/uploads\/2023\/09\/2023-09-10_12-43-05_NRKerb2023_FMA_IMG_20230910_124305-2048x1536.jpg 2048w, https:\/\/heimatverein-nieder-roden.de\/wp-content\/uploads\/2023\/09\/2023-09-10_12-43-05_NRKerb2023_FMA_IMG_20230910_124305-836x627.jpg 836w, https:\/\/heimatverein-nieder-roden.de\/wp-content\/uploads\/2023\/09\/2023-09-10_12-43-05_NRKerb2023_FMA_IMG_20230910_124305-560x420.jpg 560w\" sizes=\"(max-width: 1024px) 100vw, 1024px\" \/><\/a><figcaption class=\"wp-element-caption\">Vegetarische und vegane Suppen gibt es beim Musikverein in der Scheune Mergenthal.<br>\u00a9AKHNR\/FMA<\/figcaption><\/figure>\n\n\n\n<figure class=\"wp-block-image size-large\"><a href=\"https:\/\/heimatverein-nieder-roden.de\/wp-content\/uploads\/2023\/09\/2023-09-10_12-42-52_NRKerb2023_FMA_IMG_20230910_124252-scaled.jpg\"><img decoding=\"async\" width=\"1024\" height=\"768\" data-id=\"6096\" src=\"https:\/\/heimatverein-nieder-roden.de\/wp-content\/uploads\/2023\/09\/2023-09-10_12-42-52_NRKerb2023_FMA_IMG_20230910_124252-1024x768.jpg\" alt=\"\" class=\"wp-image-6096\" srcset=\"https:\/\/heimatverein-nieder-roden.de\/wp-content\/uploads\/2023\/09\/2023-09-10_12-42-52_NRKerb2023_FMA_IMG_20230910_124252-1024x768.jpg 1024w, https:\/\/heimatverein-nieder-roden.de\/wp-content\/uploads\/2023\/09\/2023-09-10_12-42-52_NRKerb2023_FMA_IMG_20230910_124252-300x225.jpg 300w, https:\/\/heimatverein-nieder-roden.de\/wp-content\/uploads\/2023\/09\/2023-09-10_12-42-52_NRKerb2023_FMA_IMG_20230910_124252-768x576.jpg 768w, https:\/\/heimatverein-nieder-roden.de\/wp-content\/uploads\/2023\/09\/2023-09-10_12-42-52_NRKerb2023_FMA_IMG_20230910_124252-1536x1152.jpg 1536w, https:\/\/heimatverein-nieder-roden.de\/wp-content\/uploads\/2023\/09\/2023-09-10_12-42-52_NRKerb2023_FMA_IMG_20230910_124252-2048x1536.jpg 2048w, https:\/\/heimatverein-nieder-roden.de\/wp-content\/uploads\/2023\/09\/2023-09-10_12-42-52_NRKerb2023_FMA_IMG_20230910_124252-836x627.jpg 836w, https:\/\/heimatverein-nieder-roden.de\/wp-content\/uploads\/2023\/09\/2023-09-10_12-42-52_NRKerb2023_FMA_IMG_20230910_124252-560x420.jpg 560w\" sizes=\"(max-width: 1024px) 100vw, 1024px\" \/><\/a><figcaption class=\"wp-element-caption\">Der Grillmeister des Musikvereins im Hof der Scheune Mergenthal.<br>\u00a9AKHNR\/FMA<\/figcaption><\/figure>\n\n\n\n<figure class=\"wp-block-image size-large\"><a href=\"https:\/\/heimatverein-nieder-roden.de\/wp-content\/uploads\/2023\/09\/2023-09-10_12-42-35_NRKerb2023_FMA_IMG_20230910_124235-scaled.jpg\"><img decoding=\"async\" width=\"1024\" height=\"768\" data-id=\"6095\" src=\"https:\/\/heimatverein-nieder-roden.de\/wp-content\/uploads\/2023\/09\/2023-09-10_12-42-35_NRKerb2023_FMA_IMG_20230910_124235-1024x768.jpg\" alt=\"\" class=\"wp-image-6095\" srcset=\"https:\/\/heimatverein-nieder-roden.de\/wp-content\/uploads\/2023\/09\/2023-09-10_12-42-35_NRKerb2023_FMA_IMG_20230910_124235-1024x768.jpg 1024w, https:\/\/heimatverein-nieder-roden.de\/wp-content\/uploads\/2023\/09\/2023-09-10_12-42-35_NRKerb2023_FMA_IMG_20230910_124235-300x225.jpg 300w, https:\/\/heimatverein-nieder-roden.de\/wp-content\/uploads\/2023\/09\/2023-09-10_12-42-35_NRKerb2023_FMA_IMG_20230910_124235-768x576.jpg 768w, https:\/\/heimatverein-nieder-roden.de\/wp-content\/uploads\/2023\/09\/2023-09-10_12-42-35_NRKerb2023_FMA_IMG_20230910_124235-1536x1152.jpg 1536w, https:\/\/heimatverein-nieder-roden.de\/wp-content\/uploads\/2023\/09\/2023-09-10_12-42-35_NRKerb2023_FMA_IMG_20230910_124235-2048x1536.jpg 2048w, https:\/\/heimatverein-nieder-roden.de\/wp-content\/uploads\/2023\/09\/2023-09-10_12-42-35_NRKerb2023_FMA_IMG_20230910_124235-836x627.jpg 836w, https:\/\/heimatverein-nieder-roden.de\/wp-content\/uploads\/2023\/09\/2023-09-10_12-42-35_NRKerb2023_FMA_IMG_20230910_124235-560x420.jpg 560w\" sizes=\"(max-width: 1024px) 100vw, 1024px\" \/><\/a><figcaption class=\"wp-element-caption\">Grillspezialit\u00e4ten des Musikvereins in der Scheune Mergenthal.<br>\u00a9AKHNR\/FMA<\/figcaption><\/figure>\n\n\n\n<figure class=\"wp-block-image size-large\"><a href=\"https:\/\/heimatverein-nieder-roden.de\/wp-content\/uploads\/2023\/09\/2023-09-10_12-41-48_NRKerb2023_FMA_IMG_20230910_124148-scaled.jpg\"><img decoding=\"async\" width=\"1024\" height=\"768\" data-id=\"6094\" src=\"https:\/\/heimatverein-nieder-roden.de\/wp-content\/uploads\/2023\/09\/2023-09-10_12-41-48_NRKerb2023_FMA_IMG_20230910_124148-1024x768.jpg\" alt=\"\" class=\"wp-image-6094\" srcset=\"https:\/\/heimatverein-nieder-roden.de\/wp-content\/uploads\/2023\/09\/2023-09-10_12-41-48_NRKerb2023_FMA_IMG_20230910_124148-1024x768.jpg 1024w, https:\/\/heimatverein-nieder-roden.de\/wp-content\/uploads\/2023\/09\/2023-09-10_12-41-48_NRKerb2023_FMA_IMG_20230910_124148-300x225.jpg 300w, https:\/\/heimatverein-nieder-roden.de\/wp-content\/uploads\/2023\/09\/2023-09-10_12-41-48_NRKerb2023_FMA_IMG_20230910_124148-768x576.jpg 768w, https:\/\/heimatverein-nieder-roden.de\/wp-content\/uploads\/2023\/09\/2023-09-10_12-41-48_NRKerb2023_FMA_IMG_20230910_124148-1536x1152.jpg 1536w, https:\/\/heimatverein-nieder-roden.de\/wp-content\/uploads\/2023\/09\/2023-09-10_12-41-48_NRKerb2023_FMA_IMG_20230910_124148-2048x1536.jpg 2048w, https:\/\/heimatverein-nieder-roden.de\/wp-content\/uploads\/2023\/09\/2023-09-10_12-41-48_NRKerb2023_FMA_IMG_20230910_124148-836x627.jpg 836w, https:\/\/heimatverein-nieder-roden.de\/wp-content\/uploads\/2023\/09\/2023-09-10_12-41-48_NRKerb2023_FMA_IMG_20230910_124148-560x420.jpg 560w\" sizes=\"(max-width: 1024px) 100vw, 1024px\" \/><\/a><figcaption class=\"wp-element-caption\">Bratwurst mit Kartoffelsalat &#8211; Musikverein\/Mergenthal.<br>\u00a9AKHNR\/FMA<\/figcaption><\/figure>\n\n\n\n<figure class=\"wp-block-image size-large\"><a href=\"https:\/\/heimatverein-nieder-roden.de\/wp-content\/uploads\/2023\/09\/2023-09-10_12-40-17_NRKerb2023_FMA_IMG_20230910_124017-scaled.jpg\"><img decoding=\"async\" width=\"768\" height=\"1024\" data-id=\"6093\" src=\"https:\/\/heimatverein-nieder-roden.de\/wp-content\/uploads\/2023\/09\/2023-09-10_12-40-17_NRKerb2023_FMA_IMG_20230910_124017-768x1024.jpg\" alt=\"\" class=\"wp-image-6093\" srcset=\"https:\/\/heimatverein-nieder-roden.de\/wp-content\/uploads\/2023\/09\/2023-09-10_12-40-17_NRKerb2023_FMA_IMG_20230910_124017-768x1024.jpg 768w, https:\/\/heimatverein-nieder-roden.de\/wp-content\/uploads\/2023\/09\/2023-09-10_12-40-17_NRKerb2023_FMA_IMG_20230910_124017-225x300.jpg 225w, https:\/\/heimatverein-nieder-roden.de\/wp-content\/uploads\/2023\/09\/2023-09-10_12-40-17_NRKerb2023_FMA_IMG_20230910_124017-1152x1536.jpg 1152w, https:\/\/heimatverein-nieder-roden.de\/wp-content\/uploads\/2023\/09\/2023-09-10_12-40-17_NRKerb2023_FMA_IMG_20230910_124017-1536x2048.jpg 1536w, https:\/\/heimatverein-nieder-roden.de\/wp-content\/uploads\/2023\/09\/2023-09-10_12-40-17_NRKerb2023_FMA_IMG_20230910_124017-836x1115.jpg 836w, https:\/\/heimatverein-nieder-roden.de\/wp-content\/uploads\/2023\/09\/2023-09-10_12-40-17_NRKerb2023_FMA_IMG_20230910_124017-560x747.jpg 560w, https:\/\/heimatverein-nieder-roden.de\/wp-content\/uploads\/2023\/09\/2023-09-10_12-40-17_NRKerb2023_FMA_IMG_20230910_124017-scaled.jpg 1920w\" sizes=\"(max-width: 768px) 100vw, 768px\" \/><\/a><figcaption class=\"wp-element-caption\">Bratwurst im Br\u00f6tchen &#8211; Musikverein\/Mergenthal.<br>\u00a9AKHNR\/FMA<\/figcaption><\/figure>\n\n\n\n<figure class=\"wp-block-image size-large\"><a href=\"https:\/\/heimatverein-nieder-roden.de\/wp-content\/uploads\/2023\/09\/2023-09-10_10-59-45_NRKerb2023_FMA_IMG_20230910_105945-scaled.jpg\"><img decoding=\"async\" width=\"1024\" height=\"768\" data-id=\"6078\" src=\"https:\/\/heimatverein-nieder-roden.de\/wp-content\/uploads\/2023\/09\/2023-09-10_10-59-45_NRKerb2023_FMA_IMG_20230910_105945-1024x768.jpg\" alt=\"\" class=\"wp-image-6078\" srcset=\"https:\/\/heimatverein-nieder-roden.de\/wp-content\/uploads\/2023\/09\/2023-09-10_10-59-45_NRKerb2023_FMA_IMG_20230910_105945-1024x768.jpg 1024w, https:\/\/heimatverein-nieder-roden.de\/wp-content\/uploads\/2023\/09\/2023-09-10_10-59-45_NRKerb2023_FMA_IMG_20230910_105945-300x225.jpg 300w, https:\/\/heimatverein-nieder-roden.de\/wp-content\/uploads\/2023\/09\/2023-09-10_10-59-45_NRKerb2023_FMA_IMG_20230910_105945-768x576.jpg 768w, https:\/\/heimatverein-nieder-roden.de\/wp-content\/uploads\/2023\/09\/2023-09-10_10-59-45_NRKerb2023_FMA_IMG_20230910_105945-1536x1152.jpg 1536w, https:\/\/heimatverein-nieder-roden.de\/wp-content\/uploads\/2023\/09\/2023-09-10_10-59-45_NRKerb2023_FMA_IMG_20230910_105945-2048x1536.jpg 2048w, https:\/\/heimatverein-nieder-roden.de\/wp-content\/uploads\/2023\/09\/2023-09-10_10-59-45_NRKerb2023_FMA_IMG_20230910_105945-836x627.jpg 836w, https:\/\/heimatverein-nieder-roden.de\/wp-content\/uploads\/2023\/09\/2023-09-10_10-59-45_NRKerb2023_FMA_IMG_20230910_105945-560x420.jpg 560w\" sizes=\"(max-width: 1024px) 100vw, 1024px\" \/><\/a><figcaption class=\"wp-element-caption\">Snacks zur Musik am Kerbsonntag &#8211; Musikverein\/Mergenthal.<br>\u00a9AKHNR\/FMA<\/figcaption><\/figure>\n\n\n\n<figure class=\"wp-block-image size-large\"><a href=\"https:\/\/heimatverein-nieder-roden.de\/wp-content\/uploads\/2024\/08\/NRKerb2024_Schrod_Symbolbild_Wildgulasch.jpg\"><img decoding=\"async\" width=\"1024\" height=\"812\" data-id=\"7239\" src=\"https:\/\/heimatverein-nieder-roden.de\/wp-content\/uploads\/2024\/08\/NRKerb2024_Schrod_Symbolbild_Wildgulasch-1024x812.jpg\" alt=\"\" class=\"wp-image-7239\" srcset=\"https:\/\/heimatverein-nieder-roden.de\/wp-content\/uploads\/2024\/08\/NRKerb2024_Schrod_Symbolbild_Wildgulasch-1024x812.jpg 1024w, https:\/\/heimatverein-nieder-roden.de\/wp-content\/uploads\/2024\/08\/NRKerb2024_Schrod_Symbolbild_Wildgulasch-300x238.jpg 300w, https:\/\/heimatverein-nieder-roden.de\/wp-content\/uploads\/2024\/08\/NRKerb2024_Schrod_Symbolbild_Wildgulasch-768x609.jpg 768w, https:\/\/heimatverein-nieder-roden.de\/wp-content\/uploads\/2024\/08\/NRKerb2024_Schrod_Symbolbild_Wildgulasch-1536x1218.jpg 1536w, https:\/\/heimatverein-nieder-roden.de\/wp-content\/uploads\/2024\/08\/NRKerb2024_Schrod_Symbolbild_Wildgulasch-2048x1624.jpg 2048w, https:\/\/heimatverein-nieder-roden.de\/wp-content\/uploads\/2024\/08\/NRKerb2024_Schrod_Symbolbild_Wildgulasch-836x663.jpg 836w, https:\/\/heimatverein-nieder-roden.de\/wp-content\/uploads\/2024\/08\/NRKerb2024_Schrod_Symbolbild_Wildgulasch-560x444.jpg 560w\" sizes=\"(max-width: 1024px) 100vw, 1024px\" \/><\/a><figcaption class=\"wp-element-caption\">Unser kulinarisches Kerb-Highlight: Wildgulasch mit Sp\u00e4tzle &#8211; frisch gekocht vom Chefkoch Wolfgang Schrod pers\u00f6nlich.<br>In der Scheune Schrod am Kerbsonntag.<br>\u00a9AKHNR\/FMA<\/figcaption><\/figure>\n<\/figure>\n\n\n\n<p><\/p>\n\n\n\n<div style=\"height:100px\" aria-hidden=\"true\" id=\"essenliste\" class=\"wp-block-spacer\"><\/div>\n\n\n\n<h2 class=\"wp-block-heading\">Die kulinarische Liste 2024 <\/h2>\n\n\n\n<p>Mit einem Klick auf die Tage, klappt ihr die jeweilige Liste auf.<br>\u00dcber der Liste gibt es wieder ein Suchfeld, das zum Filtern einl\u00e4dt.<br>Gebt ein Wort ein &#8211; und es werden nur die Zeilen eingezeigt, die das Wort enthalten.<\/p>\n\n\n\n<p>Habt ihr zum Beispiel Lust auf &#8222;Rippchen&#8220; &#8211; dann einfach in das Suchfeld tippen&#8230;!<\/p>\n\n\n\n<p>Ganz unten findet ihr au\u00dferdem einen Auszug aus den Klassiker, die es an den Schausteller-Buden gibt.<\/p>\n\n\n\n<p>Viel Spa\u00df beim St\u00f6bern.<\/p>\n\n\n\n<h4 class=\"wp-block-heading\">nach Tag<\/h4>\n\n\n\n<div class=\"wp-block-coblocks-accordion\">\n<div class=\"wp-block-coblocks-accordion-item\"><details><summary class=\"wp-block-coblocks-accordion-item__title\"><strong>Freitag, 6. September<\/strong><\/summary><div class=\"wp-block-coblocks-accordion-item__content\">\n<p><\/p>\n\n\n\n<table id=\"tablepress-17\" class=\"tablepress tablepress-id-17\">\n<thead>\n<tr class=\"row-1\">\n\t<th class=\"column-1\"><strong>Wann?<\/strong><\/th><th class=\"column-2\"><strong>Was?<\/strong><\/th><th class=\"column-3\"><strong>Wo?<\/strong><\/th>\n<\/tr>\n<\/thead>\n<tbody class=\"row-striping row-hover\">\n<tr class=\"row-2\">\n\t<td class=\"column-1\">Abends<\/td><td class=\"column-2\">Handk\u00e4s mit Musik<\/td><td class=\"column-3\">Festzelt Kirchplatz<\/td>\n<\/tr>\n<tr class=\"row-3\">\n\t<td class=\"column-1\">Abends<\/td><td class=\"column-2\">Rippchen mit Kraut<\/td><td class=\"column-3\">Festzelt Kirchplatz<\/td>\n<\/tr>\n<tr class=\"row-4\">\n\t<td class=\"column-1\">Abends<\/td><td class=\"column-2\">Fleischwurst mit Brot<\/td><td class=\"column-3\">Festzelt Kirchplatz<\/td>\n<\/tr>\n<tr class=\"row-5\">\n\t<td class=\"column-1\">Abends<\/td><td class=\"column-2\">Brezeln<\/td><td class=\"column-3\">Festzelt Kirchplatz<\/td>\n<\/tr>\n<\/tbody>\n<\/table>\n<!-- #tablepress-17 from cache --><\/div><\/details><\/div>\n\n\n\n<div class=\"wp-block-coblocks-accordion-item\"><details><summary class=\"wp-block-coblocks-accordion-item__title\"><strong>Samstag, 7. September<\/strong><\/summary><div class=\"wp-block-coblocks-accordion-item__content\">\n<p><\/p>\n\n\n\n<table id=\"tablepress-18\" class=\"tablepress tablepress-id-18\">\n<thead>\n<tr class=\"row-1\">\n\t<th class=\"column-1\"><strong>Wann?<\/strong><\/th><th class=\"column-2\"><strong>Was?<\/strong><\/th><th class=\"column-3\"><strong>Wo?<\/strong><\/th>\n<\/tr>\n<\/thead>\n<tbody class=\"row-striping row-hover\">\n<tr class=\"row-2\">\n\t<td class=\"column-1\">Abends<\/td><td class=\"column-2\">Wurstsalat mit Bratkartoffeln<\/td><td class=\"column-3\">Scheune Schrod<\/td>\n<\/tr>\n<tr class=\"row-3\">\n\t<td class=\"column-1\">Abends<\/td><td class=\"column-2\">Handk\u00e4s mit Musik<\/td><td class=\"column-3\">Scheune Schrod<\/td>\n<\/tr>\n<tr class=\"row-4\">\n\t<td class=\"column-1\">Abends<\/td><td class=\"column-2\">Presskopp-Weck<\/td><td class=\"column-3\">Scheune Schrod<\/td>\n<\/tr>\n<tr class=\"row-5\">\n\t<td class=\"column-1\">Abends<\/td><td class=\"column-2\">Rindsw\u00fcrstchen<\/td><td class=\"column-3\">Scheune Schrod<\/td>\n<\/tr>\n<tr class=\"row-6\">\n\t<td class=\"column-1\">Abends<\/td><td class=\"column-2\">Schweinew\u00fcrstchen<\/td><td class=\"column-3\">Scheune Schrod<\/td>\n<\/tr>\n<tr class=\"row-7\">\n\t<td class=\"column-1\">Abends<\/td><td class=\"column-2\">Brezeln<\/td><td class=\"column-3\">Festzelt Kirchplatz<\/td>\n<\/tr>\n<tr class=\"row-8\">\n\t<td class=\"column-1\">Abends<\/td><td class=\"column-2\">Traditionelles vom Grill<\/td><td class=\"column-3\">Scheune Mergenthal<\/td>\n<\/tr>\n<tr class=\"row-9\">\n\t<td class=\"column-1\">Abends<\/td><td class=\"column-2\">Vegetarische &amp; vegane Suppen<\/td><td class=\"column-3\">Scheune Mergenthal<\/td>\n<\/tr>\n<tr class=\"row-10\">\n\t<td class=\"column-1\">Abends<\/td><td class=\"column-2\">Snacks<\/td><td class=\"column-3\">Scheune Mergenthal<\/td>\n<\/tr>\n<tr class=\"row-11\">\n\t<td class=\"column-1\">Abends<\/td><td class=\"column-2\">Leckere Bioweine<\/td><td class=\"column-3\">Scheune Mergenthal<\/td>\n<\/tr>\n<\/tbody>\n<\/table>\n<!-- #tablepress-18 from cache --><\/div><\/details><\/div>\n\n\n\n<div class=\"wp-block-coblocks-accordion-item\"><details><summary class=\"wp-block-coblocks-accordion-item__title\"><strong>Sonntag, 8. September<\/strong><\/summary><div class=\"wp-block-coblocks-accordion-item__content\">\n<p><\/p>\n\n\n\n<table id=\"tablepress-19\" class=\"tablepress tablepress-id-19\">\n<thead>\n<tr class=\"row-1\">\n\t<th class=\"column-1\"><strong>Wann?<\/strong><\/th><th class=\"column-2\"><strong>Was?<\/strong><\/th><th class=\"column-3\"><strong>Wo?<\/strong><\/th>\n<\/tr>\n<\/thead>\n<tbody class=\"row-striping row-hover\">\n<tr class=\"row-2\">\n\t<td class=\"column-1\">Fr\u00fchschoppen<\/td><td class=\"column-2\">Leberk\u00e4s-Br\u00f6tchen<\/td><td class=\"column-3\">Festzelt Kirchplatz<\/td>\n<\/tr>\n<tr class=\"row-3\">\n\t<td class=\"column-1\">Fr\u00fchschoppen<\/td><td class=\"column-2\">Frikadelle-Br\u00f6tchen<\/td><td class=\"column-3\">Festzelt Kirchplatz<\/td>\n<\/tr>\n<tr class=\"row-4\">\n\t<td class=\"column-1\">Fr\u00fchschoppen<\/td><td class=\"column-2\">Handk\u00e4s mit Musik<\/td><td class=\"column-3\">Festzelt Kirchplatz<\/td>\n<\/tr>\n<tr class=\"row-5\">\n\t<td class=\"column-1\">Fr\u00fchschoppen<\/td><td class=\"column-2\">Bretzeln<\/td><td class=\"column-3\">Festzelt Kirchplatz<\/td>\n<\/tr>\n<tr class=\"row-6\">\n\t<td class=\"column-1\">ab 11 Uhr<\/td><td class=\"column-2\">Grillhaxe<\/td><td class=\"column-3\">Scheune Schrod<\/td>\n<\/tr>\n<tr class=\"row-7\">\n\t<td class=\"column-1\">ab 11 Uhr<\/td><td class=\"column-2\">Grillbauch<\/td><td class=\"column-3\">Scheune Schrod<\/td>\n<\/tr>\n<tr class=\"row-8\">\n\t<td class=\"column-1\">ab 11 Uhr<\/td><td class=\"column-2\">Hackbraten<\/td><td class=\"column-3\">Scheune Schrod<\/td>\n<\/tr>\n<tr class=\"row-9\">\n\t<td class=\"column-1\">ab 11 Uhr<\/td><td class=\"column-2\">Wildgulasch<\/td><td class=\"column-3\">Scheune Schrod<\/td>\n<\/tr>\n<tr class=\"row-10\">\n\t<td class=\"column-1\">ab 11 Uhr<\/td><td class=\"column-2\">Hausgemachter Kartoffelsalat<\/td><td class=\"column-3\">Scheune Schrod<\/td>\n<\/tr>\n<tr class=\"row-11\">\n\t<td class=\"column-1\">ab 11 Uhr<\/td><td class=\"column-2\">Sp\u00e4tzle<\/td><td class=\"column-3\">Scheune Schrod<\/td>\n<\/tr>\n<tr class=\"row-12\">\n\t<td class=\"column-1\">ab 11 Uhr<\/td><td class=\"column-2\">Presskopp-Weck<\/td><td class=\"column-3\">Scheune Schrod<\/td>\n<\/tr>\n<tr class=\"row-13\">\n\t<td class=\"column-1\">ab 11 Uhr<\/td><td class=\"column-2\">Rindsw\u00fcrstchen<\/td><td class=\"column-3\">Scheune Schrod<\/td>\n<\/tr>\n<tr class=\"row-14\">\n\t<td class=\"column-1\">ab 11 Uhr<\/td><td class=\"column-2\">Schweinew\u00fcrstchen<\/td><td class=\"column-3\">Scheune Schrod<\/td>\n<\/tr>\n<tr class=\"row-15\">\n\t<td class=\"column-1\">ab 12 Uhr<br \/>\n<\/td><td class=\"column-2\">Traditionelles vom Grill<\/td><td class=\"column-3\">Scheune Mergenthal<\/td>\n<\/tr>\n<tr class=\"row-16\">\n\t<td class=\"column-1\">ab 12 Uhr<br \/>\n<\/td><td class=\"column-2\">Vegetarische &amp; vegane Suppen<\/td><td class=\"column-3\">Scheune Mergenthal<\/td>\n<\/tr>\n<tr class=\"row-17\">\n\t<td class=\"column-1\">ab 12 Uhr<br \/>\n<\/td><td class=\"column-2\">Leckere Bioweine<\/td><td class=\"column-3\">Scheune Mergenthal<\/td>\n<\/tr>\n<tr class=\"row-18\">\n\t<td class=\"column-1\">Nachmittags<\/td><td class=\"column-2\">Buffet mit selbstgebackenem Kuchen<\/td><td class=\"column-3\">Scheune Schrod<\/td>\n<\/tr>\n<tr class=\"row-19\">\n\t<td class=\"column-1\">Nachmittags<\/td><td class=\"column-2\">Buffet mit selbstgebackenem Kuchen<\/td><td class=\"column-3\">Scheune Mergenthal<\/td>\n<\/tr>\n<\/tbody>\n<\/table>\n<!-- #tablepress-19 from cache --><\/div><\/details><\/div>\n\n\n\n<div class=\"wp-block-coblocks-accordion-item\"><details><summary class=\"wp-block-coblocks-accordion-item__title\"><strong>Montag, 9. September<\/strong><\/summary><div class=\"wp-block-coblocks-accordion-item__content\">\n<p><\/p>\n\n\n\n<table id=\"tablepress-20\" class=\"tablepress tablepress-id-20\">\n<thead>\n<tr class=\"row-1\">\n\t<th class=\"column-1\">10:30 Uhr<\/th><th class=\"column-2\">Fr\u00fchschoppen<\/th><th class=\"column-3\">Scheune Schrod<\/th>\n<\/tr>\n<\/thead>\n<tbody class=\"row-striping row-hover\">\n<tr class=\"row-2\">\n\t<td class=\"column-1\">ab 10:30 Uhr<\/td><td class=\"column-2\"><span style=\"color:#000000;\"><strong>Traditionelles Kerbessen<\/strong><\/span><span style=\"color:#000000;\"> <br \/>\nRippchen mit Kraut und Brot<\/span><\/td><td class=\"column-3\">Scheune Schrod<\/td>\n<\/tr>\n<tr class=\"row-3\">\n\t<td class=\"column-1\">ab 10:30 Uhr<\/td><td class=\"column-2\">Hausmacher Wurstplatte<\/td><td class=\"column-3\">Scheune Schrod<\/td>\n<\/tr>\n<tr class=\"row-4\">\n\t<td class=\"column-1\">ab 10:30 Uhr<\/td><td class=\"column-2\">Presskopp-Weck<\/td><td class=\"column-3\">Scheune Schrod<\/td>\n<\/tr>\n<tr class=\"row-5\">\n\t<td class=\"column-1\">ab 10:30 Uhr<\/td><td class=\"column-2\">Rindsw\u00fcrstchen<\/td><td class=\"column-3\">Scheune Schrod<\/td>\n<\/tr>\n<tr class=\"row-6\">\n\t<td class=\"column-1\">ab 10:30 Uhr<\/td><td class=\"column-2\">Schweinew\u00fcrstchen<\/td><td class=\"column-3\">Scheune Schrod<\/td>\n<\/tr>\n<tr class=\"row-7\">\n\t<td class=\"column-1\">ab 12:00 Uhr<\/td><td class=\"column-2\">Grillspezialit\u00e4ten<\/td><td class=\"column-3\">Scheune Mergenthal<\/td>\n<\/tr>\n<tr class=\"row-8\">\n\t<td class=\"column-1\">ab 12:00 Uhr<\/td><td class=\"column-2\">Salatvariationen<\/td><td class=\"column-3\">Scheune Mergenthal<\/td>\n<\/tr>\n<tr class=\"row-9\">\n\t<td class=\"column-1\">ab 18:00 Uhr<\/td><td class=\"column-2\">Grillspezialit\u00e4ten<\/td><td class=\"column-3\">Scheune Mergenthal<\/td>\n<\/tr>\n<tr class=\"row-10\">\n\t<td class=\"column-1\">ab 18:00 Uhr<\/td><td class=\"column-2\">Salatvariationen<\/td><td class=\"column-3\">Scheune Mergenthal<\/td>\n<\/tr>\n<\/tbody>\n<\/table>\n<!-- #tablepress-20 from cache --><\/div><\/details><\/div>\n<\/div>\n\n\n\n<h4 class=\"wp-block-heading\">nach Speisen<\/h4>\n\n\n\n<div class=\"wp-block-coblocks-accordion\">\n<div class=\"wp-block-coblocks-accordion-item\"><details><summary class=\"wp-block-coblocks-accordion-item__title\"><strong>Alle Speisen mit Tag, Zeit und Ort<\/strong><\/summary><div class=\"wp-block-coblocks-accordion-item__content\">\n<p><\/p>\n\n\n\n<table id=\"tablepress-22\" class=\"tablepress tablepress-id-22\">\n<thead>\n<tr class=\"row-1\">\n\t<th class=\"column-1\"><strong>Was?<\/strong><\/th><th class=\"column-2\"><strong>Tag<\/strong><\/th><th class=\"column-3\"><strong>Wann?<\/strong><\/th><th class=\"column-4\"><strong>Wo?<\/strong><\/th>\n<\/tr>\n<\/thead>\n<tbody class=\"row-striping row-hover\">\n<tr class=\"row-2\">\n\t<td class=\"column-1\"><span style=\"color:#000000;\"><strong>Traditionelles Kerbessen <\/strong><\/span><span style=\"color:#000000;\"><br \/>\nRippchen mit Kraut<\/span><\/td><td class=\"column-2\">Freitag<\/td><td class=\"column-3\">Abends<\/td><td class=\"column-4\">Festzelt Kirchplatz<\/td>\n<\/tr>\n<tr class=\"row-3\">\n\t<td class=\"column-1\">Handk\u00e4s mit Musik<\/td><td class=\"column-2\">Freitag<\/td><td class=\"column-3\">Abends<\/td><td class=\"column-4\">Festzelt Kirchplatz<\/td>\n<\/tr>\n<tr class=\"row-4\">\n\t<td class=\"column-1\">Fleischwurst mit Brot<\/td><td class=\"column-2\">Freitag<\/td><td class=\"column-3\">Abends<\/td><td class=\"column-4\">Festzelt Kirchplatz<\/td>\n<\/tr>\n<tr class=\"row-5\">\n\t<td class=\"column-1\">Brezeln<\/td><td class=\"column-2\">Freitag<\/td><td class=\"column-3\">Abends<\/td><td class=\"column-4\">Festzelt Kirchplatz<\/td>\n<\/tr>\n<tr class=\"row-6\">\n\t<td class=\"column-1\">Wurstsalat mit Bratkartoffeln<\/td><td class=\"column-2\">Samstag<\/td><td class=\"column-3\">Abends<\/td><td class=\"column-4\">Scheune Schrod<\/td>\n<\/tr>\n<tr class=\"row-7\">\n\t<td class=\"column-1\">Handk\u00e4s mit Musik<\/td><td class=\"column-2\">Samstag<\/td><td class=\"column-3\">Abends<\/td><td class=\"column-4\">Scheune Schrod<\/td>\n<\/tr>\n<tr class=\"row-8\">\n\t<td class=\"column-1\">Presskopp-Weck<\/td><td class=\"column-2\">Samstag<\/td><td class=\"column-3\">Abends<\/td><td class=\"column-4\">Scheune Schrod<\/td>\n<\/tr>\n<tr class=\"row-9\">\n\t<td class=\"column-1\">Rindsw\u00fcrstchen<\/td><td class=\"column-2\">Samstag<\/td><td class=\"column-3\">Abends<\/td><td class=\"column-4\">Scheune Schrod<\/td>\n<\/tr>\n<tr class=\"row-10\">\n\t<td class=\"column-1\">Schweinew\u00fcrstchen<\/td><td class=\"column-2\">Samstag<\/td><td class=\"column-3\">Abends<\/td><td class=\"column-4\">Scheune Schrod<\/td>\n<\/tr>\n<tr class=\"row-11\">\n\t<td class=\"column-1\">Brezeln<\/td><td class=\"column-2\">Samstag<\/td><td class=\"column-3\">Abends<\/td><td class=\"column-4\">Festzelt Kirchplatz<\/td>\n<\/tr>\n<tr class=\"row-12\">\n\t<td class=\"column-1\">Traditionelles vom Grill<\/td><td class=\"column-2\">Samstag<\/td><td class=\"column-3\">Abends<\/td><td class=\"column-4\">Scheune Mergenthal<\/td>\n<\/tr>\n<tr class=\"row-13\">\n\t<td class=\"column-1\">Vegetarische &amp; vegane Suppen<\/td><td class=\"column-2\">Samstag<\/td><td class=\"column-3\">Abends<\/td><td class=\"column-4\">Scheune Mergenthal<\/td>\n<\/tr>\n<tr class=\"row-14\">\n\t<td class=\"column-1\">Snacks<\/td><td class=\"column-2\">Samstag<\/td><td class=\"column-3\">Abends<\/td><td class=\"column-4\">Scheune Mergenthal<\/td>\n<\/tr>\n<tr class=\"row-15\">\n\t<td class=\"column-1\">Leckere Bioweine<\/td><td class=\"column-2\">Samstag<\/td><td class=\"column-3\">Abends<\/td><td class=\"column-4\">Scheune Mergenthal<\/td>\n<\/tr>\n<tr class=\"row-16\">\n\t<td class=\"column-1\">Leberk\u00e4s-Br\u00f6tchen<\/td><td class=\"column-2\">Sonntag<\/td><td class=\"column-3\">Fr\u00fchschoppen<\/td><td class=\"column-4\">Festzelt Kirchplatz<\/td>\n<\/tr>\n<tr class=\"row-17\">\n\t<td class=\"column-1\">Frikadellen-Br\u00f6tchen<\/td><td class=\"column-2\">Sonntag<\/td><td class=\"column-3\">Fr\u00fchschoppen<\/td><td class=\"column-4\">Festzelt Kirchplatz<\/td>\n<\/tr>\n<tr class=\"row-18\">\n\t<td class=\"column-1\">Handk\u00e4s mit Musik<\/td><td class=\"column-2\">Sonntag<\/td><td class=\"column-3\">Fr\u00fchschoppen<\/td><td class=\"column-4\">Festzelt Kirchplatz<\/td>\n<\/tr>\n<tr class=\"row-19\">\n\t<td class=\"column-1\">Brezeln<\/td><td class=\"column-2\">Sonntag<\/td><td class=\"column-3\">Fr\u00fchschoppen<\/td><td class=\"column-4\">Festzelt Kirchplatz<\/td>\n<\/tr>\n<tr class=\"row-20\">\n\t<td class=\"column-1\">Grillhaxe<\/td><td class=\"column-2\">Sonntag<\/td><td class=\"column-3\">ab 11 Uhr<\/td><td class=\"column-4\">Scheune Schrod<\/td>\n<\/tr>\n<tr class=\"row-21\">\n\t<td class=\"column-1\">Grillbauch<\/td><td class=\"column-2\">Sonntag<\/td><td class=\"column-3\">ab 11 Uhr<\/td><td class=\"column-4\">Scheune Schrod<\/td>\n<\/tr>\n<tr class=\"row-22\">\n\t<td class=\"column-1\">Hackbraten<\/td><td class=\"column-2\">Sonntag<\/td><td class=\"column-3\">ab 11 Uhr<\/td><td class=\"column-4\">Scheune Schrod<\/td>\n<\/tr>\n<tr class=\"row-23\">\n\t<td class=\"column-1\">Wildgulasch<\/td><td class=\"column-2\">Sonntag<\/td><td class=\"column-3\">ab 11 Uhr<\/td><td class=\"column-4\">Scheune Schrod<\/td>\n<\/tr>\n<tr class=\"row-24\">\n\t<td class=\"column-1\">Hausgemachter Kartoffelsalat<\/td><td class=\"column-2\">Sonntag<\/td><td class=\"column-3\">ab 11 Uhr<\/td><td class=\"column-4\">Scheune Schrod<\/td>\n<\/tr>\n<tr class=\"row-25\">\n\t<td class=\"column-1\">Sp\u00e4tzle<\/td><td class=\"column-2\">Sonntag<\/td><td class=\"column-3\">ab 11 Uhr<\/td><td class=\"column-4\">Scheune Schrod<\/td>\n<\/tr>\n<tr class=\"row-26\">\n\t<td class=\"column-1\">Presskopp-Weck<\/td><td class=\"column-2\">Sonntag<\/td><td class=\"column-3\">ab 11 Uhr<\/td><td class=\"column-4\">Scheune Schrod<\/td>\n<\/tr>\n<tr class=\"row-27\">\n\t<td class=\"column-1\">Rindsw\u00fcrstchen<\/td><td class=\"column-2\">Sonntag<\/td><td class=\"column-3\">ab 11 Uhr<\/td><td class=\"column-4\">Scheune Schrod<\/td>\n<\/tr>\n<tr class=\"row-28\">\n\t<td class=\"column-1\">Schweinew\u00fcrstchen<\/td><td class=\"column-2\">Sonntag<\/td><td class=\"column-3\">ab 11 Uhr<\/td><td class=\"column-4\">Scheune Schrod<\/td>\n<\/tr>\n<tr class=\"row-29\">\n\t<td class=\"column-1\">Traditionelles vom Grill<\/td><td class=\"column-2\">Sonntag<\/td><td class=\"column-3\">ab 12 Uhr<\/td><td class=\"column-4\">Scheune Mergenthal<\/td>\n<\/tr>\n<tr class=\"row-30\">\n\t<td class=\"column-1\">Vegetarische &amp; vegane Suppen<\/td><td class=\"column-2\">Sonntag<\/td><td class=\"column-3\">ab 12 Uhr<\/td><td class=\"column-4\">Scheune Mergenthal<\/td>\n<\/tr>\n<tr class=\"row-31\">\n\t<td class=\"column-1\">Leckere Bioweine<\/td><td class=\"column-2\">Sonntag<\/td><td class=\"column-3\">ab 12 Uhr<\/td><td class=\"column-4\">Scheune Mergenthal<\/td>\n<\/tr>\n<tr class=\"row-32\">\n\t<td class=\"column-1\">Buffet mit selbstgebackenem Kuchen<\/td><td class=\"column-2\">Sonntag<\/td><td class=\"column-3\">Nachmittags<\/td><td class=\"column-4\">Scheune Schrod<\/td>\n<\/tr>\n<tr class=\"row-33\">\n\t<td class=\"column-1\">Buffet mit selbstgebackenem Kuchen<\/td><td class=\"column-2\">Sonntag<\/td><td class=\"column-3\">Nachmittags<\/td><td class=\"column-4\">Scheune Mergenthal<\/td>\n<\/tr>\n<tr class=\"row-34\">\n\t<td class=\"column-1\">Fr\u00fchschoppen<\/td><td class=\"column-2\">Montag<\/td><td class=\"column-3\">ab 10:30 Uhr<\/td><td class=\"column-4\">Scheune Schrod<\/td>\n<\/tr>\n<tr class=\"row-35\">\n\t<td class=\"column-1\"><span style=\"color:#000000;\"><strong>Traditionelles Kerbessen<\/strong><\/span><span style=\"color:#000000;\"> <br \/>\nRippchen mit Kraut und Brot<\/span><\/td><td class=\"column-2\">Montag<\/td><td class=\"column-3\">ab 10:30 Uhr<\/td><td class=\"column-4\">Scheune Schrod<\/td>\n<\/tr>\n<tr class=\"row-36\">\n\t<td class=\"column-1\">Hausmacher Wurstplatte<\/td><td class=\"column-2\">Montag<\/td><td class=\"column-3\">ab 10:30 Uhr<\/td><td class=\"column-4\">Scheune Schrod<\/td>\n<\/tr>\n<tr class=\"row-37\">\n\t<td class=\"column-1\">Presskopp-Weck<\/td><td class=\"column-2\">Montag<\/td><td class=\"column-3\">ab 10:30 Uhr<\/td><td class=\"column-4\">Scheune Schrod<\/td>\n<\/tr>\n<tr class=\"row-38\">\n\t<td class=\"column-1\">Rindsw\u00fcrstchen<\/td><td class=\"column-2\">Montag<\/td><td class=\"column-3\">ab 10:30 Uhr<\/td><td class=\"column-4\">Scheune Schrod<\/td>\n<\/tr>\n<tr class=\"row-39\">\n\t<td class=\"column-1\">Schweinew\u00fcrstchen<\/td><td class=\"column-2\">Montag<\/td><td class=\"column-3\">ab 10:30 Uhr<\/td><td class=\"column-4\">Scheune Schrod<\/td>\n<\/tr>\n<tr class=\"row-40\">\n\t<td class=\"column-1\">Grillspezialit\u00e4ten<\/td><td class=\"column-2\">Montag<\/td><td class=\"column-3\">ab 12:00 Uhr<\/td><td class=\"column-4\">Scheune Mergenthal<\/td>\n<\/tr>\n<tr class=\"row-41\">\n\t<td class=\"column-1\">Salatvariationen<\/td><td class=\"column-2\">Montag<\/td><td class=\"column-3\">ab 12:00 Uhr<\/td><td class=\"column-4\">Scheune Mergenthal<\/td>\n<\/tr>\n<\/tbody>\n<\/table>\n<!-- #tablepress-22 from cache --><\/div><\/details><\/div>\n<\/div>\n\n\n\n<h4 class=\"wp-block-heading\">bei Schausteller-Familie Adler<\/h4>\n\n\n\n<div class=\"wp-block-coblocks-accordion\">\n<div class=\"wp-block-coblocks-accordion-item\"><details><summary class=\"wp-block-coblocks-accordion-item__title\"><strong>An den Schausteller-Buden<\/strong><\/summary><div class=\"wp-block-coblocks-accordion-item__content\">\n<p>An den Schausteller-Buden gibt es zus\u00e4tzlich, von Freitag bis Montag, eine gro\u00dfe Auswahl an Kerb-Klassikern zum Naschen und Genie\u00dfen.<br>Hier eine kleine Auswahl:<\/p>\n\n\n\n<ul class=\"wp-block-list\">\n<li>Imbiss-Klassiker:\n<ul class=\"wp-block-list\">\n<li>Bratwurst<\/li>\n\n\n\n<li>Pommes<\/li>\n\n\n\n<li>Nierenspie\u00df<\/li>\n<\/ul>\n<\/li>\n\n\n\n<li>Gro\u00dfe Auswahl an Getr\u00e4nken<\/li>\n\n\n\n<li>Leckere Cr\u00eapes &#8211; S\u00fc\u00df, herzhaft oder beschwipst<\/li>\n\n\n\n<li>Allerlei zum Naschen, z. B.:\n<ul class=\"wp-block-list\">\n<li>Gebrannte Mandeln<\/li>\n\n\n\n<li>N\u00fcsse<\/li>\n\n\n\n<li>Popcorn<\/li>\n\n\n\n<li>Magenbrot<\/li>\n\n\n\n<li>S\u00fc\u00dfwaren<\/li>\n\n\n\n<li>und Vieles mehr&#8230;<\/li>\n<\/ul>\n<\/li>\n<\/ul>\n<\/div><\/details><\/div>\n<\/div>\n\n\n\n<hr class=\"wp-block-separator has-alpha-channel-opacity\"\/>\n\n\n\n<p class=\"is-style-warning\">Update vom 07.09.2024, 10:20 Uhr:<br>Kulinarische-Impressionen der Kerb 2023 hinzugef\u00fcgt.<\/p>\n\n\nBeitrag 0 mal aufgerufen in den letzten 365 Tagen.\n","protected":false},"excerpt":{"rendered":"<p>Ein Beitrag zur Nirrer\u00e4irer Kerb 2024<\/p>\n<p>Hier geben wir einen \u00dcberblick \u00fcber das kulinarische Angebot zur Kerb 2024. Was gibt es im Festzelt, in den Scheunen und bei den Schaustellern? Hier finden Sie es&#8230;<\/p><p><a class=\"more-link btn\" href=\"https:\/\/heimatverein-nieder-roden.de\/?p=7220\">Weiterlesen<\/a><\/p>\n","protected":false},"author":1,"featured_media":7239,"comment_status":"closed","ping_status":"closed","sticky":false,"template":"","format":"standard","meta":{"_coblocks_attr":"","_coblocks_dimensions":"","_coblocks_responsive_height":"","_coblocks_accordion_ie_support":"","footnotes":"","_share_on_mastodon":"0"},"categories":[6,510,97],"tags":[176,509,367],"class_list":["post-7220","post","type-post","status-publish","format-standard","has-post-thumbnail","hentry","category-aktuell","category-kerb-2024","category-slider","tag-kerb","tag-kerb-2024","tag-nirreraeirer-kerb","nodate"],"share_on_mastodon":{"url":"","error":""},"publishpress_future_action":{"enabled":false,"date":"2026-05-09 13:33:03","action":"category-remove","newStatus":"draft","terms":[],"taxonomy":"category","extraData":[]},"publishpress_future_workflow_manual_trigger":{"enabledWorkflows":[]},"_links":{"self":[{"href":"https:\/\/heimatverein-nieder-roden.de\/index.php?rest_route=\/wp\/v2\/posts\/7220","targetHints":{"allow":["GET"]}}],"collection":[{"href":"https:\/\/heimatverein-nieder-roden.de\/index.php?rest_route=\/wp\/v2\/posts"}],"about":[{"href":"https:\/\/heimatverein-nieder-roden.de\/index.php?rest_route=\/wp\/v2\/types\/post"}],"author":[{"embeddable":true,"href":"https:\/\/heimatverein-nieder-roden.de\/index.php?rest_route=\/wp\/v2\/users\/1"}],"replies":[{"embeddable":true,"href":"https:\/\/heimatverein-nieder-roden.de\/index.php?rest_route=%2Fwp%2Fv2%2Fcomments&post=7220"}],"version-history":[{"count":12,"href":"https:\/\/heimatverein-nieder-roden.de\/index.php?rest_route=\/wp\/v2\/posts\/7220\/revisions"}],"predecessor-version":[{"id":7507,"href":"https:\/\/heimatverein-nieder-roden.de\/index.php?rest_route=\/wp\/v2\/posts\/7220\/revisions\/7507"}],"wp:featuredmedia":[{"embeddable":true,"href":"https:\/\/heimatverein-nieder-roden.de\/index.php?rest_route=\/wp\/v2\/media\/7239"}],"wp:attachment":[{"href":"https:\/\/heimatverein-nieder-roden.de\/index.php?rest_route=%2Fwp%2Fv2%2Fmedia&parent=7220"}],"wp:term":[{"taxonomy":"category","embeddable":true,"href":"https:\/\/heimatverein-nieder-roden.de\/index.php?rest_route=%2Fwp%2Fv2%2Fcategories&post=7220"},{"taxonomy":"post_tag","embeddable":true,"href":"https:\/\/heimatverein-nieder-roden.de\/index.php?rest_route=%2Fwp%2Fv2%2Ftags&post=7220"}],"curies":[{"name":"wp","href":"https:\/\/api.w.org\/{rel}","templated":true}]}}