{"id":7219,"date":"2024-08-18T23:14:22","date_gmt":"2024-08-18T21:14:22","guid":{"rendered":"https:\/\/heimatverein-nieder-roden.de\/?p=7219"},"modified":"2024-09-06T15:26:43","modified_gmt":"2024-09-06T13:26:43","slug":"kerb-2024-scheune-schrod-kerb-feiern-und-gutes-tun","status":"publish","type":"post","link":"https:\/\/heimatverein-nieder-roden.de\/?p=7219","title":{"rendered":"Kerb 2024 Scheune Schrod &#8211; Kerb feiern und Gutes tun!"},"content":{"rendered":"\n<p><strong>Ein Beitrag zur Nirrer\u00e4irer Kerb 2024<\/strong><\/p>\n\n\n<div class=\"wp-block-image\">\n<figure class=\"aligncenter size-large is-resized\"><a href=\"https:\/\/heimatverein-nieder-roden.de\/wp-content\/uploads\/2023\/08\/4-2000-09_NR-Kerb_Fam-Schrod_001_beschn-Licht-Q40-scaled.jpg\"><img decoding=\"async\" width=\"1024\" height=\"699\" src=\"https:\/\/heimatverein-nieder-roden.de\/wp-content\/uploads\/2023\/08\/4-2000-09_NR-Kerb_Fam-Schrod_001_beschn-Licht-Q40-1024x699.jpg\" alt=\"\" class=\"wp-image-5667\" style=\"width:612px;height:auto\" srcset=\"https:\/\/heimatverein-nieder-roden.de\/wp-content\/uploads\/2023\/08\/4-2000-09_NR-Kerb_Fam-Schrod_001_beschn-Licht-Q40-1024x699.jpg 1024w, https:\/\/heimatverein-nieder-roden.de\/wp-content\/uploads\/2023\/08\/4-2000-09_NR-Kerb_Fam-Schrod_001_beschn-Licht-Q40-300x205.jpg 300w, https:\/\/heimatverein-nieder-roden.de\/wp-content\/uploads\/2023\/08\/4-2000-09_NR-Kerb_Fam-Schrod_001_beschn-Licht-Q40-768x524.jpg 768w, https:\/\/heimatverein-nieder-roden.de\/wp-content\/uploads\/2023\/08\/4-2000-09_NR-Kerb_Fam-Schrod_001_beschn-Licht-Q40-1536x1049.jpg 1536w, https:\/\/heimatverein-nieder-roden.de\/wp-content\/uploads\/2023\/08\/4-2000-09_NR-Kerb_Fam-Schrod_001_beschn-Licht-Q40-2048x1398.jpg 2048w, https:\/\/heimatverein-nieder-roden.de\/wp-content\/uploads\/2023\/08\/4-2000-09_NR-Kerb_Fam-Schrod_001_beschn-Licht-Q40-836x571.jpg 836w, https:\/\/heimatverein-nieder-roden.de\/wp-content\/uploads\/2023\/08\/4-2000-09_NR-Kerb_Fam-Schrod_001_beschn-Licht-Q40-560x382.jpg 560w\" sizes=\"(max-width: 1024px) 100vw, 1024px\" \/><\/a><figcaption class=\"wp-element-caption\">Der Seniorchef Edmund Schrod vor der h\u00fcbsch dekorierten Hofeinfahrt im Jahr 2000. \u00a9Fam. Schrod<\/figcaption><\/figure>\n<\/div>\n\n\n<p>Seit die Kerb wieder im alten Ortskern von Nieder-Roden stattfindet, ist Familie Schrod in der Ober-Rodener-Stra\u00dfe 49 ein fester Bestandteil der Feier.<\/p>\n\n\n\n<p>War es zu Beginn, im Jahr 1997,  nur ein Tag Beteiligung, wurden daraus im Laufe der Jahre zwei Tage, bis Wolfgang und Andreas Schrod schlie\u00dflich von Kerbsamstag bis zum Ausklang am Montagabend ihre Pforten f\u00fcr Besucher \u00f6ffneten. Und so ist es auch heute noch.<\/p>\n\n\n\n<p>Musikalisch wurde die Kerb in und hinter der Scheune ab 1997 von DJ Hufi begleitet. Einige Jahre sp\u00e4ter \u00fcbernahm die musikalische Begleitung DJ Michy, der mittlerweile nicht mehr wegzudenken ist, aus der Ober-Rodener-Stra\u00dfe. <\/p>\n\n\n\n<p>Durch Corona mussten auch wir 2 Jahre Pause machen. Doch danach ging es mit der Kerb wie gewohnt weiter.<\/p>\n\n\n\n<p>Die Begleitung mit Live-Musik wechselte immer mal wieder. So war im Laufe der Jahre am Samstagabend auch schon Blasmusik live in der Scheune zu h\u00f6ren.<\/p>\n\n\n\n<h2 class=\"wp-block-heading\">Live-Musik Act 2024<\/h2>\n\n\n\n<p class=\"has-text-align-left is-style-default\">Alle Freunde der Lagerfeuermusik &#8211; aufgepasst!<br>Am Kerbsonntag, den 8. September, spielen Uli und Steffen im Festzelt bei Schrods auf der Kerb in Nieder-Roden bekannte deutsche und englische Lieder. <\/p>\n\n\n\n<p class=\"has-text-align-left is-style-default\">Es soll kr\u00e4ftig mitgesungen werden. <br>Die Texte finden sich heute ja leicht alle online! <\/p>\n\n\n\n<p class=\"has-text-align-left is-style-default\">Beginn: 17 Uhr <\/p>\n\n\n\n<figure class=\"wp-block-pullquote\"><blockquote><p>Was?<br>Lagerfeuermusik Englisch\/Deutsch <br>Live mit Uli und Steffen<br><br>Wann?<br>Kerbsonntag, 17:00 Uhr<br><br>Wo?<br>Nieder-R\u00f6der Kerb<br>Zelt hinter der Scheune Schrod<\/p><\/blockquote><\/figure>\n\n\n\n<div style=\"height:48px\" aria-hidden=\"true\" class=\"wp-block-spacer\"><\/div>\n\n\n\n<h2 class=\"wp-block-heading MsoNoSpacing\"><span style=\"font-size: 14.0pt;\"><\/span><\/h2>\n\n\n\n<hr class=\"wp-block-separator has-alpha-channel-opacity is-style-wide\"\/>\n\n\n\n<div style=\"height:48px\" aria-hidden=\"true\" class=\"wp-block-spacer\"><\/div>\n\n\n\n<h2 class=\"wp-block-heading\">Wir sagen DANKESCH\u00d6N!<\/h2>\n\n\n\n<p>Wir danken allen Besuchern der Scheune Schrod im vergangenen Jahr. Ohne unsere G\u00e4ste w\u00e4re es nicht m\u00f6glich gewesen, dem Kinderhospiz Sterntaler in Dudenhofen in der Pfalz einen Betrag in H\u00f6he von 1500 \u20ac zu spenden.<\/p>\n\n\n\n<figure class=\"wp-block-pullquote\"><blockquote><p>Durch die Einnahmen der Kerb 2023 <br>konnten 1500 \u20ac von Familie Schrod gespendet werden!<\/p><\/blockquote><\/figure>\n\n\n\n<p>Auch bedanken wir uns bei all unseren Helfern, ohne die so eine Veranstaltung nicht m\u00f6glich w\u00e4re.<\/p>\n\n\n<div class=\"wp-block-image\">\n<figure class=\"aligncenter size-full is-resized\"><a href=\"https:\/\/heimatverein-nieder-roden.de\/wp-content\/uploads\/2024\/08\/NRKerb2023_Schrod_Spende_Artikel-RodgauZeitung.png\"><img decoding=\"async\" width=\"336\" height=\"788\" src=\"https:\/\/heimatverein-nieder-roden.de\/wp-content\/uploads\/2024\/08\/NRKerb2023_Schrod_Spende_Artikel-RodgauZeitung.png\" alt=\"\" class=\"wp-image-7241\" style=\"width:334px;height:auto\" srcset=\"https:\/\/heimatverein-nieder-roden.de\/wp-content\/uploads\/2024\/08\/NRKerb2023_Schrod_Spende_Artikel-RodgauZeitung.png 336w, https:\/\/heimatverein-nieder-roden.de\/wp-content\/uploads\/2024\/08\/NRKerb2023_Schrod_Spende_Artikel-RodgauZeitung-128x300.png 128w\" sizes=\"(max-width: 336px) 100vw, 336px\" \/><\/a><figcaption class=\"wp-element-caption\">Alle Einnahmen f\u00fcr einen guten Zweck! Familie Schrod spendet an das Kinderhospiz \u201eSterntaler\u201c in Dudenhofen (Pfalz). Andreas (links), Schwester Silvia (2. v. l.) und ihr Bruder Wolfgang (rechts) im Artikelbild der Rodgau-Zeitung zur symbolischen Scheck\u00fcbergabe 2023. \nWeitere Infos unter: https:\/\/www.kinderhospiz-sterntaler.de\/ \n\u00a9Rodgau-Zeitung<\/figcaption><\/figure>\n<\/div>\n\n\n<h2 class=\"wp-block-heading\">Impressionen von der Kerb 2023 in der Scheune Schrod<\/h2>\n\n\n\n<figure class=\"wp-block-gallery has-nested-images columns-default is-cropped wp-block-gallery-1 is-layout-flex wp-block-gallery-is-layout-flex\">\n<figure class=\"wp-block-image size-large\"><a href=\"https:\/\/heimatverein-nieder-roden.de\/wp-content\/uploads\/2024\/08\/NRKerb2024_Schrod_Symbolbild_DJ-Michy-scaled.jpg\"><img decoding=\"async\" width=\"461\" height=\"1024\" data-id=\"7242\" src=\"https:\/\/heimatverein-nieder-roden.de\/wp-content\/uploads\/2024\/08\/NRKerb2024_Schrod_Symbolbild_DJ-Michy-461x1024.jpg\" alt=\"\" class=\"wp-image-7242\" srcset=\"https:\/\/heimatverein-nieder-roden.de\/wp-content\/uploads\/2024\/08\/NRKerb2024_Schrod_Symbolbild_DJ-Michy-461x1024.jpg 461w, https:\/\/heimatverein-nieder-roden.de\/wp-content\/uploads\/2024\/08\/NRKerb2024_Schrod_Symbolbild_DJ-Michy-135x300.jpg 135w, https:\/\/heimatverein-nieder-roden.de\/wp-content\/uploads\/2024\/08\/NRKerb2024_Schrod_Symbolbild_DJ-Michy-768x1707.jpg 768w, https:\/\/heimatverein-nieder-roden.de\/wp-content\/uploads\/2024\/08\/NRKerb2024_Schrod_Symbolbild_DJ-Michy-691x1536.jpg 691w, https:\/\/heimatverein-nieder-roden.de\/wp-content\/uploads\/2024\/08\/NRKerb2024_Schrod_Symbolbild_DJ-Michy-922x2048.jpg 922w, https:\/\/heimatverein-nieder-roden.de\/wp-content\/uploads\/2024\/08\/NRKerb2024_Schrod_Symbolbild_DJ-Michy-836x1858.jpg 836w, https:\/\/heimatverein-nieder-roden.de\/wp-content\/uploads\/2024\/08\/NRKerb2024_Schrod_Symbolbild_DJ-Michy-504x1120.jpg 504w, https:\/\/heimatverein-nieder-roden.de\/wp-content\/uploads\/2024\/08\/NRKerb2024_Schrod_Symbolbild_DJ-Michy-scaled.jpg 1152w\" sizes=\"(max-width: 461px) 100vw, 461px\" \/><\/a><figcaption class=\"wp-element-caption\">DJ Michy<br>\u00a9Fam. Schrod<\/figcaption><\/figure>\n\n\n\n<figure class=\"wp-block-image size-large\"><a href=\"https:\/\/heimatverein-nieder-roden.de\/wp-content\/uploads\/2024\/08\/NRKerb2024_Schrod_Symbolbild_Kerbpuppen-scaled.jpg\"><img decoding=\"async\" width=\"636\" height=\"1024\" data-id=\"7237\" src=\"https:\/\/heimatverein-nieder-roden.de\/wp-content\/uploads\/2024\/08\/NRKerb2024_Schrod_Symbolbild_Kerbpuppen-636x1024.jpg\" alt=\"\" class=\"wp-image-7237\" srcset=\"https:\/\/heimatverein-nieder-roden.de\/wp-content\/uploads\/2024\/08\/NRKerb2024_Schrod_Symbolbild_Kerbpuppen-636x1024.jpg 636w, https:\/\/heimatverein-nieder-roden.de\/wp-content\/uploads\/2024\/08\/NRKerb2024_Schrod_Symbolbild_Kerbpuppen-186x300.jpg 186w, https:\/\/heimatverein-nieder-roden.de\/wp-content\/uploads\/2024\/08\/NRKerb2024_Schrod_Symbolbild_Kerbpuppen-768x1237.jpg 768w, https:\/\/heimatverein-nieder-roden.de\/wp-content\/uploads\/2024\/08\/NRKerb2024_Schrod_Symbolbild_Kerbpuppen-954x1536.jpg 954w, https:\/\/heimatverein-nieder-roden.de\/wp-content\/uploads\/2024\/08\/NRKerb2024_Schrod_Symbolbild_Kerbpuppen-1272x2048.jpg 1272w, https:\/\/heimatverein-nieder-roden.de\/wp-content\/uploads\/2024\/08\/NRKerb2024_Schrod_Symbolbild_Kerbpuppen-836x1346.jpg 836w, https:\/\/heimatverein-nieder-roden.de\/wp-content\/uploads\/2024\/08\/NRKerb2024_Schrod_Symbolbild_Kerbpuppen-560x902.jpg 560w, https:\/\/heimatverein-nieder-roden.de\/wp-content\/uploads\/2024\/08\/NRKerb2024_Schrod_Symbolbild_Kerbpuppen-scaled.jpg 1590w\" sizes=\"(max-width: 636px) 100vw, 636px\" \/><\/a><figcaption class=\"wp-element-caption\">Die Kerbpuppen im Hof<br>\u00a9Fam. Schrod<\/figcaption><\/figure>\n\n\n\n<figure class=\"wp-block-image size-large\"><a href=\"https:\/\/heimatverein-nieder-roden.de\/wp-content\/uploads\/2024\/08\/NRKerb2024_Schrod_Symbolbild_Kerbborsche-zu-Gast.jpg\"><img decoding=\"async\" width=\"1024\" height=\"681\" data-id=\"7236\" src=\"https:\/\/heimatverein-nieder-roden.de\/wp-content\/uploads\/2024\/08\/NRKerb2024_Schrod_Symbolbild_Kerbborsche-zu-Gast-1024x681.jpg\" alt=\"\" class=\"wp-image-7236\" srcset=\"https:\/\/heimatverein-nieder-roden.de\/wp-content\/uploads\/2024\/08\/NRKerb2024_Schrod_Symbolbild_Kerbborsche-zu-Gast-1024x681.jpg 1024w, https:\/\/heimatverein-nieder-roden.de\/wp-content\/uploads\/2024\/08\/NRKerb2024_Schrod_Symbolbild_Kerbborsche-zu-Gast-300x200.jpg 300w, https:\/\/heimatverein-nieder-roden.de\/wp-content\/uploads\/2024\/08\/NRKerb2024_Schrod_Symbolbild_Kerbborsche-zu-Gast-768x511.jpg 768w, https:\/\/heimatverein-nieder-roden.de\/wp-content\/uploads\/2024\/08\/NRKerb2024_Schrod_Symbolbild_Kerbborsche-zu-Gast-1536x1022.jpg 1536w, https:\/\/heimatverein-nieder-roden.de\/wp-content\/uploads\/2024\/08\/NRKerb2024_Schrod_Symbolbild_Kerbborsche-zu-Gast-836x556.jpg 836w, https:\/\/heimatverein-nieder-roden.de\/wp-content\/uploads\/2024\/08\/NRKerb2024_Schrod_Symbolbild_Kerbborsche-zu-Gast-560x373.jpg 560w, https:\/\/heimatverein-nieder-roden.de\/wp-content\/uploads\/2024\/08\/NRKerb2024_Schrod_Symbolbild_Kerbborsche-zu-Gast-272x182.jpg 272w, https:\/\/heimatverein-nieder-roden.de\/wp-content\/uploads\/2024\/08\/NRKerb2024_Schrod_Symbolbild_Kerbborsche-zu-Gast.jpg 1859w\" sizes=\"(max-width: 1024px) 100vw, 1024px\" \/><\/a><figcaption class=\"wp-element-caption\">Die Kerbburschen zu Gast<br>\u00a9Fam. Schrod<\/figcaption><\/figure>\n\n\n\n<figure class=\"wp-block-image size-large\"><a href=\"https:\/\/heimatverein-nieder-roden.de\/wp-content\/uploads\/2024\/08\/NRKerb2024_Schrod_Symbolbild_Helfer-scaled.jpg\"><img decoding=\"async\" width=\"1024\" height=\"461\" data-id=\"7243\" src=\"https:\/\/heimatverein-nieder-roden.de\/wp-content\/uploads\/2024\/08\/NRKerb2024_Schrod_Symbolbild_Helfer-1024x461.jpg\" alt=\"\" class=\"wp-image-7243\" srcset=\"https:\/\/heimatverein-nieder-roden.de\/wp-content\/uploads\/2024\/08\/NRKerb2024_Schrod_Symbolbild_Helfer-1024x461.jpg 1024w, https:\/\/heimatverein-nieder-roden.de\/wp-content\/uploads\/2024\/08\/NRKerb2024_Schrod_Symbolbild_Helfer-300x135.jpg 300w, https:\/\/heimatverein-nieder-roden.de\/wp-content\/uploads\/2024\/08\/NRKerb2024_Schrod_Symbolbild_Helfer-768x346.jpg 768w, https:\/\/heimatverein-nieder-roden.de\/wp-content\/uploads\/2024\/08\/NRKerb2024_Schrod_Symbolbild_Helfer-1536x691.jpg 1536w, https:\/\/heimatverein-nieder-roden.de\/wp-content\/uploads\/2024\/08\/NRKerb2024_Schrod_Symbolbild_Helfer-2048x922.jpg 2048w, https:\/\/heimatverein-nieder-roden.de\/wp-content\/uploads\/2024\/08\/NRKerb2024_Schrod_Symbolbild_Helfer-836x376.jpg 836w, https:\/\/heimatverein-nieder-roden.de\/wp-content\/uploads\/2024\/08\/NRKerb2024_Schrod_Symbolbild_Helfer-560x252.jpg 560w\" sizes=\"(max-width: 1024px) 100vw, 1024px\" \/><\/a><figcaption class=\"wp-element-caption\">Ohne Helfer geht nichts!<br>\u00a9Fam. Schrod<\/figcaption><\/figure>\n\n\n\n<figure class=\"wp-block-image size-large\"><a href=\"https:\/\/heimatverein-nieder-roden.de\/wp-content\/uploads\/2024\/08\/NRKerb2023_Schrod_Mainzer-Hofsaenger-Publikum.jpg\"><img decoding=\"async\" width=\"1024\" height=\"683\" data-id=\"7244\" src=\"https:\/\/heimatverein-nieder-roden.de\/wp-content\/uploads\/2024\/08\/NRKerb2023_Schrod_Mainzer-Hofsaenger-Publikum-1024x683.jpg\" alt=\"\" class=\"wp-image-7244\" srcset=\"https:\/\/heimatverein-nieder-roden.de\/wp-content\/uploads\/2024\/08\/NRKerb2023_Schrod_Mainzer-Hofsaenger-Publikum-1024x683.jpg 1024w, https:\/\/heimatverein-nieder-roden.de\/wp-content\/uploads\/2024\/08\/NRKerb2023_Schrod_Mainzer-Hofsaenger-Publikum-300x200.jpg 300w, https:\/\/heimatverein-nieder-roden.de\/wp-content\/uploads\/2024\/08\/NRKerb2023_Schrod_Mainzer-Hofsaenger-Publikum-768x512.jpg 768w, https:\/\/heimatverein-nieder-roden.de\/wp-content\/uploads\/2024\/08\/NRKerb2023_Schrod_Mainzer-Hofsaenger-Publikum-1536x1024.jpg 1536w, https:\/\/heimatverein-nieder-roden.de\/wp-content\/uploads\/2024\/08\/NRKerb2023_Schrod_Mainzer-Hofsaenger-Publikum-2048x1365.jpg 2048w, https:\/\/heimatverein-nieder-roden.de\/wp-content\/uploads\/2024\/08\/NRKerb2023_Schrod_Mainzer-Hofsaenger-Publikum-836x557.jpg 836w, https:\/\/heimatverein-nieder-roden.de\/wp-content\/uploads\/2024\/08\/NRKerb2023_Schrod_Mainzer-Hofsaenger-Publikum-560x373.jpg 560w, https:\/\/heimatverein-nieder-roden.de\/wp-content\/uploads\/2024\/08\/NRKerb2023_Schrod_Mainzer-Hofsaenger-Publikum-272x182.jpg 272w\" sizes=\"(max-width: 1024px) 100vw, 1024px\" \/><\/a><figcaption class=\"wp-element-caption\">Das Publikum der Mainzer Hofs\u00e4nger<\/figcaption><\/figure>\n\n\n\n<figure class=\"wp-block-image size-large\"><a href=\"https:\/\/heimatverein-nieder-roden.de\/wp-content\/uploads\/2024\/08\/NRKerb2023_Schrod_Deko.jpg\"><img decoding=\"async\" width=\"1024\" height=\"683\" data-id=\"7245\" src=\"https:\/\/heimatverein-nieder-roden.de\/wp-content\/uploads\/2024\/08\/NRKerb2023_Schrod_Deko-1024x683.jpg\" alt=\"\" class=\"wp-image-7245\" srcset=\"https:\/\/heimatverein-nieder-roden.de\/wp-content\/uploads\/2024\/08\/NRKerb2023_Schrod_Deko-1024x683.jpg 1024w, https:\/\/heimatverein-nieder-roden.de\/wp-content\/uploads\/2024\/08\/NRKerb2023_Schrod_Deko-300x200.jpg 300w, https:\/\/heimatverein-nieder-roden.de\/wp-content\/uploads\/2024\/08\/NRKerb2023_Schrod_Deko-768x512.jpg 768w, https:\/\/heimatverein-nieder-roden.de\/wp-content\/uploads\/2024\/08\/NRKerb2023_Schrod_Deko-1536x1024.jpg 1536w, https:\/\/heimatverein-nieder-roden.de\/wp-content\/uploads\/2024\/08\/NRKerb2023_Schrod_Deko-2048x1365.jpg 2048w, https:\/\/heimatverein-nieder-roden.de\/wp-content\/uploads\/2024\/08\/NRKerb2023_Schrod_Deko-836x557.jpg 836w, https:\/\/heimatverein-nieder-roden.de\/wp-content\/uploads\/2024\/08\/NRKerb2023_Schrod_Deko-560x373.jpg 560w, https:\/\/heimatverein-nieder-roden.de\/wp-content\/uploads\/2024\/08\/NRKerb2023_Schrod_Deko-272x182.jpg 272w\" sizes=\"(max-width: 1024px) 100vw, 1024px\" \/><\/a><figcaption class=\"wp-element-caption\">Deko im Hof der Scheune Schrod<\/figcaption><\/figure>\n\n\n\n<figure class=\"wp-block-image size-large\"><a href=\"https:\/\/heimatverein-nieder-roden.de\/wp-content\/uploads\/2024\/08\/NRKerb2023_Schrod_Mainzer-Hofsaenger.jpg\"><img decoding=\"async\" width=\"1024\" height=\"683\" data-id=\"7246\" src=\"https:\/\/heimatverein-nieder-roden.de\/wp-content\/uploads\/2024\/08\/NRKerb2023_Schrod_Mainzer-Hofsaenger-1024x683.jpg\" alt=\"\" class=\"wp-image-7246\" srcset=\"https:\/\/heimatverein-nieder-roden.de\/wp-content\/uploads\/2024\/08\/NRKerb2023_Schrod_Mainzer-Hofsaenger-1024x683.jpg 1024w, https:\/\/heimatverein-nieder-roden.de\/wp-content\/uploads\/2024\/08\/NRKerb2023_Schrod_Mainzer-Hofsaenger-300x200.jpg 300w, https:\/\/heimatverein-nieder-roden.de\/wp-content\/uploads\/2024\/08\/NRKerb2023_Schrod_Mainzer-Hofsaenger-768x512.jpg 768w, https:\/\/heimatverein-nieder-roden.de\/wp-content\/uploads\/2024\/08\/NRKerb2023_Schrod_Mainzer-Hofsaenger-1536x1024.jpg 1536w, https:\/\/heimatverein-nieder-roden.de\/wp-content\/uploads\/2024\/08\/NRKerb2023_Schrod_Mainzer-Hofsaenger-2048x1365.jpg 2048w, https:\/\/heimatverein-nieder-roden.de\/wp-content\/uploads\/2024\/08\/NRKerb2023_Schrod_Mainzer-Hofsaenger-836x557.jpg 836w, https:\/\/heimatverein-nieder-roden.de\/wp-content\/uploads\/2024\/08\/NRKerb2023_Schrod_Mainzer-Hofsaenger-560x373.jpg 560w, https:\/\/heimatverein-nieder-roden.de\/wp-content\/uploads\/2024\/08\/NRKerb2023_Schrod_Mainzer-Hofsaenger-272x182.jpg 272w\" sizes=\"(max-width: 1024px) 100vw, 1024px\" \/><\/a><figcaption class=\"wp-element-caption\">Die Mainzer Hofs\u00e4nger<\/figcaption><\/figure>\n\n\n\n<figure class=\"wp-block-image size-large\"><a href=\"https:\/\/heimatverein-nieder-roden.de\/wp-content\/uploads\/2024\/08\/NRKerb2023_Schrod_Kerbbeerdigung1.jpg\"><img decoding=\"async\" width=\"1024\" height=\"683\" data-id=\"7247\" src=\"https:\/\/heimatverein-nieder-roden.de\/wp-content\/uploads\/2024\/08\/NRKerb2023_Schrod_Kerbbeerdigung1-1024x683.jpg\" alt=\"\" class=\"wp-image-7247\" srcset=\"https:\/\/heimatverein-nieder-roden.de\/wp-content\/uploads\/2024\/08\/NRKerb2023_Schrod_Kerbbeerdigung1-1024x683.jpg 1024w, https:\/\/heimatverein-nieder-roden.de\/wp-content\/uploads\/2024\/08\/NRKerb2023_Schrod_Kerbbeerdigung1-300x200.jpg 300w, https:\/\/heimatverein-nieder-roden.de\/wp-content\/uploads\/2024\/08\/NRKerb2023_Schrod_Kerbbeerdigung1-768x512.jpg 768w, https:\/\/heimatverein-nieder-roden.de\/wp-content\/uploads\/2024\/08\/NRKerb2023_Schrod_Kerbbeerdigung1-1536x1024.jpg 1536w, https:\/\/heimatverein-nieder-roden.de\/wp-content\/uploads\/2024\/08\/NRKerb2023_Schrod_Kerbbeerdigung1-2048x1365.jpg 2048w, https:\/\/heimatverein-nieder-roden.de\/wp-content\/uploads\/2024\/08\/NRKerb2023_Schrod_Kerbbeerdigung1-836x557.jpg 836w, https:\/\/heimatverein-nieder-roden.de\/wp-content\/uploads\/2024\/08\/NRKerb2023_Schrod_Kerbbeerdigung1-560x373.jpg 560w, https:\/\/heimatverein-nieder-roden.de\/wp-content\/uploads\/2024\/08\/NRKerb2023_Schrod_Kerbbeerdigung1-272x182.jpg 272w\" sizes=\"(max-width: 1024px) 100vw, 1024px\" \/><\/a><figcaption class=\"wp-element-caption\">Vor der Kerbbeerdigung am Kerbmontag 2023<\/figcaption><\/figure>\n\n\n\n<figure class=\"wp-block-image size-large\"><a href=\"https:\/\/heimatverein-nieder-roden.de\/wp-content\/uploads\/2024\/08\/NRKerb2023_Schrod_Kerbbeerdigung2.jpg\"><img decoding=\"async\" width=\"1024\" height=\"683\" data-id=\"7248\" src=\"https:\/\/heimatverein-nieder-roden.de\/wp-content\/uploads\/2024\/08\/NRKerb2023_Schrod_Kerbbeerdigung2-1024x683.jpg\" alt=\"\" class=\"wp-image-7248\" srcset=\"https:\/\/heimatverein-nieder-roden.de\/wp-content\/uploads\/2024\/08\/NRKerb2023_Schrod_Kerbbeerdigung2-1024x683.jpg 1024w, https:\/\/heimatverein-nieder-roden.de\/wp-content\/uploads\/2024\/08\/NRKerb2023_Schrod_Kerbbeerdigung2-300x200.jpg 300w, https:\/\/heimatverein-nieder-roden.de\/wp-content\/uploads\/2024\/08\/NRKerb2023_Schrod_Kerbbeerdigung2-768x512.jpg 768w, https:\/\/heimatverein-nieder-roden.de\/wp-content\/uploads\/2024\/08\/NRKerb2023_Schrod_Kerbbeerdigung2-1536x1024.jpg 1536w, https:\/\/heimatverein-nieder-roden.de\/wp-content\/uploads\/2024\/08\/NRKerb2023_Schrod_Kerbbeerdigung2-2048x1365.jpg 2048w, https:\/\/heimatverein-nieder-roden.de\/wp-content\/uploads\/2024\/08\/NRKerb2023_Schrod_Kerbbeerdigung2-836x557.jpg 836w, https:\/\/heimatverein-nieder-roden.de\/wp-content\/uploads\/2024\/08\/NRKerb2023_Schrod_Kerbbeerdigung2-560x373.jpg 560w, https:\/\/heimatverein-nieder-roden.de\/wp-content\/uploads\/2024\/08\/NRKerb2023_Schrod_Kerbbeerdigung2-272x182.jpg 272w\" sizes=\"(max-width: 1024px) 100vw, 1024px\" \/><\/a><figcaption class=\"wp-element-caption\">Die Puppen brennen bei der Kerbbeerdigung am Kerbmontag 2023<\/figcaption><\/figure>\n<\/figure>\n\n\n\n<p><\/p>\n\n\n\n<h2 class=\"wp-block-heading has-text-align-center\">Unser Programm zur Kerb 2024<\/h2>\n\n\n\n<h3 class=\"wp-block-heading\">Samstag<\/h3>\n\n\n\n<ul class=\"wp-block-list\">\n<li>Unterhaltungsmusik mit DJ Michy<\/li>\n<\/ul>\n\n\n\n<hr class=\"wp-block-separator has-alpha-channel-opacity\"\/>\n\n\n\n<h3 class=\"wp-block-heading\">Sonntag<\/h3>\n\n\n\n<ul class=\"wp-block-list\">\n<li>Unterhaltungsmusik mit DJ Michy<\/li>\n\n\n\n<li>17:00 Uhr: Lagerfeuer-Live-Musik Englisch\/Deutsch zum Mitsingen &#8211; mit Uli und Steffen<\/li>\n<\/ul>\n\n\n\n<hr class=\"wp-block-separator has-alpha-channel-opacity\"\/>\n\n\n\n<h3 class=\"wp-block-heading\">Montag<\/h3>\n\n\n\n<ul class=\"wp-block-list\">\n<li>Traditioneller Kerb-Fr\u00fchschoppen<\/li>\n\n\n\n<li>Unterhaltungsmusik mit DJ Michy<\/li>\n\n\n\n<li>20:00 Uhr: Kerbbeerdigung &#8211; Verbrennung der Kerb-Puppen mit den Kerbburschen und Kerbm\u00e4dchen und dem Kerbverein<\/li>\n<\/ul>\n\n\n\n<h2 class=\"wp-block-heading has-text-align-center\">Unser Speisenangebot zur Kerb 2024<\/h2>\n\n\n\n<h3 class=\"wp-block-heading\">Samstag<\/h3>\n\n\n\n<p>Ab 18 Uhr bieten wir:<\/p>\n\n\n\n<ul class=\"wp-block-list\">\n<li>Wurstsalat mit Bratkartkoffeln<\/li>\n\n\n\n<li>Handk\u00e4s mit Musik<br><\/li>\n\n\n\n<li>Presskopp-Weck <\/li>\n\n\n\n<li>Rindsw\u00fcrstchen<\/li>\n\n\n\n<li>Schweinew\u00fcrstchen<\/li>\n<\/ul>\n\n\n\n<hr class=\"wp-block-separator has-alpha-channel-opacity\"\/>\n\n\n\n<h3 class=\"wp-block-heading\">Sonntag<\/h3>\n\n\n<div class=\"wp-block-image\">\n<figure class=\"aligncenter size-large is-resized\"><a href=\"https:\/\/heimatverein-nieder-roden.de\/wp-content\/uploads\/2024\/08\/NRKerb2024_Schrod_Symbolbild_Wildgulasch.jpg\"><img decoding=\"async\" width=\"1024\" height=\"812\" src=\"https:\/\/heimatverein-nieder-roden.de\/wp-content\/uploads\/2024\/08\/NRKerb2024_Schrod_Symbolbild_Wildgulasch-1024x812.jpg\" alt=\"\" class=\"wp-image-7239\" style=\"width:564px;height:auto\" srcset=\"https:\/\/heimatverein-nieder-roden.de\/wp-content\/uploads\/2024\/08\/NRKerb2024_Schrod_Symbolbild_Wildgulasch-1024x812.jpg 1024w, https:\/\/heimatverein-nieder-roden.de\/wp-content\/uploads\/2024\/08\/NRKerb2024_Schrod_Symbolbild_Wildgulasch-300x238.jpg 300w, https:\/\/heimatverein-nieder-roden.de\/wp-content\/uploads\/2024\/08\/NRKerb2024_Schrod_Symbolbild_Wildgulasch-768x609.jpg 768w, https:\/\/heimatverein-nieder-roden.de\/wp-content\/uploads\/2024\/08\/NRKerb2024_Schrod_Symbolbild_Wildgulasch-1536x1218.jpg 1536w, https:\/\/heimatverein-nieder-roden.de\/wp-content\/uploads\/2024\/08\/NRKerb2024_Schrod_Symbolbild_Wildgulasch-2048x1624.jpg 2048w, https:\/\/heimatverein-nieder-roden.de\/wp-content\/uploads\/2024\/08\/NRKerb2024_Schrod_Symbolbild_Wildgulasch-836x663.jpg 836w, https:\/\/heimatverein-nieder-roden.de\/wp-content\/uploads\/2024\/08\/NRKerb2024_Schrod_Symbolbild_Wildgulasch-560x444.jpg 560w\" sizes=\"(max-width: 1024px) 100vw, 1024px\" \/><\/a><figcaption class=\"wp-element-caption\">Der Klassiker am Sonntag bei Fam. Schod: Wildgulasch mit Sp\u00e4tzle<br>\u00a9Fam. Schrod<\/figcaption><\/figure>\n<\/div>\n\n\n<p>Ab 11 Uhr bieten wir:<\/p>\n\n\n\n<ul class=\"wp-block-list\">\n<li>Grillhaxe mit hausgemachtem Kartoffelsalat<\/li>\n\n\n\n<li>Grillbauch mit hausgemachtem Kartoffelsalat<\/li>\n\n\n\n<li>Hackbraten mit hausgemachtem Kartoffelsalat<\/li>\n\n\n\n<li>Wildgulasch mit Sp\u00e4tzle<br><\/li>\n\n\n\n<li>Presskopp-Weck <\/li>\n\n\n\n<li>Rindsw\u00fcrstchen<\/li>\n\n\n\n<li>Schweinew\u00fcrstchen<br><\/li>\n<\/ul>\n\n\n\n<p>Kaffee und Kuchen zur Kaffeezeit<\/p>\n\n\n\n<hr class=\"wp-block-separator has-alpha-channel-opacity\"\/>\n\n\n\n<h3 class=\"wp-block-heading\">Montag<\/h3>\n\n\n<div class=\"wp-block-image\">\n<figure class=\"aligncenter size-large is-resized\"><a href=\"https:\/\/heimatverein-nieder-roden.de\/wp-content\/uploads\/2024\/08\/NRKerb2024_Schrod_Symbolbild_Wurstplatte.jpg\"><img decoding=\"async\" width=\"1024\" height=\"722\" src=\"https:\/\/heimatverein-nieder-roden.de\/wp-content\/uploads\/2024\/08\/NRKerb2024_Schrod_Symbolbild_Wurstplatte-1024x722.jpg\" alt=\"\" class=\"wp-image-7240\" style=\"width:559px;height:auto\" srcset=\"https:\/\/heimatverein-nieder-roden.de\/wp-content\/uploads\/2024\/08\/NRKerb2024_Schrod_Symbolbild_Wurstplatte-1024x722.jpg 1024w, https:\/\/heimatverein-nieder-roden.de\/wp-content\/uploads\/2024\/08\/NRKerb2024_Schrod_Symbolbild_Wurstplatte-300x212.jpg 300w, https:\/\/heimatverein-nieder-roden.de\/wp-content\/uploads\/2024\/08\/NRKerb2024_Schrod_Symbolbild_Wurstplatte-768x542.jpg 768w, https:\/\/heimatverein-nieder-roden.de\/wp-content\/uploads\/2024\/08\/NRKerb2024_Schrod_Symbolbild_Wurstplatte-1536x1083.jpg 1536w, https:\/\/heimatverein-nieder-roden.de\/wp-content\/uploads\/2024\/08\/NRKerb2024_Schrod_Symbolbild_Wurstplatte-2048x1445.jpg 2048w, https:\/\/heimatverein-nieder-roden.de\/wp-content\/uploads\/2024\/08\/NRKerb2024_Schrod_Symbolbild_Wurstplatte-836x590.jpg 836w, https:\/\/heimatverein-nieder-roden.de\/wp-content\/uploads\/2024\/08\/NRKerb2024_Schrod_Symbolbild_Wurstplatte-560x395.jpg 560w\" sizes=\"(max-width: 1024px) 100vw, 1024px\" \/><\/a><figcaption class=\"wp-element-caption\">Hausmacher Wurstplatte am Kerbmontag in der Scheune Schrod<br>\u00a9Fam. Schrod<\/figcaption><\/figure>\n<\/div>\n\n\n<p>Ab 10:30 Uhr Fr\u00fchschoppen mit traditionellem Kerb-Essen:<\/p>\n\n\n\n<ul class=\"wp-block-list\">\n<li>Rippchen mit Kraut und Brot<\/li>\n\n\n\n<li>Hausmacher Wurstplatte<br><\/li>\n\n\n\n<li>Presskopp-Weck <\/li>\n\n\n\n<li>Rindsw\u00fcrstchen<\/li>\n\n\n\n<li>Schweinew\u00fcrstchen<\/li>\n<\/ul>\n\n\n\n<hr class=\"wp-block-separator has-alpha-channel-opacity is-style-wide\"\/>\n\n\n\n<p class=\"has-text-align-center is-style-info\"><em>Beitrag erstellt mit freundlicher Genehmigung von Familie Schrod.<br>Vielen Dank!<\/em><\/p>\n\n\n\n<p class=\"is-style-warning\">Update vom 06.09.2024:<br>Mehr Details zur Live-Musik am Kerbsonntag.<\/p>\n\n\n\n<p class=\"is-style-warning\">Update vom 05.09.2024:<br>Live-Musik von Uli und Steffen ist der neue Programmpunkt am Sonntag.<\/p>\n\n\n\n<p class=\"is-style-warning\">Update vom 19.08.2024:<br>Leider mussten die Mainzer Hofs\u00e4nger ihren Auftritt absagen.<\/p>\n\n\n\n<hr class=\"wp-block-separator has-alpha-channel-opacity is-style-wide\"\/>\n\n\nBeitrag 0 mal aufgerufen in den letzten 365 Tagen.\n","protected":false},"excerpt":{"rendered":"<p>Ein Beitrag zur Nirrer\u00e4irer Kerb 2024<\/p>\n<p>Seit die Kerb wieder im alten Ortskern von Nieder-Roden stattfindet, ist Familie Schrod in der Ober-Rodener-Stra\u00dfe 49 ein fester Bestandteil der Feier.<\/p>\n<p>Unser Programm und unser Gastronomisches Angebot<\/p><p><a class=\"more-link btn\" href=\"https:\/\/heimatverein-nieder-roden.de\/?p=7219\">Weiterlesen<\/a><\/p>\n","protected":false},"author":1,"featured_media":5667,"comment_status":"closed","ping_status":"closed","sticky":false,"template":"","format":"standard","meta":{"_coblocks_attr":"","_coblocks_dimensions":"","_coblocks_responsive_height":"","_coblocks_accordion_ie_support":"","footnotes":"","_share_on_mastodon":"0"},"categories":[6,510,97],"tags":[176,509,371,370,368,367,369],"class_list":["post-7219","post","type-post","status-publish","format-standard","has-post-thumbnail","hentry","category-aktuell","category-kerb-2024","category-slider","tag-kerb","tag-kerb-2024","tag-kinderhospiz-sterntaler","tag-mainzer-hofsaenger","tag-nieder-roeder-kerb","tag-nirreraeirer-kerb","tag-scheune-schrod","nodate"],"share_on_mastodon":{"url":"","error":""},"publishpress_future_action":{"enabled":false,"date":"2026-05-07 09:32:51","action":"category-remove","newStatus":"draft","terms":[],"taxonomy":"category","extraData":[]},"publishpress_future_workflow_manual_trigger":{"enabledWorkflows":[]},"_links":{"self":[{"href":"https:\/\/heimatverein-nieder-roden.de\/index.php?rest_route=\/wp\/v2\/posts\/7219","targetHints":{"allow":["GET"]}}],"collection":[{"href":"https:\/\/heimatverein-nieder-roden.de\/index.php?rest_route=\/wp\/v2\/posts"}],"about":[{"href":"https:\/\/heimatverein-nieder-roden.de\/index.php?rest_route=\/wp\/v2\/types\/post"}],"author":[{"embeddable":true,"href":"https:\/\/heimatverein-nieder-roden.de\/index.php?rest_route=\/wp\/v2\/users\/1"}],"replies":[{"embeddable":true,"href":"https:\/\/heimatverein-nieder-roden.de\/index.php?rest_route=%2Fwp%2Fv2%2Fcomments&post=7219"}],"version-history":[{"count":13,"href":"https:\/\/heimatverein-nieder-roden.de\/index.php?rest_route=\/wp\/v2\/posts\/7219\/revisions"}],"predecessor-version":[{"id":7479,"href":"https:\/\/heimatverein-nieder-roden.de\/index.php?rest_route=\/wp\/v2\/posts\/7219\/revisions\/7479"}],"wp:featuredmedia":[{"embeddable":true,"href":"https:\/\/heimatverein-nieder-roden.de\/index.php?rest_route=\/wp\/v2\/media\/5667"}],"wp:attachment":[{"href":"https:\/\/heimatverein-nieder-roden.de\/index.php?rest_route=%2Fwp%2Fv2%2Fmedia&parent=7219"}],"wp:term":[{"taxonomy":"category","embeddable":true,"href":"https:\/\/heimatverein-nieder-roden.de\/index.php?rest_route=%2Fwp%2Fv2%2Fcategories&post=7219"},{"taxonomy":"post_tag","embeddable":true,"href":"https:\/\/heimatverein-nieder-roden.de\/index.php?rest_route=%2Fwp%2Fv2%2Ftags&post=7219"}],"curies":[{"name":"wp","href":"https:\/\/api.w.org\/{rel}","templated":true}]}}