{"id":7218,"date":"2024-08-18T22:26:22","date_gmt":"2024-08-18T20:26:22","guid":{"rendered":"https:\/\/heimatverein-nieder-roden.de\/?p=7218"},"modified":"2024-08-22T15:53:54","modified_gmt":"2024-08-22T13:53:54","slug":"2024-ist-fuer-den-musikverein-nieder-roden-das-jahr-der-jubilaeen","status":"publish","type":"post","link":"https:\/\/heimatverein-nieder-roden.de\/?p=7218","title":{"rendered":"2024 ist f\u00fcr den Musikverein Nieder-Roden das Jahr der Jubil\u00e4en"},"content":{"rendered":"\n<h3 class=\"wp-block-heading\"><strong>Wir feiern 45 Jahre Rodgau Jazz Big Band und 25 Jahre Rodgauer Blasmusik.<\/strong><\/h3>\n\n\n\n<p><strong>Ein Beitrag zur Nirrer\u00e4irer Kerb 2024<\/strong><\/p>\n\n\n\n<p>Die Rodgauer Blasmusik hat ihr Jubil\u00e4um bereits am 23. Juni beim Mauds in Nieder-Roden gefeiert. Unter der Schirmherrschaft und mit musikalischem Engagement von B\u00fcrgermeister Max Breitenbach haben die Musikerinnen und Musiker mit ihren durchschnittlich 73 Jahren \u00fcber viele Stunden ihr Publikum mit traditioneller Blasmusik und guter Laune unterhalten. Das Konzert der Rodgau Jazz Big Band folgt noch bei ihrem mittlerweile Tradition gewordenen Weihnachtskonzert am 15. Dezember in der Aula der Georg-B\u00fcchner-Schule.<\/p>\n\n\n\n<h2 class=\"wp-block-heading\">Auf der Kerb 2024<\/h2>\n\n\n\n<p>Wer so lange nicht warten will, kann schon am <strong>Kerbsonntag zwischen 12 Uhr und 18:30 Uhr<\/strong> vier Orchester des Vereins h\u00f6ren. Neben der Rodgauer Blasmusik spielen dort auch das Jugendorchester, das Orchester Klangfarben und das Konzertorchester. <\/p>\n\n\n<div class=\"wp-block-image\">\n<figure class=\"aligncenter size-large is-resized\"><a href=\"https:\/\/heimatverein-nieder-roden.de\/wp-content\/uploads\/2024\/08\/MVN_Kerb2024_Symbolbild-Klangfarben.jpg\"><img decoding=\"async\" width=\"1024\" height=\"768\" src=\"https:\/\/heimatverein-nieder-roden.de\/wp-content\/uploads\/2024\/08\/MVN_Kerb2024_Symbolbild-Klangfarben-1024x768.jpg\" alt=\"\" class=\"wp-image-7231\" style=\"width:519px;height:auto\" srcset=\"https:\/\/heimatverein-nieder-roden.de\/wp-content\/uploads\/2024\/08\/MVN_Kerb2024_Symbolbild-Klangfarben-1024x768.jpg 1024w, https:\/\/heimatverein-nieder-roden.de\/wp-content\/uploads\/2024\/08\/MVN_Kerb2024_Symbolbild-Klangfarben-300x225.jpg 300w, https:\/\/heimatverein-nieder-roden.de\/wp-content\/uploads\/2024\/08\/MVN_Kerb2024_Symbolbild-Klangfarben-768x576.jpg 768w, https:\/\/heimatverein-nieder-roden.de\/wp-content\/uploads\/2024\/08\/MVN_Kerb2024_Symbolbild-Klangfarben-836x627.jpg 836w, https:\/\/heimatverein-nieder-roden.de\/wp-content\/uploads\/2024\/08\/MVN_Kerb2024_Symbolbild-Klangfarben-560x420.jpg 560w, https:\/\/heimatverein-nieder-roden.de\/wp-content\/uploads\/2024\/08\/MVN_Kerb2024_Symbolbild-Klangfarben.jpg 1280w\" sizes=\"(max-width: 1024px) 100vw, 1024px\" \/><\/a><figcaption class=\"wp-element-caption\">Das Orchester Klangfarben des MVN auf der Kerb vor dem Hoftor der Scheune Mergenthal. Datum unbekannt.\n\u00a9MVN<\/figcaption><\/figure>\n<\/div>\n\n\n<p>Das Jugendorchester als j\u00fcngstes Orchester des Vereins hat gerade erst Nachwuchs bekommen: Die ehemaligen Bl\u00e4serkids, die vor zwei Jahren gemeinsam begannen, ein Instrument zu lernen, haben ihren ersten Auftritt als Mitglieder des Jugendorchesters. Indem sie &#8222;aufsteigen&#8220;, machen sie Platz f\u00fcr eine neue Generation Bl\u00e4serkids, die nach den Sommerferien beginnen wird.<\/p>\n\n\n<div class=\"wp-block-image\">\n<figure class=\"aligncenter size-large is-resized\"><a href=\"https:\/\/heimatverein-nieder-roden.de\/wp-content\/uploads\/2024\/08\/MVN_Kerb2024_Symbolbild-Jugendorchester.jpg\"><img decoding=\"async\" width=\"768\" height=\"1024\" src=\"https:\/\/heimatverein-nieder-roden.de\/wp-content\/uploads\/2024\/08\/MVN_Kerb2024_Symbolbild-Jugendorchester-768x1024.jpg\" alt=\"\" class=\"wp-image-7232\" style=\"width:423px;height:auto\" srcset=\"https:\/\/heimatverein-nieder-roden.de\/wp-content\/uploads\/2024\/08\/MVN_Kerb2024_Symbolbild-Jugendorchester-768x1024.jpg 768w, https:\/\/heimatverein-nieder-roden.de\/wp-content\/uploads\/2024\/08\/MVN_Kerb2024_Symbolbild-Jugendorchester-225x300.jpg 225w, https:\/\/heimatverein-nieder-roden.de\/wp-content\/uploads\/2024\/08\/MVN_Kerb2024_Symbolbild-Jugendorchester-836x1115.jpg 836w, https:\/\/heimatverein-nieder-roden.de\/wp-content\/uploads\/2024\/08\/MVN_Kerb2024_Symbolbild-Jugendorchester-560x747.jpg 560w, https:\/\/heimatverein-nieder-roden.de\/wp-content\/uploads\/2024\/08\/MVN_Kerb2024_Symbolbild-Jugendorchester.jpg 960w\" sizes=\"(max-width: 768px) 100vw, 768px\" \/><\/a><figcaption class=\"wp-element-caption\">Das Jugendorchester des MVN auf der Kerb im Hof der Scheune Mergenthal. Datum unbekannt.<br>\u00a9MVN<\/figcaption><\/figure>\n<\/div>\n\n\n<figure class=\"wp-block-pullquote\"><blockquote><p>Programm des Musikvereins <br>am Kerbsonntag <br>8. September 2024<br><br>12:00 &#8211; 14:00 Uhr: Rodgauer Blasmusik<br>14:30 &#8211; 15:30 Uhr: Jugendorchester<br>15:30 &#8211; 16:30 Uhr: Klangfarben<br>17:30 &#8211; 18:30 Uhr: Konzertorchester<\/p><\/blockquote><\/figure>\n\n\n\n<p>F\u00fcr interessierte Kinder ab etwa 10 Jahren ist ein Einstieg bei den Bl\u00e4serkids noch m\u00f6glich. Das besondere dabei ist, dass bereits vom ersten Ton an das Instrument auch gemeinsam mit anderen Kindern in einem Orchester gespielt wird. So haben die Kinder schnell das Erlebnis des gemeinsamen Musizierens und sogar die M\u00f6glichkeit, bereits nach wenigen Monaten auf der B\u00fchne zu stehen. Das Projekt wird u.a. vom Kreis Offenbach finanziell unterst\u00fctzt, sodass die laufenden Kosten f\u00fcr die Instrumentenleihe, den Instrumentalunterricht sowie die Gemeinschaftsproben zu deutlich reduzierten Geb\u00fchren angeboten werden k\u00f6nnen. Mehr Informationen gibt es unter\u00a0<a href=\"http:\/\/www.mv-nieder-roden.de\/\" target=\"_blank\" rel=\"noreferrer noopener\">www.mv-nieder-roden.de<\/a>\u00a0oder bei Stefan Rebmann (<a href=\"mailto:Stefan.Rebmann@mv-nieder-roden.de\">Stefan.Rebmann@mv-nieder-roden.de<\/a>). Die erste Probe ist bereits am 2. September, Kurzentschlossene k\u00f6nnen aber auch nachtr\u00e4glich noch einsteigen.<\/p>\n\n\n<div class=\"wp-block-image\">\n<figure class=\"aligncenter size-large is-resized has-lightbox\"><a href=\"mv-nieder-roden.de\" target=\"_blank\" rel=\"noreferrer noopener\"><img decoding=\"async\" width=\"1024\" height=\"448\" src=\"https:\/\/heimatverein-nieder-roden.de\/wp-content\/uploads\/2023\/02\/MV-Logo-1024x448.png\" alt=\"\" class=\"wp-image-5033\" style=\"width:414px;height:auto\" srcset=\"https:\/\/heimatverein-nieder-roden.de\/wp-content\/uploads\/2023\/02\/MV-Logo-1024x448.png 1024w, https:\/\/heimatverein-nieder-roden.de\/wp-content\/uploads\/2023\/02\/MV-Logo-300x131.png 300w, https:\/\/heimatverein-nieder-roden.de\/wp-content\/uploads\/2023\/02\/MV-Logo-768x336.png 768w, https:\/\/heimatverein-nieder-roden.de\/wp-content\/uploads\/2023\/02\/MV-Logo-1536x673.png 1536w, https:\/\/heimatverein-nieder-roden.de\/wp-content\/uploads\/2023\/02\/MV-Logo-2048x897.png 2048w, https:\/\/heimatverein-nieder-roden.de\/wp-content\/uploads\/2023\/02\/MV-Logo-836x366.png 836w, https:\/\/heimatverein-nieder-roden.de\/wp-content\/uploads\/2023\/02\/MV-Logo-560x245.png 560w\" sizes=\"(max-width: 1024px) 100vw, 1024px\" \/><\/a><figcaption class=\"wp-element-caption\">Logo des Musikvereins Nieder-Roden e. V.<\/figcaption><\/figure>\n<\/div>\n\n\n<h2 class=\"wp-block-heading\">Die Kerblounge 2024<\/h2>\n\n\n\n<p>Bei der diesj\u00e4hrigen Kerblounge stehen am Samstagabend Tom Sch\u00fcler (Trompete), Matthias R\u00fcdiger (Sax), Stephan Langer (Bass), Johannes Kunze (Drums) und Matthias Matthias Fenchel (Piano) auf der B\u00fchne.<\/p>\n\n\n\n<figure class=\"wp-block-pullquote\"><blockquote><p>Programm des Musikvereins <br>am Kerbsamstag<br>7. September 2024<br><br><strong>Kerblounge<\/strong><br><br>Einlass: ab 18 Uhr.<br>Beginn Livemusik: 20 Uhr.<\/p><\/blockquote><\/figure>\n\n\n\n<p class=\"is-style-warning\">Weitere Informationen zur Kerblounge stehen uns bis jetzt leider nicht zur Verf\u00fcgung.<br>Stand: 18.08.2024, 22:00 Uhr<\/p>\n\n\n\n<h2 class=\"wp-block-heading\">Unser kulinarisches Angebot zur Kerb 2024<\/h2>\n\n\n\n<h3 class=\"wp-block-heading\">Kerbsamstag<\/h3>\n\n\n\n<ul class=\"wp-block-list\">\n<li>Traditionelles vom Grill<\/li>\n\n\n\n<li>Vegetarische &amp; vegane Suppen<\/li>\n\n\n\n<li>Snacks<\/li>\n\n\n\n<li>Getr\u00e4nke aller Art<\/li>\n\n\n\n<li>Ausgew\u00e4hlte Weine in Bio-Qualit\u00e4t<\/li>\n<\/ul>\n\n\n\n<h3 class=\"wp-block-heading\">Kerbsonntag<\/h3>\n\n\n\n<ul class=\"wp-block-list\">\n<li>Traditionelles vom Grill<\/li>\n\n\n\n<li>Vegetarische &amp; vegane Suppen<\/li>\n\n\n\n<li>Snacks<\/li>\n\n\n\n<li>Getr\u00e4nke aller Art<\/li>\n\n\n\n<li>Ausgew\u00e4hlte Weine in Bio-Qualit\u00e4t<\/li>\n\n\n\n<li><strong>Kaffee und Kuchen<\/strong><\/li>\n<\/ul>\n\n\n\n<h3 class=\"wp-block-heading\">Kerbmontag<\/h3>\n\n\n\n<ul class=\"wp-block-list\">\n<li>Grillspezialit\u00e4ten<\/li>\n\n\n\n<li>Salatvariationen<\/li>\n<\/ul>\n\n\n\n<hr class=\"wp-block-separator has-alpha-channel-opacity is-style-wide\"\/>\n\n\n\n<p class=\"has-text-align-left\"><em>Text und Abbildungen: Musikverein Nieder-Roden e. V.<\/em><\/p>\n\n\n\n<hr class=\"wp-block-separator has-alpha-channel-opacity is-style-wide\"\/>\n\n\nBeitrag 0 mal aufgerufen in den letzten 365 Tagen.\n","protected":false},"excerpt":{"rendered":"<p>Ein Beitrag zur Nirrer\u00e4irer Kerb 2024<\/p>\n<p>Wir feiern 45 Jahre Rodgau Jazz Big Band und 25 Jahre Rodgauer Blasmusik.<\/p>\n<p>Ein Beitrag zur Nirrer\u00e4irer Kerb 2024 mit dem Programm des MVN und dem kulinarischen Angebot.<\/p><p><a class=\"more-link btn\" href=\"https:\/\/heimatverein-nieder-roden.de\/?p=7218\">Weiterlesen<\/a><\/p>\n","protected":false},"author":1,"featured_media":7231,"comment_status":"closed","ping_status":"closed","sticky":false,"template":"","format":"standard","meta":{"_coblocks_attr":"","_coblocks_dimensions":"","_coblocks_responsive_height":"","_coblocks_accordion_ie_support":"","footnotes":"","_share_on_mastodon":"0"},"categories":[6,510,97],"tags":[176,509,379,22,368,367,378],"class_list":["post-7218","post","type-post","status-publish","format-standard","has-post-thumbnail","hentry","category-aktuell","category-kerb-2024","category-slider","tag-kerb","tag-kerb-2024","tag-kerblounge","tag-musikverein-nieder-roden","tag-nieder-roeder-kerb","tag-nirreraeirer-kerb","tag-scheune-mergenthal","nodate"],"share_on_mastodon":{"url":"","error":""},"publishpress_future_action":{"enabled":false,"date":"2026-05-07 09:21:40","action":"category-remove","newStatus":"draft","terms":[],"taxonomy":"category","extraData":[]},"publishpress_future_workflow_manual_trigger":{"enabledWorkflows":[]},"_links":{"self":[{"href":"https:\/\/heimatverein-nieder-roden.de\/index.php?rest_route=\/wp\/v2\/posts\/7218","targetHints":{"allow":["GET"]}}],"collection":[{"href":"https:\/\/heimatverein-nieder-roden.de\/index.php?rest_route=\/wp\/v2\/posts"}],"about":[{"href":"https:\/\/heimatverein-nieder-roden.de\/index.php?rest_route=\/wp\/v2\/types\/post"}],"author":[{"embeddable":true,"href":"https:\/\/heimatverein-nieder-roden.de\/index.php?rest_route=\/wp\/v2\/users\/1"}],"replies":[{"embeddable":true,"href":"https:\/\/heimatverein-nieder-roden.de\/index.php?rest_route=%2Fwp%2Fv2%2Fcomments&post=7218"}],"version-history":[{"count":4,"href":"https:\/\/heimatverein-nieder-roden.de\/index.php?rest_route=\/wp\/v2\/posts\/7218\/revisions"}],"predecessor-version":[{"id":7329,"href":"https:\/\/heimatverein-nieder-roden.de\/index.php?rest_route=\/wp\/v2\/posts\/7218\/revisions\/7329"}],"wp:featuredmedia":[{"embeddable":true,"href":"https:\/\/heimatverein-nieder-roden.de\/index.php?rest_route=\/wp\/v2\/media\/7231"}],"wp:attachment":[{"href":"https:\/\/heimatverein-nieder-roden.de\/index.php?rest_route=%2Fwp%2Fv2%2Fmedia&parent=7218"}],"wp:term":[{"taxonomy":"category","embeddable":true,"href":"https:\/\/heimatverein-nieder-roden.de\/index.php?rest_route=%2Fwp%2Fv2%2Fcategories&post=7218"},{"taxonomy":"post_tag","embeddable":true,"href":"https:\/\/heimatverein-nieder-roden.de\/index.php?rest_route=%2Fwp%2Fv2%2Ftags&post=7218"}],"curies":[{"name":"wp","href":"https:\/\/api.w.org\/{rel}","templated":true}]}}