{"id":7217,"date":"2024-08-22T15:58:40","date_gmt":"2024-08-22T13:58:40","guid":{"rendered":"https:\/\/heimatverein-nieder-roden.de\/?p=7217"},"modified":"2024-08-22T16:45:09","modified_gmt":"2024-08-22T14:45:09","slug":"kerbbaumstellen-am-pfarrheim-2","status":"publish","type":"post","link":"https:\/\/heimatverein-nieder-roden.de\/?p=7217","title":{"rendered":"Kerbbaumstellen am Pfarrheim &#8211; mit Freiluftgottesdienst"},"content":{"rendered":"\n<p><strong>Ein Beitrag zur Nirrer\u00e4irer Kerb 2024<\/strong><\/p>\n\n\n<div class=\"wp-block-image\">\n<figure class=\"aligncenter size-large is-resized\"><a href=\"https:\/\/heimatverein-nieder-roden.de\/wp-content\/uploads\/2023\/09\/2023-09-08_17-57-30_NRKerb2023_FMA_IMG_20230908_175730-scaled.jpg\"><img decoding=\"async\" width=\"1024\" height=\"768\" src=\"https:\/\/heimatverein-nieder-roden.de\/wp-content\/uploads\/2023\/09\/2023-09-08_17-57-30_NRKerb2023_FMA_IMG_20230908_175730-scaled-1024x768.jpg\" alt=\"\" class=\"wp-image-6037\" style=\"width:637px;height:undefinedpx\" srcset=\"https:\/\/heimatverein-nieder-roden.de\/wp-content\/uploads\/2023\/09\/2023-09-08_17-57-30_NRKerb2023_FMA_IMG_20230908_175730-scaled-1024x768.jpg 1024w, https:\/\/heimatverein-nieder-roden.de\/wp-content\/uploads\/2023\/09\/2023-09-08_17-57-30_NRKerb2023_FMA_IMG_20230908_175730-scaled-300x225.jpg 300w, https:\/\/heimatverein-nieder-roden.de\/wp-content\/uploads\/2023\/09\/2023-09-08_17-57-30_NRKerb2023_FMA_IMG_20230908_175730-scaled-768x576.jpg 768w, https:\/\/heimatverein-nieder-roden.de\/wp-content\/uploads\/2023\/09\/2023-09-08_17-57-30_NRKerb2023_FMA_IMG_20230908_175730-scaled-1536x1152.jpg 1536w, https:\/\/heimatverein-nieder-roden.de\/wp-content\/uploads\/2023\/09\/2023-09-08_17-57-30_NRKerb2023_FMA_IMG_20230908_175730-scaled-2048x1536.jpg 2048w, https:\/\/heimatverein-nieder-roden.de\/wp-content\/uploads\/2023\/09\/2023-09-08_17-57-30_NRKerb2023_FMA_IMG_20230908_175730-scaled-836x627.jpg 836w, https:\/\/heimatverein-nieder-roden.de\/wp-content\/uploads\/2023\/09\/2023-09-08_17-57-30_NRKerb2023_FMA_IMG_20230908_175730-scaled-560x420.jpg 560w\" sizes=\"(max-width: 1024px) 100vw, 1024px\" \/><\/a><figcaption class=\"wp-element-caption\">Es ist geschafft! Der Kerbbaum 2023 steht.<br>\u00a9AKHNR\/FMA<\/figcaption><\/figure>\n<\/div>\n\n\n<p>Kaum ist der Umzug vorbei, m\u00fcssen die Kerbborsche und Kerbm\u00e4dsche ihr k\u00f6rperliche Leistungsf\u00e4higkeit unter Beweis stellen. Der Kerbbaum, den sie in den Tage zuvor aus dem Wald geholt haben, ist auf einem Wagen mit durch den Ort gezogen worden.<\/p>\n\n\n\n<p>Jetzt muss er in die Senkrechte gebracht und an der Mauer sicher befestigt werden, die den Vorgarten des Pfarrheims umgibt. Ein oft ge\u00fcbter Vorgang &#8211; und doch sehr spannend f\u00fcr die zahlreichen Schaulustigen. Viele von Ihnen sind dem Umzug durch den alten Ort gefolgt.<\/p>\n\n\n\n<p>Steht der Baum kann er durch den Pfarrer gesegnet werden &#8211; eine wichtige Voraussetzungen, damit die Kerbfeier beginnen kann.<\/p>\n\n\n\n<p>Wird es in diesem Jahr wieder gelingen? <\/p>\n\n\n\n<p>Finden Sie es heraus, seien Sie dabei.<\/p>\n\n\n\n<p class=\"is-style-info\"><strong>Eine Neuheit in diesem Jahr ist der Freiluftgottesdienst, der beim Kerbbaumstellen im Vorgarten des Pfarrheims gefeiert wird.<\/strong><\/p>\n\n\n\n<figure class=\"wp-block-pullquote\"><blockquote><p>Kerbbaumstellen mit Freiluftgottesdienst <br>am Pfarrheim<br><br>Kerbfreitag <br>6. September 2024 <br>nach dem Kerbumzug &#8211; ca. 17 Uhr<\/p><\/blockquote><\/figure>\n\n\n\n<figure class=\"wp-block-gallery has-nested-images columns-default is-cropped wp-block-gallery-1 is-layout-flex wp-block-gallery-is-layout-flex\">\n<figure class=\"wp-block-image size-large\"><a href=\"https:\/\/heimatverein-nieder-roden.de\/wp-content\/uploads\/2023\/09\/2023-09-08_17-48-30_NRKerb2023_FMA_IMG_20230908_174830-scaled.jpg\"><img decoding=\"async\" width=\"768\" height=\"1024\" data-id=\"6033\" src=\"https:\/\/heimatverein-nieder-roden.de\/wp-content\/uploads\/2023\/09\/2023-09-08_17-48-30_NRKerb2023_FMA_IMG_20230908_174830-scaled-768x1024.jpg\" alt=\"\" class=\"wp-image-6033\" srcset=\"https:\/\/heimatverein-nieder-roden.de\/wp-content\/uploads\/2023\/09\/2023-09-08_17-48-30_NRKerb2023_FMA_IMG_20230908_174830-scaled-768x1024.jpg 768w, https:\/\/heimatverein-nieder-roden.de\/wp-content\/uploads\/2023\/09\/2023-09-08_17-48-30_NRKerb2023_FMA_IMG_20230908_174830-scaled-225x300.jpg 225w, https:\/\/heimatverein-nieder-roden.de\/wp-content\/uploads\/2023\/09\/2023-09-08_17-48-30_NRKerb2023_FMA_IMG_20230908_174830-scaled-1152x1536.jpg 1152w, https:\/\/heimatverein-nieder-roden.de\/wp-content\/uploads\/2023\/09\/2023-09-08_17-48-30_NRKerb2023_FMA_IMG_20230908_174830-scaled-1536x2048.jpg 1536w, https:\/\/heimatverein-nieder-roden.de\/wp-content\/uploads\/2023\/09\/2023-09-08_17-48-30_NRKerb2023_FMA_IMG_20230908_174830-scaled-836x1115.jpg 836w, https:\/\/heimatverein-nieder-roden.de\/wp-content\/uploads\/2023\/09\/2023-09-08_17-48-30_NRKerb2023_FMA_IMG_20230908_174830-scaled-560x747.jpg 560w, https:\/\/heimatverein-nieder-roden.de\/wp-content\/uploads\/2023\/09\/2023-09-08_17-48-30_NRKerb2023_FMA_IMG_20230908_174830-scaled.jpg 1920w\" sizes=\"(max-width: 768px) 100vw, 768px\" \/><\/a><\/figure>\n\n\n\n<figure class=\"wp-block-image size-large\"><a href=\"https:\/\/heimatverein-nieder-roden.de\/wp-content\/uploads\/2023\/09\/2023-09-08_17-50-39_NRKerb2023_FMA_IMG_20230908_175039-scaled.jpg\"><img decoding=\"async\" width=\"1024\" height=\"576\" data-id=\"6034\" src=\"https:\/\/heimatverein-nieder-roden.de\/wp-content\/uploads\/2023\/09\/2023-09-08_17-50-39_NRKerb2023_FMA_IMG_20230908_175039-scaled-1024x576.jpg\" alt=\"\" class=\"wp-image-6034\" srcset=\"https:\/\/heimatverein-nieder-roden.de\/wp-content\/uploads\/2023\/09\/2023-09-08_17-50-39_NRKerb2023_FMA_IMG_20230908_175039-scaled-1024x576.jpg 1024w, https:\/\/heimatverein-nieder-roden.de\/wp-content\/uploads\/2023\/09\/2023-09-08_17-50-39_NRKerb2023_FMA_IMG_20230908_175039-scaled-300x169.jpg 300w, https:\/\/heimatverein-nieder-roden.de\/wp-content\/uploads\/2023\/09\/2023-09-08_17-50-39_NRKerb2023_FMA_IMG_20230908_175039-scaled-768x432.jpg 768w, https:\/\/heimatverein-nieder-roden.de\/wp-content\/uploads\/2023\/09\/2023-09-08_17-50-39_NRKerb2023_FMA_IMG_20230908_175039-scaled-1536x864.jpg 1536w, https:\/\/heimatverein-nieder-roden.de\/wp-content\/uploads\/2023\/09\/2023-09-08_17-50-39_NRKerb2023_FMA_IMG_20230908_175039-scaled-2048x1152.jpg 2048w, https:\/\/heimatverein-nieder-roden.de\/wp-content\/uploads\/2023\/09\/2023-09-08_17-50-39_NRKerb2023_FMA_IMG_20230908_175039-scaled-836x470.jpg 836w, https:\/\/heimatverein-nieder-roden.de\/wp-content\/uploads\/2023\/09\/2023-09-08_17-50-39_NRKerb2023_FMA_IMG_20230908_175039-scaled-560x315.jpg 560w\" sizes=\"(max-width: 1024px) 100vw, 1024px\" \/><\/a><\/figure>\n\n\n\n<figure class=\"wp-block-image size-large\"><a href=\"https:\/\/heimatverein-nieder-roden.de\/wp-content\/uploads\/2023\/09\/2023-09-08_17-51-59_NRKerb2023_FMA_IMG_20230908_175159-scaled.jpg\"><img decoding=\"async\" width=\"1024\" height=\"576\" data-id=\"6035\" src=\"https:\/\/heimatverein-nieder-roden.de\/wp-content\/uploads\/2023\/09\/2023-09-08_17-51-59_NRKerb2023_FMA_IMG_20230908_175159-scaled-1024x576.jpg\" alt=\"\" class=\"wp-image-6035\" srcset=\"https:\/\/heimatverein-nieder-roden.de\/wp-content\/uploads\/2023\/09\/2023-09-08_17-51-59_NRKerb2023_FMA_IMG_20230908_175159-scaled-1024x576.jpg 1024w, https:\/\/heimatverein-nieder-roden.de\/wp-content\/uploads\/2023\/09\/2023-09-08_17-51-59_NRKerb2023_FMA_IMG_20230908_175159-scaled-300x169.jpg 300w, https:\/\/heimatverein-nieder-roden.de\/wp-content\/uploads\/2023\/09\/2023-09-08_17-51-59_NRKerb2023_FMA_IMG_20230908_175159-scaled-768x432.jpg 768w, https:\/\/heimatverein-nieder-roden.de\/wp-content\/uploads\/2023\/09\/2023-09-08_17-51-59_NRKerb2023_FMA_IMG_20230908_175159-scaled-1536x864.jpg 1536w, https:\/\/heimatverein-nieder-roden.de\/wp-content\/uploads\/2023\/09\/2023-09-08_17-51-59_NRKerb2023_FMA_IMG_20230908_175159-scaled-2048x1152.jpg 2048w, https:\/\/heimatverein-nieder-roden.de\/wp-content\/uploads\/2023\/09\/2023-09-08_17-51-59_NRKerb2023_FMA_IMG_20230908_175159-scaled-836x470.jpg 836w, https:\/\/heimatverein-nieder-roden.de\/wp-content\/uploads\/2023\/09\/2023-09-08_17-51-59_NRKerb2023_FMA_IMG_20230908_175159-scaled-560x315.jpg 560w\" sizes=\"(max-width: 1024px) 100vw, 1024px\" \/><\/a><\/figure>\n\n\n\n<figure class=\"wp-block-image size-large\"><a href=\"https:\/\/heimatverein-nieder-roden.de\/wp-content\/uploads\/2023\/09\/2023-09-08_17-52-56_NRKerb2023_FMA_IMG_20230908_175256-scaled.jpg\"><img decoding=\"async\" width=\"1024\" height=\"576\" data-id=\"6036\" src=\"https:\/\/heimatverein-nieder-roden.de\/wp-content\/uploads\/2023\/09\/2023-09-08_17-52-56_NRKerb2023_FMA_IMG_20230908_175256-scaled-1024x576.jpg\" alt=\"\" class=\"wp-image-6036\" srcset=\"https:\/\/heimatverein-nieder-roden.de\/wp-content\/uploads\/2023\/09\/2023-09-08_17-52-56_NRKerb2023_FMA_IMG_20230908_175256-scaled-1024x576.jpg 1024w, https:\/\/heimatverein-nieder-roden.de\/wp-content\/uploads\/2023\/09\/2023-09-08_17-52-56_NRKerb2023_FMA_IMG_20230908_175256-scaled-300x169.jpg 300w, https:\/\/heimatverein-nieder-roden.de\/wp-content\/uploads\/2023\/09\/2023-09-08_17-52-56_NRKerb2023_FMA_IMG_20230908_175256-scaled-768x432.jpg 768w, https:\/\/heimatverein-nieder-roden.de\/wp-content\/uploads\/2023\/09\/2023-09-08_17-52-56_NRKerb2023_FMA_IMG_20230908_175256-scaled-1536x864.jpg 1536w, https:\/\/heimatverein-nieder-roden.de\/wp-content\/uploads\/2023\/09\/2023-09-08_17-52-56_NRKerb2023_FMA_IMG_20230908_175256-scaled-2048x1152.jpg 2048w, https:\/\/heimatverein-nieder-roden.de\/wp-content\/uploads\/2023\/09\/2023-09-08_17-52-56_NRKerb2023_FMA_IMG_20230908_175256-scaled-836x470.jpg 836w, https:\/\/heimatverein-nieder-roden.de\/wp-content\/uploads\/2023\/09\/2023-09-08_17-52-56_NRKerb2023_FMA_IMG_20230908_175256-scaled-560x315.jpg 560w\" sizes=\"(max-width: 1024px) 100vw, 1024px\" \/><\/a><\/figure>\n<figcaption class=\"blocks-gallery-caption wp-element-caption\">Das Kerbbaumstellen im Jahr 2023. <br>\u00a9AKHNR\/FMA<\/figcaption><\/figure>\n\n\n\n<hr class=\"wp-block-separator has-alpha-channel-opacity\"\/>\n\n\nBeitrag 0 mal aufgerufen in den letzten 365 Tagen.\n","protected":false},"excerpt":{"rendered":"<p>Ein Beitrag zur Nirrer\u00e4irer Kerb 2024<\/p>\n<p>Kaum ist der Umzug vorbei, m\u00fcssen die Kerbborsche und Kerbm\u00e4dsche ihr k\u00f6rperliche Leistungsf\u00e4higkeit unter Beweis stellen. Der Kerbbaum, den sie in den Tage zuvor aus dem Wald geholt haben,&#8230;<\/p><p><a class=\"more-link btn\" href=\"https:\/\/heimatverein-nieder-roden.de\/?p=7217\">Weiterlesen<\/a><\/p>\n","protected":false},"author":1,"featured_media":6034,"comment_status":"closed","ping_status":"closed","sticky":false,"template":"","format":"standard","meta":{"_coblocks_attr":"","_coblocks_dimensions":"","_coblocks_responsive_height":"","_coblocks_accordion_ie_support":"","footnotes":"","_share_on_mastodon":"0"},"categories":[6,510,97],"tags":[176,509,373,377,368,367,376,375],"class_list":["post-7217","post","type-post","status-publish","format-standard","has-post-thumbnail","hentry","category-aktuell","category-kerb-2024","category-slider","tag-kerb","tag-kerb-2024","tag-kerbbaumstellen","tag-kerbborsche-und-kerbmaedsche","tag-nieder-roeder-kerb","tag-nirreraeirer-kerb","tag-pfarrheim-nieder-roden","tag-pfarrzentrum-nieder-roden","nodate"],"share_on_mastodon":{"url":"","error":""},"publishpress_future_action":{"enabled":false,"date":"2026-05-07 01:12:42","action":"category-remove","newStatus":"draft","terms":[],"taxonomy":"category","extraData":[]},"publishpress_future_workflow_manual_trigger":{"enabledWorkflows":[]},"_links":{"self":[{"href":"https:\/\/heimatverein-nieder-roden.de\/index.php?rest_route=\/wp\/v2\/posts\/7217","targetHints":{"allow":["GET"]}}],"collection":[{"href":"https:\/\/heimatverein-nieder-roden.de\/index.php?rest_route=\/wp\/v2\/posts"}],"about":[{"href":"https:\/\/heimatverein-nieder-roden.de\/index.php?rest_route=\/wp\/v2\/types\/post"}],"author":[{"embeddable":true,"href":"https:\/\/heimatverein-nieder-roden.de\/index.php?rest_route=\/wp\/v2\/users\/1"}],"replies":[{"embeddable":true,"href":"https:\/\/heimatverein-nieder-roden.de\/index.php?rest_route=%2Fwp%2Fv2%2Fcomments&post=7217"}],"version-history":[{"count":5,"href":"https:\/\/heimatverein-nieder-roden.de\/index.php?rest_route=\/wp\/v2\/posts\/7217\/revisions"}],"predecessor-version":[{"id":7328,"href":"https:\/\/heimatverein-nieder-roden.de\/index.php?rest_route=\/wp\/v2\/posts\/7217\/revisions\/7328"}],"wp:featuredmedia":[{"embeddable":true,"href":"https:\/\/heimatverein-nieder-roden.de\/index.php?rest_route=\/wp\/v2\/media\/6034"}],"wp:attachment":[{"href":"https:\/\/heimatverein-nieder-roden.de\/index.php?rest_route=%2Fwp%2Fv2%2Fmedia&parent=7217"}],"wp:term":[{"taxonomy":"category","embeddable":true,"href":"https:\/\/heimatverein-nieder-roden.de\/index.php?rest_route=%2Fwp%2Fv2%2Fcategories&post=7217"},{"taxonomy":"post_tag","embeddable":true,"href":"https:\/\/heimatverein-nieder-roden.de\/index.php?rest_route=%2Fwp%2Fv2%2Ftags&post=7217"}],"curies":[{"name":"wp","href":"https:\/\/api.w.org\/{rel}","templated":true}]}}