{"id":7168,"date":"2024-08-09T20:01:29","date_gmt":"2024-08-09T18:01:29","guid":{"rendered":"https:\/\/heimatverein-nieder-roden.de\/?p=7168"},"modified":"2024-08-09T20:03:36","modified_gmt":"2024-08-09T18:03:36","slug":"terra-musicale-zu-gast-mit-musik-aus-oesterreich","status":"publish","type":"post","link":"https:\/\/heimatverein-nieder-roden.de\/?p=7168","title":{"rendered":"Terra Musicale zu Gast mit Musik aus \u00d6sterreich"},"content":{"rendered":"\n<blockquote class=\"wp-block-quote is-layout-flow wp-block-quote-is-layout-flow\"><\/blockquote>\n\n\n\n<p>Eine musikalische Reise nach \u00d6sterreich bringt das Rodgauer Ensemble Terra Musicale e.V. am <strong>Samstag, 31.08.2024 um 19 Uhr<\/strong> im kleinen Saal des B\u00fcrgerhaus Nieder-Roden (R\u00f6merstr. 13) auf die B\u00fchne. <\/p>\n\n\n\n<figure class=\"wp-block-image size-large\"><img decoding=\"async\" width=\"724\" height=\"1024\" src=\"https:\/\/heimatverein-nieder-roden.de\/wp-content\/uploads\/2024\/08\/Plakat-Terra-Musicale-Nieder-Roden-310824-724x1024.jpg\" alt=\"\" class=\"wp-image-7169\" srcset=\"https:\/\/heimatverein-nieder-roden.de\/wp-content\/uploads\/2024\/08\/Plakat-Terra-Musicale-Nieder-Roden-310824-724x1024.jpg 724w, https:\/\/heimatverein-nieder-roden.de\/wp-content\/uploads\/2024\/08\/Plakat-Terra-Musicale-Nieder-Roden-310824-212x300.jpg 212w, https:\/\/heimatverein-nieder-roden.de\/wp-content\/uploads\/2024\/08\/Plakat-Terra-Musicale-Nieder-Roden-310824-768x1087.jpg 768w, https:\/\/heimatverein-nieder-roden.de\/wp-content\/uploads\/2024\/08\/Plakat-Terra-Musicale-Nieder-Roden-310824-836x1183.jpg 836w, https:\/\/heimatverein-nieder-roden.de\/wp-content\/uploads\/2024\/08\/Plakat-Terra-Musicale-Nieder-Roden-310824-560x792.jpg 560w, https:\/\/heimatverein-nieder-roden.de\/wp-content\/uploads\/2024\/08\/Plakat-Terra-Musicale-Nieder-Roden-310824.jpg 841w\" sizes=\"(max-width: 724px) 100vw, 724px\" \/><figcaption class=\"wp-element-caption\">Plakat zum Auftritt von Terra Musicals im B\u00fcrgerhaus Nieder-Roden.<\/figcaption><\/figure>\n\n\n\n<p>Die Musiker aus dem Rodgau, dem Raum Darmstadt-Dieburg und dem Rheinland pr\u00e4sentieren Klassik, Folklore, Schlager, Tanzmusik und Alpenpop aus dem Land der Gipfelst\u00fcrmer und Kaffeehauskultur. Die Hauptinstrumente des Ensembles sind Gitarren, Mandolinen, Mandola, Geige, Fl\u00f6te, Percussion und Gesang. Abgerundet wird das Programm mit Wissenswertem zu Land und Leuten und heiteren Anekdoten. F\u00fcr Getr\u00e4nke und kleine Snacks ist gesorgt.<br><br>Begeben Sie sich mit Terra Musicale auf eine musikalische Wanderung durch die Berge und T\u00e4ler \u00d6sterreichs bis hin ins Wiener Kaffeehaus.<\/p>\n\n\n\n<p>Karten gibt es im Vorverkauf bei <\/p>\n\n\n\n<ul class=\"wp-block-list\">\n<li>GartenStadt B\u00fccher (K\u00f6lner Str. 1, Nieder-Roden) f\u00fcr 12 Euro (Abendkasse 15 Euro) oder <\/li>\n<\/ul>\n\n\n\n<ul class=\"wp-block-list\">\n<li>reservieren Sie per Email: <a href=\"mailto:vorsitzender@terramusicale.de\">vorsitzender@terramusicale.de<\/a><\/li>\n<\/ul>\n\n\n\n<p>Das Konzert beginnt um 19 Uhr, Einlass ab 18:30 Uhr bei freier Platzwahl.<\/p>\n\n\n\n<p>Weitere Infos auch unter: <a href=\"http:\/\/www.terramusicale.de\">www.terramusicale.de<\/a><\/p>\n\n\n\n<blockquote class=\"wp-block-quote is-layout-flow wp-block-quote-is-layout-flow\">\n<p><\/p>\n<\/blockquote>\n","protected":false},"excerpt":{"rendered":"<p>Eine musikalische Reise nach \u00d6sterreich bringt das Rodgauer Ensemble Terra Musicale e.V. am Samstag, 31.08.2024 um 19 Uhr im kleinen Saal des B\u00fcrgerhaus Nieder-Roden (R\u00f6merstr. 13) auf die B\u00fchne. Die Musiker aus dem Rodgau, dem Raum Darmstadt-Dieburg und dem Rheinland pr\u00e4sentieren Klassik, Folklore, Schlager, Tanzmusik und Alpenpop aus dem Land der Gipfelst\u00fcrmer und Kaffeehauskultur. Die &hellip; <\/p>\n<p><a class=\"more-link btn\" href=\"https:\/\/heimatverein-nieder-roden.de\/?p=7168\">Weiterlesen<\/a><\/p>\n","protected":false},"author":1,"featured_media":7169,"comment_status":"closed","ping_status":"closed","sticky":false,"template":"","format":"standard","meta":{"_coblocks_attr":"","_coblocks_dimensions":"","_coblocks_responsive_height":"","_coblocks_accordion_ie_support":"","footnotes":"","_share_on_mastodon":"0"},"categories":[6,97,505],"tags":[329,506],"class_list":["post-7168","post","type-post","status-publish","format-standard","has-post-thumbnail","hentry","category-aktuell","category-slider","category-terra-musicale","tag-buergerhaus-nieder-roden","tag-terra-musicale","nodate"],"share_on_mastodon":{"url":"","error":""},"publishpress_future_action":{"enabled":false,"date":"2026-05-08 17:48:07","action":"category-remove","newStatus":"draft","terms":[],"taxonomy":"category","extraData":[]},"publishpress_future_workflow_manual_trigger":{"enabledWorkflows":[]},"_links":{"self":[{"href":"https:\/\/heimatverein-nieder-roden.de\/index.php?rest_route=\/wp\/v2\/posts\/7168","targetHints":{"allow":["GET"]}}],"collection":[{"href":"https:\/\/heimatverein-nieder-roden.de\/index.php?rest_route=\/wp\/v2\/posts"}],"about":[{"href":"https:\/\/heimatverein-nieder-roden.de\/index.php?rest_route=\/wp\/v2\/types\/post"}],"author":[{"embeddable":true,"href":"https:\/\/heimatverein-nieder-roden.de\/index.php?rest_route=\/wp\/v2\/users\/1"}],"replies":[{"embeddable":true,"href":"https:\/\/heimatverein-nieder-roden.de\/index.php?rest_route=%2Fwp%2Fv2%2Fcomments&post=7168"}],"version-history":[{"count":2,"href":"https:\/\/heimatverein-nieder-roden.de\/index.php?rest_route=\/wp\/v2\/posts\/7168\/revisions"}],"predecessor-version":[{"id":7172,"href":"https:\/\/heimatverein-nieder-roden.de\/index.php?rest_route=\/wp\/v2\/posts\/7168\/revisions\/7172"}],"wp:featuredmedia":[{"embeddable":true,"href":"https:\/\/heimatverein-nieder-roden.de\/index.php?rest_route=\/wp\/v2\/media\/7169"}],"wp:attachment":[{"href":"https:\/\/heimatverein-nieder-roden.de\/index.php?rest_route=%2Fwp%2Fv2%2Fmedia&parent=7168"}],"wp:term":[{"taxonomy":"category","embeddable":true,"href":"https:\/\/heimatverein-nieder-roden.de\/index.php?rest_route=%2Fwp%2Fv2%2Fcategories&post=7168"},{"taxonomy":"post_tag","embeddable":true,"href":"https:\/\/heimatverein-nieder-roden.de\/index.php?rest_route=%2Fwp%2Fv2%2Ftags&post=7168"}],"curies":[{"name":"wp","href":"https:\/\/api.w.org\/{rel}","templated":true}]}}