{"id":7157,"date":"2024-08-04T23:00:08","date_gmt":"2024-08-04T21:00:08","guid":{"rendered":"https:\/\/heimatverein-nieder-roden.de\/?p=7157"},"modified":"2024-08-04T23:00:57","modified_gmt":"2024-08-04T21:00:57","slug":"werzborre-aktion-2024-in-nieder-roden","status":"publish","type":"post","link":"https:\/\/heimatverein-nieder-roden.de\/?p=7157","title":{"rendered":"Werzborre-Aktion 2024 in Nieder-Roden"},"content":{"rendered":"\n<p>Kennen Sie die Nieder-R\u00f6der Werzborre? <\/p>\n\n\n\n<p>Nein? <\/p>\n\n\n\n<p>Der Heimatverein Nieder-Roden bietet diese sommerlichen Kr\u00e4uter- und Blumenstr\u00e4u\u00dfe auch dieses Jahr wieder auf dem Markt an.<\/p>\n\n\n\n<figure class=\"wp-block-image size-large\"><img decoding=\"async\" width=\"1024\" height=\"576\" src=\"https:\/\/heimatverein-nieder-roden.de\/wp-content\/uploads\/2024\/08\/2021-08-13_08-57-16_AKHNR_Werzborre-2021_EGE_IMG_4968-1024x576.jpg\" alt=\"\" class=\"wp-image-7158\" srcset=\"https:\/\/heimatverein-nieder-roden.de\/wp-content\/uploads\/2024\/08\/2021-08-13_08-57-16_AKHNR_Werzborre-2021_EGE_IMG_4968-1024x576.jpg 1024w, https:\/\/heimatverein-nieder-roden.de\/wp-content\/uploads\/2024\/08\/2021-08-13_08-57-16_AKHNR_Werzborre-2021_EGE_IMG_4968-300x169.jpg 300w, https:\/\/heimatverein-nieder-roden.de\/wp-content\/uploads\/2024\/08\/2021-08-13_08-57-16_AKHNR_Werzborre-2021_EGE_IMG_4968-768x432.jpg 768w, https:\/\/heimatverein-nieder-roden.de\/wp-content\/uploads\/2024\/08\/2021-08-13_08-57-16_AKHNR_Werzborre-2021_EGE_IMG_4968-1536x865.jpg 1536w, https:\/\/heimatverein-nieder-roden.de\/wp-content\/uploads\/2024\/08\/2021-08-13_08-57-16_AKHNR_Werzborre-2021_EGE_IMG_4968-2048x1153.jpg 2048w, https:\/\/heimatverein-nieder-roden.de\/wp-content\/uploads\/2024\/08\/2021-08-13_08-57-16_AKHNR_Werzborre-2021_EGE_IMG_4968-836x471.jpg 836w, https:\/\/heimatverein-nieder-roden.de\/wp-content\/uploads\/2024\/08\/2021-08-13_08-57-16_AKHNR_Werzborre-2021_EGE_IMG_4968-560x315.jpg 560w\" sizes=\"(max-width: 1024px) 100vw, 1024px\" \/><figcaption class=\"wp-element-caption\">Die Werzborre-Kr\u00e4uter bei der Aktion 2021 auf dem Puiseauxplatz.\n\u00a9AKHNR\/EGE<\/figcaption><\/figure>\n\n\n\n<p>Am Freitag den 9.8. ab ca. 10 Uhr k\u00f6nnen Interessierte auf dem Puiseauxplatz gegen Spende eine solche &#8222;Werzborre&#8220; erhalten.&nbsp;<\/p>\n\n\n\n<figure class=\"wp-block-pullquote\"><blockquote><p>Wann?<br>Freitag, 9. August<br>ab 10:00 Uhr<br><br>Wo?<br>Wochenmarkt Nieder-Roden<br>Puiseauxplatz<\/p><\/blockquote><\/figure>\n\n\n\n<p>Die Mitglieder des Vereins wissen auch allerhand zu erz\u00e4hlen \u00fcber die genau 12 lokal gesammelten Pflanzen pro Strau\u00df. Das Wissen \u00fcber die Verwendung dieser alten Heilpflanzen wurden \u00fcber Jahrhunderte von Generation zu Generation m\u00fcndlich weiter gegeben. Zuletzt nutzten die Nieder-R\u00f6der die Str\u00e4u\u00dfe vorwiegend f\u00fcr ihre Nutztiere, denen sie sie in getrocknetem Zustand bei verschiedenen gesundheitlichen Problemen unters Futter mischten. Man konnte die Kuh ja nicht fragen, was ihr fehlte, und ein Tierarzt war im kleinen Nieder-Roden oft nicht bei der Hand.<\/p>\n\n\n\n<p>Die Str\u00e4u\u00dfe werden traditionell an Maria Himmelfahrt, dem 15.8. geweiht. <\/p>\n\n\n\n<p>Dieses Jahr finden die entsprechenden Gottesdienste mit Weihe <\/p>\n\n\n\n<ul class=\"wp-block-list\">\n<li>um 9:00 Uhr in Heilig-Kreuz (Rollwald) und <\/li>\n\n\n\n<li>um 19 Uhr in St. Nikolaus (J\u00fcgesheim) <\/li>\n<\/ul>\n\n\n\n<p>statt.\u00a0<\/p>\n\n\n\n<p>Die alteingesessenen Nieder-R\u00f6der h\u00e4ngen dann die getrockneten Str\u00e4u\u00dfe unter den Giebel der Scheune oder des Wohnhauses. Dieser Brauch ist in Deutschland in katholischen Gegenden noch weit verbreitet, mit lokalen Unterschieden, was Zahl und Art der verwendeten Pflanzen angeht.&nbsp;<\/p>\n\n\n\n<p>Wer sich an der Suche oder beim Binden beteiligen m\u00f6chte, unter \u201eVeranstaltungen\u201c und \u201eLokales\u201c weitere Informationen:<\/p>\n\n\n\n<div class=\"wp-block-columns is-layout-flex wp-container-core-columns-is-layout-9d6595d7 wp-block-columns-is-layout-flex\">\n<div class=\"wp-block-column is-layout-flow wp-block-column-is-layout-flow\">\n<div class=\"wp-block-buttons is-content-justification-center is-layout-flex wp-container-core-buttons-is-layout-16018d1d wp-block-buttons-is-layout-flex\">\n<div class=\"wp-block-button\"><a class=\"wp-block-button__link has-background wp-element-button\" href=\"https:\/\/heimatverein-nieder-roden.de\/?page_id=2448\" style=\"background-color:#932418\">Werzborre unter &#8222;Veranstaltungen&#8220;<\/a><\/div>\n<\/div>\n<\/div>\n\n\n\n<div class=\"wp-block-column is-layout-flow wp-block-column-is-layout-flow\">\n<div class=\"wp-block-buttons is-content-justification-center is-layout-flex wp-container-core-buttons-is-layout-16018d1d wp-block-buttons-is-layout-flex\">\n<div class=\"wp-block-button\"><a class=\"wp-block-button__link has-background wp-element-button\" href=\"https:\/\/heimatverein-nieder-roden.de\/?page_id=388\" style=\"background-color:#932418\">Werzborre unter &#8222;Lokales&#8220;<\/a><\/div>\n<\/div>\n<\/div>\n<\/div>\n","protected":false},"excerpt":{"rendered":"<p>Kennen Sie die Nieder-R\u00f6der Werzborre? <\/p>\n<p>Nein? <\/p>\n<p>Der Heimatverein Nieder-Roden bietet diese sommerlichen Kr\u00e4uter- und Blumenstr\u00e4u\u00dfe auch dieses Jahr wieder auf dem Markt an.<\/p><p><a class=\"more-link btn\" href=\"https:\/\/heimatverein-nieder-roden.de\/?p=7157\">Weiterlesen<\/a><\/p>\n","protected":false},"author":1,"featured_media":7158,"comment_status":"closed","ping_status":"closed","sticky":false,"template":"","format":"standard","meta":{"_coblocks_attr":"","_coblocks_dimensions":"","_coblocks_responsive_height":"","_coblocks_accordion_ie_support":"","footnotes":"","_share_on_mastodon":"0"},"categories":[6,97,94,169],"tags":[34,35,75,74,95],"class_list":["post-7157","post","type-post","status-publish","format-standard","has-post-thumbnail","hentry","category-aktuell","category-slider","category-werzborre-veranstaltungen","category-werzborre-veranstaltung","tag-akhnr","tag-arbeitskreis-fuer-heimatkunde-nieder-roden-e-v","tag-puiseauxplatz","tag-werzborre","tag-wochenmarkt","nodate"],"share_on_mastodon":{"url":"","error":""},"publishpress_future_action":{"enabled":false,"date":"2026-05-08 19:12:35","action":"category-remove","newStatus":"draft","terms":[],"taxonomy":"category","extraData":[]},"publishpress_future_workflow_manual_trigger":{"enabledWorkflows":[]},"_links":{"self":[{"href":"https:\/\/heimatverein-nieder-roden.de\/index.php?rest_route=\/wp\/v2\/posts\/7157","targetHints":{"allow":["GET"]}}],"collection":[{"href":"https:\/\/heimatverein-nieder-roden.de\/index.php?rest_route=\/wp\/v2\/posts"}],"about":[{"href":"https:\/\/heimatverein-nieder-roden.de\/index.php?rest_route=\/wp\/v2\/types\/post"}],"author":[{"embeddable":true,"href":"https:\/\/heimatverein-nieder-roden.de\/index.php?rest_route=\/wp\/v2\/users\/1"}],"replies":[{"embeddable":true,"href":"https:\/\/heimatverein-nieder-roden.de\/index.php?rest_route=%2Fwp%2Fv2%2Fcomments&post=7157"}],"version-history":[{"count":1,"href":"https:\/\/heimatverein-nieder-roden.de\/index.php?rest_route=\/wp\/v2\/posts\/7157\/revisions"}],"predecessor-version":[{"id":7159,"href":"https:\/\/heimatverein-nieder-roden.de\/index.php?rest_route=\/wp\/v2\/posts\/7157\/revisions\/7159"}],"wp:featuredmedia":[{"embeddable":true,"href":"https:\/\/heimatverein-nieder-roden.de\/index.php?rest_route=\/wp\/v2\/media\/7158"}],"wp:attachment":[{"href":"https:\/\/heimatverein-nieder-roden.de\/index.php?rest_route=%2Fwp%2Fv2%2Fmedia&parent=7157"}],"wp:term":[{"taxonomy":"category","embeddable":true,"href":"https:\/\/heimatverein-nieder-roden.de\/index.php?rest_route=%2Fwp%2Fv2%2Fcategories&post=7157"},{"taxonomy":"post_tag","embeddable":true,"href":"https:\/\/heimatverein-nieder-roden.de\/index.php?rest_route=%2Fwp%2Fv2%2Ftags&post=7157"}],"curies":[{"name":"wp","href":"https:\/\/api.w.org\/{rel}","templated":true}]}}