{"id":7100,"date":"2024-07-22T22:34:38","date_gmt":"2024-07-22T20:34:38","guid":{"rendered":"https:\/\/heimatverein-nieder-roden.de\/?p=7100"},"modified":"2024-07-23T08:37:44","modified_gmt":"2024-07-23T06:37:44","slug":"vorbereitungen-fuers-kerbblaettsche-laufen-wir-sammeln-fotos-und-videos-von-2023","status":"publish","type":"post","link":"https:\/\/heimatverein-nieder-roden.de\/?p=7100","title":{"rendered":"Vorbereitungen f\u00fcrs Kerbbl\u00e4ttsche laufen &#8211; wir sammeln Fotos und Videos von 2023"},"content":{"rendered":"\n<p>F\u00fcr alle Freunde der Nirrer\u00e4irer Kerb gibt es wieder gute Neuigkeiten:<\/p>\n\n\n\n<p>Das Kerbbl\u00e4ttsche wird in diesem Jahr wieder vorbereitet.<br>Der Kerbverein, der Arbeitskreis f\u00fcr Heimatkunde Nieder-Roden und Rodgau Erleben engagieren sich, um wieder ein interessantes und informatives Bl\u00e4ttchen zusammenzustellen, mit dem sich ein jeder \u00fcber alles Wichtige informieren kann.<\/p>\n\n\n<div class=\"wp-block-image\">\n<figure class=\"aligncenter size-large is-resized\"><img decoding=\"async\" width=\"1024\" height=\"576\" src=\"https:\/\/heimatverein-nieder-roden.de\/wp-content\/uploads\/2023\/08\/2023-08-27_AKHNR_NR-Kerbblaettsche_Symbolbild_Website-1024x576.jpg\" alt=\"\" class=\"wp-image-5717\" style=\"width:341px;height:auto\" srcset=\"https:\/\/heimatverein-nieder-roden.de\/wp-content\/uploads\/2023\/08\/2023-08-27_AKHNR_NR-Kerbblaettsche_Symbolbild_Website-1024x576.jpg 1024w, https:\/\/heimatverein-nieder-roden.de\/wp-content\/uploads\/2023\/08\/2023-08-27_AKHNR_NR-Kerbblaettsche_Symbolbild_Website-300x169.jpg 300w, https:\/\/heimatverein-nieder-roden.de\/wp-content\/uploads\/2023\/08\/2023-08-27_AKHNR_NR-Kerbblaettsche_Symbolbild_Website-768x432.jpg 768w, https:\/\/heimatverein-nieder-roden.de\/wp-content\/uploads\/2023\/08\/2023-08-27_AKHNR_NR-Kerbblaettsche_Symbolbild_Website-836x470.jpg 836w, https:\/\/heimatverein-nieder-roden.de\/wp-content\/uploads\/2023\/08\/2023-08-27_AKHNR_NR-Kerbblaettsche_Symbolbild_Website-560x315.jpg 560w, https:\/\/heimatverein-nieder-roden.de\/wp-content\/uploads\/2023\/08\/2023-08-27_AKHNR_NR-Kerbblaettsche_Symbolbild_Website.jpg 1280w\" sizes=\"(max-width: 1024px) 100vw, 1024px\" \/><figcaption class=\"wp-element-caption\">Nirrer\u00e4irer Kerbl\u00e4ttsche 2023 &#8211; Symbolbild \u00a9AKHNR<\/figcaption><\/figure>\n<\/div>\n\n\n<div class=\"wp-block-columns is-layout-flex wp-container-core-columns-is-layout-9d6595d7 wp-block-columns-is-layout-flex\">\n<div class=\"wp-block-column is-vertically-aligned-center is-layout-flow wp-block-column-is-layout-flow\"><div class=\"wp-block-image\">\n<figure class=\"aligncenter size-full\"><img decoding=\"async\" width=\"387\" height=\"357\" src=\"https:\/\/heimatverein-nieder-roden.de\/wp-content\/uploads\/2023\/08\/Kerbverein-Nieder-Roden_Logo.jpg\" alt=\"\" class=\"wp-image-5637\" srcset=\"https:\/\/heimatverein-nieder-roden.de\/wp-content\/uploads\/2023\/08\/Kerbverein-Nieder-Roden_Logo.jpg 387w, https:\/\/heimatverein-nieder-roden.de\/wp-content\/uploads\/2023\/08\/Kerbverein-Nieder-Roden_Logo-300x277.jpg 300w\" sizes=\"(max-width: 387px) 100vw, 387px\" \/><\/figure>\n<\/div><\/div>\n\n\n\n<div class=\"wp-block-column is-vertically-aligned-center is-layout-flow wp-block-column-is-layout-flow\"><div class=\"wp-block-image\">\n<figure class=\"aligncenter size-large is-resized\"><img decoding=\"async\" width=\"1024\" height=\"475\" src=\"https:\/\/heimatverein-nieder-roden.de\/wp-content\/uploads\/2020\/07\/AKHNR_Logo-2018_Logo-Farbig_Web-1024x475.png\" alt=\"Logo des Arbeitskreises f\u00fcr Heimatkunde Nieder-Roden e. V. (AKHNR)\" class=\"wp-image-2346\" style=\"width:229px;height:auto\" srcset=\"https:\/\/heimatverein-nieder-roden.de\/wp-content\/uploads\/2020\/07\/AKHNR_Logo-2018_Logo-Farbig_Web-1024x475.png 1024w, https:\/\/heimatverein-nieder-roden.de\/wp-content\/uploads\/2020\/07\/AKHNR_Logo-2018_Logo-Farbig_Web-300x139.png 300w, https:\/\/heimatverein-nieder-roden.de\/wp-content\/uploads\/2020\/07\/AKHNR_Logo-2018_Logo-Farbig_Web-768x356.png 768w, https:\/\/heimatverein-nieder-roden.de\/wp-content\/uploads\/2020\/07\/AKHNR_Logo-2018_Logo-Farbig_Web-1536x713.png 1536w, https:\/\/heimatverein-nieder-roden.de\/wp-content\/uploads\/2020\/07\/AKHNR_Logo-2018_Logo-Farbig_Web-2048x951.png 2048w, https:\/\/heimatverein-nieder-roden.de\/wp-content\/uploads\/2020\/07\/AKHNR_Logo-2018_Logo-Farbig_Web-560x260.png 560w\" sizes=\"(max-width: 1024px) 100vw, 1024px\" \/><\/figure>\n<\/div><\/div>\n\n\n\n<div class=\"wp-block-column is-vertically-aligned-center is-layout-flow wp-block-column-is-layout-flow\"><div class=\"wp-block-image\">\n<figure class=\"aligncenter size-full has-lightbox\"><a href=\"https:\/\/www.rodgauerleben.de\/\" target=\"_blank\" rel=\"noreferrer noopener\"><img decoding=\"async\" width=\"442\" height=\"139\" src=\"https:\/\/heimatverein-nieder-roden.de\/wp-content\/uploads\/2023\/08\/Rodgau-Erleben_Logo.jpg\" alt=\"\" class=\"wp-image-5715\" srcset=\"https:\/\/heimatverein-nieder-roden.de\/wp-content\/uploads\/2023\/08\/Rodgau-Erleben_Logo.jpg 442w, https:\/\/heimatverein-nieder-roden.de\/wp-content\/uploads\/2023\/08\/Rodgau-Erleben_Logo-300x94.jpg 300w\" sizes=\"(max-width: 442px) 100vw, 442px\" \/><\/a><figcaption class=\"wp-element-caption\">Logo klicken um mehr zu erfahren!<\/figcaption><\/figure>\n<\/div><\/div>\n<\/div>\n\n\n\n<p>Zur Vorbereitung geh\u00f6rt auch die Sammlung von Fotos und Videos der vergangenen Kerb 2023.<\/p>\n\n\n\n<p>Wart ihr auch auf der Kerb und habt vielleicht noch ein paar Fotos auf dem Handy?<br>Dann unterst\u00fctzt uns bitte und ladet sie unter folgendem Link hoch (einfach auf den QR-Code klicken):<\/p>\n\n\n\n<p class=\"has-text-align-center is-style-warning\">ACHTUNG:<br><br>Bitte ladet nur Fotos hoch, die ihr selbst gemacht habt, oder f\u00fcr die ihr von den Fotografen die Erlaubnis habt.<br><br>Wir m\u00f6chten diese Aufnahmen auch f\u00fcr das Kerbbl\u00e4ttsche 2024 (die Kerbzeitung) nutzen, die sowohl gedruckt wird, als auch digital im Internet angeboten wird. <br>Wenn ihr das nicht m\u00f6chtet, schreibt uns einfach eine E-Mail an: <br><br>info@heimatverein-nieder-roden.de <br><br>Die Fotos werden sonst nur im Rahmen der Arbeit des AKHNR, f\u00fcr Archiv- und Forschungszwecke und f\u00fcr Ausstellungen, im Museum und im Rahmen der \u00d6ffentlichkeitsarbeit genutzt &#8211; z. B. auf unserer Internetseite.<\/p>\n\n\n\n<figure class=\"wp-block-image size-large has-lightbox\"><a href=\"https:\/\/cloud.akhnr.de\/index.php\/s\/S2Hd2rzfcKGS8QE\" target=\"_blank\" rel=\"noreferrer noopener\"><img decoding=\"async\" width=\"1024\" height=\"1024\" src=\"https:\/\/heimatverein-nieder-roden.de\/wp-content\/uploads\/2024\/07\/2024-07-22_AKHNR_NR-Kerb-2024_Mediensammlung-Kerb2023_QR-Code_1080px-1024x1024.jpg\" alt=\"\" class=\"wp-image-7088\" srcset=\"https:\/\/heimatverein-nieder-roden.de\/wp-content\/uploads\/2024\/07\/2024-07-22_AKHNR_NR-Kerb-2024_Mediensammlung-Kerb2023_QR-Code_1080px-1024x1024.jpg 1024w, https:\/\/heimatverein-nieder-roden.de\/wp-content\/uploads\/2024\/07\/2024-07-22_AKHNR_NR-Kerb-2024_Mediensammlung-Kerb2023_QR-Code_1080px-300x300.jpg 300w, https:\/\/heimatverein-nieder-roden.de\/wp-content\/uploads\/2024\/07\/2024-07-22_AKHNR_NR-Kerb-2024_Mediensammlung-Kerb2023_QR-Code_1080px-150x150.jpg 150w, https:\/\/heimatverein-nieder-roden.de\/wp-content\/uploads\/2024\/07\/2024-07-22_AKHNR_NR-Kerb-2024_Mediensammlung-Kerb2023_QR-Code_1080px-768x768.jpg 768w, https:\/\/heimatverein-nieder-roden.de\/wp-content\/uploads\/2024\/07\/2024-07-22_AKHNR_NR-Kerb-2024_Mediensammlung-Kerb2023_QR-Code_1080px-836x836.jpg 836w, https:\/\/heimatverein-nieder-roden.de\/wp-content\/uploads\/2024\/07\/2024-07-22_AKHNR_NR-Kerb-2024_Mediensammlung-Kerb2023_QR-Code_1080px-560x560.jpg 560w, https:\/\/heimatverein-nieder-roden.de\/wp-content\/uploads\/2024\/07\/2024-07-22_AKHNR_NR-Kerb-2024_Mediensammlung-Kerb2023_QR-Code_1080px.jpg 1080w\" sizes=\"(max-width: 1024px) 100vw, 1024px\" \/><\/a><\/figure>\n\n\n\n<p><\/p>\n","protected":false},"excerpt":{"rendered":"<p>F\u00fcr alle Freunde der Nirrer\u00e4irer Kerb gibt es wieder gute Neuigkeiten: Das Kerbbl\u00e4ttsche wird in diesem Jahr wieder vorbereitet.Der Kerbverein, der Arbeitskreis f\u00fcr Heimatkunde Nieder-Roden und Rodgau Erleben engagieren sich, um wieder ein interessantes und informatives Bl\u00e4ttchen zusammenzustellen, mit dem sich ein jeder \u00fcber alles Wichtige informieren kann. Zur Vorbereitung geh\u00f6rt auch die Sammlung von &hellip; <\/p>\n<p><a class=\"more-link btn\" href=\"https:\/\/heimatverein-nieder-roden.de\/?p=7100\">Weiterlesen<\/a><\/p>\n","protected":false},"author":1,"featured_media":5717,"comment_status":"closed","ping_status":"closed","sticky":false,"template":"","format":"standard","meta":{"_coblocks_attr":"","_coblocks_dimensions":"","_coblocks_responsive_height":"","_coblocks_accordion_ie_support":"","footnotes":"","_share_on_mastodon":"0"},"categories":[6,372,97],"tags":[34,35,498,176,499,367,400],"class_list":["post-7100","post","type-post","status-publish","format-standard","has-post-thumbnail","hentry","category-aktuell","category-kerb-2023","category-slider","tag-akhnr","tag-arbeitskreis-fuer-heimatkunde-nieder-roden-e-v","tag-digitaler-briefkasten","tag-kerb","tag-kerbverein-nieder-roden","tag-nirreraeirer-kerb","tag-rodgau-erleben","nodate"],"share_on_mastodon":{"url":"","error":""},"publishpress_future_action":{"enabled":false,"date":"2026-05-06 22:48:30","action":"category-remove","newStatus":"draft","terms":[],"taxonomy":"category","extraData":[]},"publishpress_future_workflow_manual_trigger":{"enabledWorkflows":[]},"_links":{"self":[{"href":"https:\/\/heimatverein-nieder-roden.de\/index.php?rest_route=\/wp\/v2\/posts\/7100","targetHints":{"allow":["GET"]}}],"collection":[{"href":"https:\/\/heimatverein-nieder-roden.de\/index.php?rest_route=\/wp\/v2\/posts"}],"about":[{"href":"https:\/\/heimatverein-nieder-roden.de\/index.php?rest_route=\/wp\/v2\/types\/post"}],"author":[{"embeddable":true,"href":"https:\/\/heimatverein-nieder-roden.de\/index.php?rest_route=\/wp\/v2\/users\/1"}],"replies":[{"embeddable":true,"href":"https:\/\/heimatverein-nieder-roden.de\/index.php?rest_route=%2Fwp%2Fv2%2Fcomments&post=7100"}],"version-history":[{"count":5,"href":"https:\/\/heimatverein-nieder-roden.de\/index.php?rest_route=\/wp\/v2\/posts\/7100\/revisions"}],"predecessor-version":[{"id":7108,"href":"https:\/\/heimatverein-nieder-roden.de\/index.php?rest_route=\/wp\/v2\/posts\/7100\/revisions\/7108"}],"wp:featuredmedia":[{"embeddable":true,"href":"https:\/\/heimatverein-nieder-roden.de\/index.php?rest_route=\/wp\/v2\/media\/5717"}],"wp:attachment":[{"href":"https:\/\/heimatverein-nieder-roden.de\/index.php?rest_route=%2Fwp%2Fv2%2Fmedia&parent=7100"}],"wp:term":[{"taxonomy":"category","embeddable":true,"href":"https:\/\/heimatverein-nieder-roden.de\/index.php?rest_route=%2Fwp%2Fv2%2Fcategories&post=7100"},{"taxonomy":"post_tag","embeddable":true,"href":"https:\/\/heimatverein-nieder-roden.de\/index.php?rest_route=%2Fwp%2Fv2%2Ftags&post=7100"}],"curies":[{"name":"wp","href":"https:\/\/api.w.org\/{rel}","templated":true}]}}