{"id":7054,"date":"2024-07-23T17:29:01","date_gmt":"2024-07-23T15:29:01","guid":{"rendered":"https:\/\/heimatverein-nieder-roden.de\/?p=7054"},"modified":"2024-07-30T15:28:35","modified_gmt":"2024-07-30T13:28:35","slug":"wasser-in-rodgau-themen-radfahrt-mit-winno-sahm","status":"publish","type":"post","link":"https:\/\/heimatverein-nieder-roden.de\/?p=7054","title":{"rendered":"Wasser in Rodgau &#8211; Themen-Radfahrt mit Winno Sahm"},"content":{"rendered":"\n<figure class=\"wp-block-image size-large\"><img decoding=\"async\" width=\"1024\" height=\"577\" src=\"https:\/\/heimatverein-nieder-roden.de\/wp-content\/uploads\/2024\/07\/Gruene_Stadtradeln24-P1380365_KremeierWerner-1024x577.jpg\" alt=\"\" class=\"wp-image-7117\" srcset=\"https:\/\/heimatverein-nieder-roden.de\/wp-content\/uploads\/2024\/07\/Gruene_Stadtradeln24-P1380365_KremeierWerner-1024x577.jpg 1024w, https:\/\/heimatverein-nieder-roden.de\/wp-content\/uploads\/2024\/07\/Gruene_Stadtradeln24-P1380365_KremeierWerner-300x169.jpg 300w, https:\/\/heimatverein-nieder-roden.de\/wp-content\/uploads\/2024\/07\/Gruene_Stadtradeln24-P1380365_KremeierWerner-768x433.jpg 768w, https:\/\/heimatverein-nieder-roden.de\/wp-content\/uploads\/2024\/07\/Gruene_Stadtradeln24-P1380365_KremeierWerner-836x471.jpg 836w, https:\/\/heimatverein-nieder-roden.de\/wp-content\/uploads\/2024\/07\/Gruene_Stadtradeln24-P1380365_KremeierWerner-560x315.jpg 560w, https:\/\/heimatverein-nieder-roden.de\/wp-content\/uploads\/2024\/07\/Gruene_Stadtradeln24-P1380365_KremeierWerner.jpg 1200w\" sizes=\"(max-width: 1024px) 100vw, 1024px\" \/><figcaption class=\"wp-element-caption\">Wasser in Rodgau &#8211; Symbolbild<br>\u00a9Die Gr\u00fcnen Rodgau<\/figcaption><\/figure>\n\n\n\n<p>Wasser ist in Stadt und Gemarkung in vielf\u00e4ltiger Weise pr\u00e4sent: Nat\u00fcrlich die Rodau, aber auch Teiche, Brunnen, Badesee, R\u00fcckhaltebecken, \u00dcberschwemmungen. <\/p>\n\n\n\n<p>Die etwa zweist\u00fcndige Radfahrt der Rodgauer Gr\u00fcnen mit Winno Sahm verkn\u00fcpft eine vielf\u00e4ltige Auswahl aquatischer Orte im Rodgauer S\u00fcden. An den Haltepunkten gibt es jeweils kurze Informationen.<\/p>\n\n\n\n<ul class=\"wp-block-list\">\n<li>Die Fahrstrecke betr\u00e4gt etwa 13 Kilometer. <\/li>\n\n\n\n<li>Die Teilnahme ist kostenlos und auf eigene Gefahr. <\/li>\n\n\n\n<li>Empfohlen wird das Tragen eines Helmes.<\/li>\n<\/ul>\n\n\n\n<p>Wann: Donnerstag, 25. Juli 2024, 18:30 Uhr<\/p>\n\n\n\n<p>Wo: Treffpunkt: Bahnhofsvorplatz, Rodgau-Dudenhofen<\/p>\n\n\n\n<p>Weitere Infos: <a href=\"https:\/\/wp.gruene-rodgau.de\/uncategorized\/wasser-in-rodgau\/\">https:\/\/wp.gruene-rodgau.de\/uncategorized\/wasser-in-rodgau\/<\/a><\/p>\n\n\n\n<p class=\"is-style-info\">Beitrag erstellt mit freundlicher Unterst\u00fctzung und Genehmigung der Gr\u00fcnen Rodgau.<br>Vielen Dank!<\/p>\n","protected":false},"excerpt":{"rendered":"<p>25. Juli 2024, 18:30 Uhr. 13 km Strecke.<br \/>\nDie etwa zweist\u00fcndige Radfahrt verkn\u00fcpft eine vielf\u00e4ltige Auswahl aquatischer Orte im Rodgauer S\u00fcden. An den Haltepunkten gibt es jeweils kurze Informationen. <\/p><p><a class=\"more-link btn\" href=\"https:\/\/heimatverein-nieder-roden.de\/?p=7054\">Weiterlesen<\/a><\/p>\n","protected":false},"author":1,"featured_media":7117,"comment_status":"closed","ping_status":"closed","sticky":false,"template":"","format":"standard","meta":{"_coblocks_attr":"","_coblocks_dimensions":"","_coblocks_responsive_height":"","_coblocks_accordion_ie_support":"","footnotes":"","_share_on_mastodon":"0"},"categories":[6,497],"tags":[200,246,264,245,493,494,496,495,299],"class_list":["post-7054","post","type-post","status-publish","format-standard","has-post-thumbnail","hentry","category-aktuell","category-gruene","tag-badesee","tag-die-gruenen","tag-gruene","tag-gruenen","tag-radfahrt","tag-radtour","tag-rodau","tag-themen-radfahrt","tag-winno-sahm","nodate"],"share_on_mastodon":{"url":"","error":""},"publishpress_future_action":{"enabled":false,"date":"2026-05-07 05:36:01","action":"category-remove","newStatus":"draft","terms":[],"taxonomy":"category","extraData":[]},"publishpress_future_workflow_manual_trigger":{"enabledWorkflows":[]},"_links":{"self":[{"href":"https:\/\/heimatverein-nieder-roden.de\/index.php?rest_route=\/wp\/v2\/posts\/7054","targetHints":{"allow":["GET"]}}],"collection":[{"href":"https:\/\/heimatverein-nieder-roden.de\/index.php?rest_route=\/wp\/v2\/posts"}],"about":[{"href":"https:\/\/heimatverein-nieder-roden.de\/index.php?rest_route=\/wp\/v2\/types\/post"}],"author":[{"embeddable":true,"href":"https:\/\/heimatverein-nieder-roden.de\/index.php?rest_route=\/wp\/v2\/users\/1"}],"replies":[{"embeddable":true,"href":"https:\/\/heimatverein-nieder-roden.de\/index.php?rest_route=%2Fwp%2Fv2%2Fcomments&post=7054"}],"version-history":[{"count":4,"href":"https:\/\/heimatverein-nieder-roden.de\/index.php?rest_route=\/wp\/v2\/posts\/7054\/revisions"}],"predecessor-version":[{"id":7121,"href":"https:\/\/heimatverein-nieder-roden.de\/index.php?rest_route=\/wp\/v2\/posts\/7054\/revisions\/7121"}],"wp:featuredmedia":[{"embeddable":true,"href":"https:\/\/heimatverein-nieder-roden.de\/index.php?rest_route=\/wp\/v2\/media\/7117"}],"wp:attachment":[{"href":"https:\/\/heimatverein-nieder-roden.de\/index.php?rest_route=%2Fwp%2Fv2%2Fmedia&parent=7054"}],"wp:term":[{"taxonomy":"category","embeddable":true,"href":"https:\/\/heimatverein-nieder-roden.de\/index.php?rest_route=%2Fwp%2Fv2%2Fcategories&post=7054"},{"taxonomy":"post_tag","embeddable":true,"href":"https:\/\/heimatverein-nieder-roden.de\/index.php?rest_route=%2Fwp%2Fv2%2Ftags&post=7054"}],"curies":[{"name":"wp","href":"https:\/\/api.w.org\/{rel}","templated":true}]}}