{"id":7040,"date":"2024-07-17T17:10:22","date_gmt":"2024-07-17T15:10:22","guid":{"rendered":"https:\/\/heimatverein-nieder-roden.de\/?p=7040"},"modified":"2024-07-17T17:10:23","modified_gmt":"2024-07-17T15:10:23","slug":"naechste-museumsoeffnung-am-sonntag-21-juli-2024-mit-musik-im-museumshof","status":"publish","type":"post","link":"https:\/\/heimatverein-nieder-roden.de\/?p=7040","title":{"rendered":"&#8222;Musik im Museumshof&#8220;, Werzborre und Oischulfoddo beim Heimatverein"},"content":{"rendered":"<div class=\"wp-block-image wp-image-1293 size-full\">\n<figure class=\"aligncenter is-resized\"><a href=\"https:\/\/heimatverein-nieder-roden.de\/wp-content\/uploads\/2020\/07\/2019-06-16_AKHNR_\u00d6ffnung-2019-06-16_IMG_20190616_144641_stitch.jpg\"><img decoding=\"async\" width=\"1620\" height=\"633\" src=\"https:\/\/heimatverein-nieder-roden.de\/wp-content\/uploads\/2020\/07\/2019-06-16_AKHNR_\u00d6ffnung-2019-06-16_IMG_20190616_144641_stitch.jpg\" alt=\"Die Rodgauer Blasmusik bei ihrem Jubil\u00e4umsauftritt 2019 im Hof des Heimatmuseums! - \u00a9AKHNR\/FST\" class=\"wp-image-2343\" style=\"width:784px;height:auto\" srcset=\"https:\/\/heimatverein-nieder-roden.de\/wp-content\/uploads\/2020\/07\/2019-06-16_AKHNR_\u00d6ffnung-2019-06-16_IMG_20190616_144641_stitch.jpg 1620w, https:\/\/heimatverein-nieder-roden.de\/wp-content\/uploads\/2020\/07\/2019-06-16_AKHNR_\u00d6ffnung-2019-06-16_IMG_20190616_144641_stitch-300x117.jpg 300w, https:\/\/heimatverein-nieder-roden.de\/wp-content\/uploads\/2020\/07\/2019-06-16_AKHNR_\u00d6ffnung-2019-06-16_IMG_20190616_144641_stitch-1024x400.jpg 1024w, https:\/\/heimatverein-nieder-roden.de\/wp-content\/uploads\/2020\/07\/2019-06-16_AKHNR_\u00d6ffnung-2019-06-16_IMG_20190616_144641_stitch-768x300.jpg 768w, https:\/\/heimatverein-nieder-roden.de\/wp-content\/uploads\/2020\/07\/2019-06-16_AKHNR_\u00d6ffnung-2019-06-16_IMG_20190616_144641_stitch-1536x600.jpg 1536w, https:\/\/heimatverein-nieder-roden.de\/wp-content\/uploads\/2020\/07\/2019-06-16_AKHNR_\u00d6ffnung-2019-06-16_IMG_20190616_144641_stitch-560x219.jpg 560w\" sizes=\"(max-width: 1620px) 100vw, 1620px\" \/><\/a><figcaption class=\"wp-element-caption\">Die Rodgauer Blasmusik bei ihrem Jubil\u00e4umsauftritt 2019 im Hof des Heimatmuseums! &#8211; \u00a9AKHNR\/FST<\/figcaption><\/figure>\n<\/div>\n\n\n<p>Am Sonntag, den 21. Juli 2024 gibt es wieder &#8222;Musik im Museumshof&#8220; beim Arbeitskreis f\u00fcr Heimatkunde Nieder-Roden e. V..<\/p>\n\n\n\n<p>Ab 14 Uhr \u00f6ffnet das Heimatmuseum, zum letzten mal vor der Sommerpause, seine Pforten. Es lohnt ein Besuch der Jahresausstellung &#8222;<a href=\"https:\/\/heimatverein-nieder-roden.de\/?p=6700\">70 Jahre Sch\u00fctzenclub Gamsbock Nieder-Roden\/Rollwald<\/a>&#8222;.<\/p>\n\n\n<div class=\"wp-block-image\">\n<figure class=\"aligncenter size-large is-resized\"><img decoding=\"async\" width=\"892\" height=\"1024\" src=\"https:\/\/heimatverein-nieder-roden.de\/wp-content\/uploads\/2024\/01\/Schuetzenclub-Gamsbock_Logo-2018-892x1024.png\" alt=\"\" class=\"wp-image-6425\" style=\"width:189px;height:auto\" srcset=\"https:\/\/heimatverein-nieder-roden.de\/wp-content\/uploads\/2024\/01\/Schuetzenclub-Gamsbock_Logo-2018-892x1024.png 892w, https:\/\/heimatverein-nieder-roden.de\/wp-content\/uploads\/2024\/01\/Schuetzenclub-Gamsbock_Logo-2018-261x300.png 261w, https:\/\/heimatverein-nieder-roden.de\/wp-content\/uploads\/2024\/01\/Schuetzenclub-Gamsbock_Logo-2018-768x882.png 768w, https:\/\/heimatverein-nieder-roden.de\/wp-content\/uploads\/2024\/01\/Schuetzenclub-Gamsbock_Logo-2018-1338x1536.png 1338w, https:\/\/heimatverein-nieder-roden.de\/wp-content\/uploads\/2024\/01\/Schuetzenclub-Gamsbock_Logo-2018-1784x2048.png 1784w, https:\/\/heimatverein-nieder-roden.de\/wp-content\/uploads\/2024\/01\/Schuetzenclub-Gamsbock_Logo-2018-836x960.png 836w, https:\/\/heimatverein-nieder-roden.de\/wp-content\/uploads\/2024\/01\/Schuetzenclub-Gamsbock_Logo-2018-560x643.png 560w\" sizes=\"(max-width: 892px) 100vw, 892px\" \/><\/figure>\n<\/div>\n\n\n<p>Eine Neuerung gibt es auch: f\u00fcr die <a href=\"https:\/\/heimatverein-nieder-roden.de\/?page_id=352\" data-type=\"page\" data-id=\"352\">Dauerausstellung &#8222;Wohnen in Nieder-Roden um die Jahrhundertwende 1900&#8220;<\/a> gibt es nun zwei feste F\u00fchrungstermine. Um 15 Uhr und 16 Uhr startet jeweils eine Gruppe die gef\u00fchrte Tour durch die Ausstellung. Die fachkundigen Guides lassen die Ausstellung erst richtig zur Geltung kommen. Der Treffpunkt ist im Ausstellungsraum der Jahresausstellung.<\/p>\n\n\n\n<div class=\"wp-block-buttons is-content-justification-center is-layout-flex wp-container-core-buttons-is-layout-16018d1d wp-block-buttons-is-layout-flex\">\n<div class=\"wp-block-button\"><a class=\"wp-block-button__link wp-element-button\" href=\"https:\/\/heimatverein-nieder-roden.de\/?page_id=352\" target=\"_blank\" rel=\"noreferrer noopener\">Infos zur Dauerausstellung<\/a><\/div>\n<\/div>\n\n\n\n<p>Es gibt nat\u00fcrlich wieder selbstgebackene Kuchen und Torten f\u00fcr die G\u00e4ste des Museumscaf\u00e9s und bei gutem Wetter decken wir auch im Hof. Hier freuen wir uns besonders \u00fcber die musikalische Begleitung der &#8222;Rodgauer Blasmusik&#8220;. Die erfahrenen Musiker spielen 2024 in ihrem Jubil\u00e4umsjahr zum 25-j\u00e4hrigen Bestehen!<\/p>\n\n\n\n<div class=\"wp-block-columns is-layout-flex wp-container-core-columns-is-layout-9d6595d7 wp-block-columns-is-layout-flex\">\n<div class=\"wp-block-column is-layout-flow wp-block-column-is-layout-flow\" style=\"flex-basis:50%\"><div class=\"wp-block-image\">\n<figure class=\"aligncenter size-large\"><img decoding=\"async\" width=\"1024\" height=\"569\" src=\"https:\/\/heimatverein-nieder-roden.de\/wp-content\/uploads\/2022\/06\/2019-02-21_AKHNR_Logo_Rodgauer-Blasmusik_Var2_v1.0-1024x569.png\" alt=\"\" class=\"wp-image-4398\" srcset=\"https:\/\/heimatverein-nieder-roden.de\/wp-content\/uploads\/2022\/06\/2019-02-21_AKHNR_Logo_Rodgauer-Blasmusik_Var2_v1.0-1024x569.png 1024w, https:\/\/heimatverein-nieder-roden.de\/wp-content\/uploads\/2022\/06\/2019-02-21_AKHNR_Logo_Rodgauer-Blasmusik_Var2_v1.0-300x167.png 300w, https:\/\/heimatverein-nieder-roden.de\/wp-content\/uploads\/2022\/06\/2019-02-21_AKHNR_Logo_Rodgauer-Blasmusik_Var2_v1.0-768x427.png 768w, https:\/\/heimatverein-nieder-roden.de\/wp-content\/uploads\/2022\/06\/2019-02-21_AKHNR_Logo_Rodgauer-Blasmusik_Var2_v1.0-1536x853.png 1536w, https:\/\/heimatverein-nieder-roden.de\/wp-content\/uploads\/2022\/06\/2019-02-21_AKHNR_Logo_Rodgauer-Blasmusik_Var2_v1.0-2048x1138.png 2048w, https:\/\/heimatverein-nieder-roden.de\/wp-content\/uploads\/2022\/06\/2019-02-21_AKHNR_Logo_Rodgauer-Blasmusik_Var2_v1.0-836x464.png 836w, https:\/\/heimatverein-nieder-roden.de\/wp-content\/uploads\/2022\/06\/2019-02-21_AKHNR_Logo_Rodgauer-Blasmusik_Var2_v1.0-560x311.png 560w\" sizes=\"(max-width: 1024px) 100vw, 1024px\" \/><\/figure>\n<\/div><\/div>\n\n\n\n<div class=\"wp-block-column is-layout-flow wp-block-column-is-layout-flow\" style=\"flex-basis:50%\"><div class=\"wp-block-image\">\n<figure class=\"aligncenter size-large is-resized\"><a href=\"mv-nieder-roden.de\" target=\"_blank\" rel=\"noreferrer noopener\"><img decoding=\"async\" width=\"1024\" height=\"469\" src=\"https:\/\/heimatverein-nieder-roden.de\/wp-content\/uploads\/2019\/02\/2019-02-17_AKHNR_MVN-Logo_selbstgeb_v1.0-1024x469.png\" alt=\"\" class=\"wp-image-557\" style=\"aspect-ratio:2.1813725490196076;width:371px;height:auto\" srcset=\"https:\/\/heimatverein-nieder-roden.de\/wp-content\/uploads\/2019\/02\/2019-02-17_AKHNR_MVN-Logo_selbstgeb_v1.0-1024x469.png 1024w, https:\/\/heimatverein-nieder-roden.de\/wp-content\/uploads\/2019\/02\/2019-02-17_AKHNR_MVN-Logo_selbstgeb_v1.0-300x137.png 300w, https:\/\/heimatverein-nieder-roden.de\/wp-content\/uploads\/2019\/02\/2019-02-17_AKHNR_MVN-Logo_selbstgeb_v1.0-768x352.png 768w\" sizes=\"(max-width: 1024px) 100vw, 1024px\" \/><\/a><figcaption class=\"wp-element-caption\">Link zur Internetseite des Musikvereins &#8211; \u00a9MVN<\/figcaption><\/figure>\n<\/div><\/div>\n<\/div>\n\n\n\n<p>Damit setzen wir die Kooperation mit dem Musikverein Nieder-Roden e. V. (MVN) fort.<\/p>\n\n\n\n<p>Auch w\u00e4hrend und danch den Sommerferien engagieren sich die Mitglieder des AKHNR. Wenn alles gut geht, k\u00f6nnen wieder die beliebten Werzborre-Kr\u00e4uterstr\u00e4u\u00dfe gesammelt und gebunden werden. Sie werden dann auf dem Nieder-R\u00f6der Wochenmarkt am Freitag, den 9. August, abgegeben. Der Verein freut sich \u00fcber eine Spende.<\/p>\n\n\n<div class=\"wp-block-image\">\n<figure class=\"aligncenter size-large is-resized\"><a href=\"https:\/\/heimatverein-nieder-roden.de\/wp-content\/uploads\/2019\/08\/20190809_103748.jpg\"><img decoding=\"async\" width=\"768\" height=\"1024\" src=\"https:\/\/heimatverein-nieder-roden.de\/wp-content\/uploads\/2019\/08\/20190809_103748-768x1024.jpg\" alt=\"Stand des AKHNR auf dem Wochenmarkt\" class=\"wp-image-1503\" style=\"width:533px;height:auto\" srcset=\"https:\/\/heimatverein-nieder-roden.de\/wp-content\/uploads\/2019\/08\/20190809_103748-768x1024.jpg 768w, https:\/\/heimatverein-nieder-roden.de\/wp-content\/uploads\/2019\/08\/20190809_103748-225x300.jpg 225w, https:\/\/heimatverein-nieder-roden.de\/wp-content\/uploads\/2019\/08\/20190809_103748-560x747.jpg 560w\" sizes=\"(max-width: 768px) 100vw, 768px\" \/><\/a><figcaption class=\"wp-element-caption\">Fertig gebundene Werzborre-Str\u00e4u\u00dfe<br>\u00a9AKHNR<\/figcaption><\/figure>\n<\/div>\n\n\n<p>Direkt nach den Ferien, zur Einschulung der neuen Erstkl\u00e4ssler, findet die Aktion &#8222;Oischulfoddo&#8220; im Museum statt. Am Dienstag, den 27. August, von 11 bis 16 Uhr, k\u00f6nnen die kleinen ABC-Sch\u00fctzen ein tolles Erinnerungsfoto im historischen Klassenzimmer machen.<\/p>\n\n\n<div class=\"wp-block-image\">\n<figure class=\"aligncenter size-large is-resized has-lightbox\"><a href=\"https:\/\/heimatverein-nieder-roden.de\/?page_id=474\" target=\"_blank\" rel=\"noreferrer noopener\"><img decoding=\"async\" width=\"728\" height=\"1024\" src=\"https:\/\/heimatverein-nieder-roden.de\/wp-content\/uploads\/2024\/07\/akhnr_oischulfoddo2024_plakat-728x1024.png\" alt=\"\" class=\"wp-image-6987\" style=\"width:430px;height:auto\" srcset=\"https:\/\/heimatverein-nieder-roden.de\/wp-content\/uploads\/2024\/07\/akhnr_oischulfoddo2024_plakat-728x1024.png 728w, https:\/\/heimatverein-nieder-roden.de\/wp-content\/uploads\/2024\/07\/akhnr_oischulfoddo2024_plakat-213x300.png 213w, https:\/\/heimatverein-nieder-roden.de\/wp-content\/uploads\/2024\/07\/akhnr_oischulfoddo2024_plakat-768x1081.png 768w, https:\/\/heimatverein-nieder-roden.de\/wp-content\/uploads\/2024\/07\/akhnr_oischulfoddo2024_plakat-1092x1536.png 1092w, https:\/\/heimatverein-nieder-roden.de\/wp-content\/uploads\/2024\/07\/akhnr_oischulfoddo2024_plakat-1456x2048.png 1456w, https:\/\/heimatverein-nieder-roden.de\/wp-content\/uploads\/2024\/07\/akhnr_oischulfoddo2024_plakat-836x1176.png 836w, https:\/\/heimatverein-nieder-roden.de\/wp-content\/uploads\/2024\/07\/akhnr_oischulfoddo2024_plakat-560x788.png 560w, https:\/\/heimatverein-nieder-roden.de\/wp-content\/uploads\/2024\/07\/akhnr_oischulfoddo2024_plakat.png 1848w\" sizes=\"(max-width: 728px) 100vw, 728px\" \/><\/a><figcaption class=\"wp-element-caption\">Plakat zur Aktion &#8222;Oischulfoddo 2024&#8220;\n\u00a9AKHNR\/FMA<\/figcaption><\/figure>\n<\/div>\n\n\n<hr class=\"wp-block-separator has-alpha-channel-opacity is-style-wide\"\/>\n\n\n\n<p><\/p>\n","protected":false},"excerpt":{"rendered":"<p>Am Sonntag, 21. Juli 2024, ge\u00f6ffnet ab 14 Uhr. Wir freuen uns, die Rodgauer Blasmusik begr\u00fc\u00dfen zu d\u00fcrfen. Besuchen Sie die Jahresausstellung &#8222;70 Jahre Sch\u00fctzenclub Gamsbock&#8220;. Infos zu den Aktionen Werzborre und &#8222;Oischulfoddo&#8220;.<\/p><p><a class=\"more-link btn\" href=\"https:\/\/heimatverein-nieder-roden.de\/?p=7040\">Weiterlesen<\/a><\/p>\n","protected":false},"author":1,"featured_media":2343,"comment_status":"closed","ping_status":"closed","sticky":false,"template":"","format":"standard","meta":{"_coblocks_attr":"","_coblocks_dimensions":"","_coblocks_responsive_height":"","_coblocks_accordion_ie_support":"","footnotes":"","_share_on_mastodon":"0"},"categories":[6,88,138,9,10,412,97,94,73],"tags":[30,454,25,20,21,22,23,16,385,29,123,74],"class_list":["post-7040","post","type-post","status-publish","format-standard","has-post-thumbnail","hentry","category-aktuell","category-einschulung","category-jahresausstellung","category-museumsoeffnungen","category-musik-im-museumshof","category-musikverein","category-slider","category-werzborre-veranstaltungen","category-werzborre","tag-blasmusik","tag-jahresausstellung-2024","tag-museumsoeffnung","tag-musik-im-museumshof","tag-musikverein","tag-musikverein-nieder-roden","tag-mvn","tag-nieder-roden","tag-oischulfoddo","tag-rodgauer-blasmusik","tag-schuetzenclub-gamsbock-1954-e-v","tag-werzborre","nodate"],"share_on_mastodon":{"url":"","error":""},"publishpress_future_action":{"enabled":false,"date":"2026-05-06 22:50:50","action":"category-remove","newStatus":"draft","terms":[],"taxonomy":"category","extraData":[]},"publishpress_future_workflow_manual_trigger":{"enabledWorkflows":[]},"_links":{"self":[{"href":"https:\/\/heimatverein-nieder-roden.de\/index.php?rest_route=\/wp\/v2\/posts\/7040","targetHints":{"allow":["GET"]}}],"collection":[{"href":"https:\/\/heimatverein-nieder-roden.de\/index.php?rest_route=\/wp\/v2\/posts"}],"about":[{"href":"https:\/\/heimatverein-nieder-roden.de\/index.php?rest_route=\/wp\/v2\/types\/post"}],"author":[{"embeddable":true,"href":"https:\/\/heimatverein-nieder-roden.de\/index.php?rest_route=\/wp\/v2\/users\/1"}],"replies":[{"embeddable":true,"href":"https:\/\/heimatverein-nieder-roden.de\/index.php?rest_route=%2Fwp%2Fv2%2Fcomments&post=7040"}],"version-history":[{"count":3,"href":"https:\/\/heimatverein-nieder-roden.de\/index.php?rest_route=\/wp\/v2\/posts\/7040\/revisions"}],"predecessor-version":[{"id":7045,"href":"https:\/\/heimatverein-nieder-roden.de\/index.php?rest_route=\/wp\/v2\/posts\/7040\/revisions\/7045"}],"wp:featuredmedia":[{"embeddable":true,"href":"https:\/\/heimatverein-nieder-roden.de\/index.php?rest_route=\/wp\/v2\/media\/2343"}],"wp:attachment":[{"href":"https:\/\/heimatverein-nieder-roden.de\/index.php?rest_route=%2Fwp%2Fv2%2Fmedia&parent=7040"}],"wp:term":[{"taxonomy":"category","embeddable":true,"href":"https:\/\/heimatverein-nieder-roden.de\/index.php?rest_route=%2Fwp%2Fv2%2Fcategories&post=7040"},{"taxonomy":"post_tag","embeddable":true,"href":"https:\/\/heimatverein-nieder-roden.de\/index.php?rest_route=%2Fwp%2Fv2%2Ftags&post=7040"}],"curies":[{"name":"wp","href":"https:\/\/api.w.org\/{rel}","templated":true}]}}