{"id":6946,"date":"2024-07-01T15:12:56","date_gmt":"2024-07-01T13:12:56","guid":{"rendered":"https:\/\/heimatverein-nieder-roden.de\/?p=6946"},"modified":"2024-07-10T14:07:39","modified_gmt":"2024-07-10T12:07:39","slug":"40-jahre-freie-musikschule-rodgau-e-v-jubilaeumsveranstaltung-musik-verbindet","status":"publish","type":"post","link":"https:\/\/heimatverein-nieder-roden.de\/?p=6946","title":{"rendered":"40 Jahre Freie Musikschule Rodgau e.V. \u2013 Jubil\u00e4umsveranstaltung \u201eMusik verbindet\u201c"},"content":{"rendered":"\n<p><strong>Jubil\u00e4umsveranstaltung \u201eMusik verbindet\u201c am 06.07.2024 im B\u00fcrgerhaus Dudenhofen<\/strong><\/p>\n\n\n\n<p>Die Freie Musikschule Rodgau l\u00e4dt anl\u00e4sslich ihres 40-j\u00e4hrigen Bestehens zur Jubil\u00e4umsveranstaltung am Samstag, den 06.07.2024 ins B\u00fcrgerhaus Dudenhofen ein. <\/p>\n\n\n<div class=\"wp-block-image\">\n<figure class=\"aligncenter size-full is-resized\"><a href=\"https:\/\/heimatverein-nieder-roden.de\/wp-content\/uploads\/2024\/07\/grafik.png\"><img decoding=\"async\" width=\"678\" height=\"949\" src=\"https:\/\/heimatverein-nieder-roden.de\/wp-content\/uploads\/2024\/07\/grafik.png\" alt=\"\" class=\"wp-image-6947\" style=\"width:396px;height:auto\" srcset=\"https:\/\/heimatverein-nieder-roden.de\/wp-content\/uploads\/2024\/07\/grafik.png 678w, https:\/\/heimatverein-nieder-roden.de\/wp-content\/uploads\/2024\/07\/grafik-214x300.png 214w, https:\/\/heimatverein-nieder-roden.de\/wp-content\/uploads\/2024\/07\/grafik-560x784.png 560w\" sizes=\"(max-width: 678px) 100vw, 678px\" \/><\/a><figcaption class=\"wp-element-caption\">Plakat zu \u201eMusik verbindet\u201c Jubil\u00e4umsveranstaltung zu 40 Jahren Freie Musikschule Rodgau e. V.\n\u00a9FMR<\/figcaption><\/figure>\n<\/div>\n\n\n<p>Unter dem Motto \u201eMusik verbindet\u201c erwartet das Publikum ein abwechslungsreiches und inspirierendes Programm \u2013 \u00dcberraschungen inklusive! <\/p>\n\n\n\n<p>Von der Band \u201eZugriff\u201c \u00fcber das Jubil\u00e4umsensemble \u201eSaitenwind\u201c bis hin zu einem Opernduett der S\u00e4ngerinnen Sabine Bussalb und Katharina Weltzien-Falk werden musikalisch verbindende Momente erlebbar. <\/p>\n\n\n\n<p>Beginn ist um 15:30 Uhr, der Eintritt ist frei.<\/p>\n\n\n\n<p class=\"is-style-info\">Beitrag erstellt mit freundlicher Unterst\u00fctzung und Genehmigung der Freien Musikschule Rodgau e. V.<br>Vielen Dank!<\/p>\n","protected":false},"excerpt":{"rendered":"<p>Die Freie Musikschule Rodgau l\u00e4dt anl\u00e4sslich ihres 40-j\u00e4hrigen Bestehens zur Jubil\u00e4umsveranstaltung ein.<\/p><p><a class=\"more-link btn\" href=\"https:\/\/heimatverein-nieder-roden.de\/?p=6946\">Weiterlesen<\/a><\/p>\n","protected":false},"author":1,"featured_media":6951,"comment_status":"closed","ping_status":"closed","sticky":false,"template":"","format":"standard","meta":{"_coblocks_attr":"","_coblocks_dimensions":"","_coblocks_responsive_height":"","_coblocks_accordion_ie_support":"","footnotes":"","_share_on_mastodon":"0"},"categories":[6,473],"tags":[475,474,472],"class_list":["post-6946","post","type-post","status-publish","format-standard","has-post-thumbnail","hentry","category-aktuell","category-fmr","tag-buergerhaus-dudenhofen","tag-fmr","tag-freie-musikschule-rodgau","nodate"],"share_on_mastodon":{"url":"","error":""},"publishpress_future_action":{"enabled":false,"date":"2026-05-07 09:36:01","action":"category-remove","newStatus":"draft","terms":[],"taxonomy":"category","extraData":[]},"publishpress_future_workflow_manual_trigger":{"enabledWorkflows":[]},"_links":{"self":[{"href":"https:\/\/heimatverein-nieder-roden.de\/index.php?rest_route=\/wp\/v2\/posts\/6946","targetHints":{"allow":["GET"]}}],"collection":[{"href":"https:\/\/heimatverein-nieder-roden.de\/index.php?rest_route=\/wp\/v2\/posts"}],"about":[{"href":"https:\/\/heimatverein-nieder-roden.de\/index.php?rest_route=\/wp\/v2\/types\/post"}],"author":[{"embeddable":true,"href":"https:\/\/heimatverein-nieder-roden.de\/index.php?rest_route=\/wp\/v2\/users\/1"}],"replies":[{"embeddable":true,"href":"https:\/\/heimatverein-nieder-roden.de\/index.php?rest_route=%2Fwp%2Fv2%2Fcomments&post=6946"}],"version-history":[{"count":3,"href":"https:\/\/heimatverein-nieder-roden.de\/index.php?rest_route=\/wp\/v2\/posts\/6946\/revisions"}],"predecessor-version":[{"id":6955,"href":"https:\/\/heimatverein-nieder-roden.de\/index.php?rest_route=\/wp\/v2\/posts\/6946\/revisions\/6955"}],"wp:featuredmedia":[{"embeddable":true,"href":"https:\/\/heimatverein-nieder-roden.de\/index.php?rest_route=\/wp\/v2\/media\/6951"}],"wp:attachment":[{"href":"https:\/\/heimatverein-nieder-roden.de\/index.php?rest_route=%2Fwp%2Fv2%2Fmedia&parent=6946"}],"wp:term":[{"taxonomy":"category","embeddable":true,"href":"https:\/\/heimatverein-nieder-roden.de\/index.php?rest_route=%2Fwp%2Fv2%2Fcategories&post=6946"},{"taxonomy":"post_tag","embeddable":true,"href":"https:\/\/heimatverein-nieder-roden.de\/index.php?rest_route=%2Fwp%2Fv2%2Ftags&post=6946"}],"curies":[{"name":"wp","href":"https:\/\/api.w.org\/{rel}","templated":true}]}}