{"id":6926,"date":"2024-06-24T13:43:27","date_gmt":"2024-06-24T11:43:27","guid":{"rendered":"https:\/\/heimatverein-nieder-roden.de\/?p=6926"},"modified":"2024-06-26T13:48:40","modified_gmt":"2024-06-26T11:48:40","slug":"jahreskalender-2024-version-1-7-online","status":"publish","type":"post","link":"https:\/\/heimatverein-nieder-roden.de\/?p=6926","title":{"rendered":"Jahreskalender 2024 &#8211; Version 1.7 online"},"content":{"rendered":"\n<p>Wir haben den Jahreskalender auf den aktuellen Stand gebracht.<\/p>\n\n\n\n<div class=\"wp-block-button aligncenter\"><a class=\"wp-block-button__link wp-element-button\" href=\"https:\/\/heimatverein-nieder-roden.de\/?page_id=6853\">zur aktuellen Version<\/a><\/div>\n\n\n<div class=\"wp-block-image\">\n<figure class=\"aligncenter size-full is-resized has-lightbox\"><a href=\"https:\/\/heimatverein-nieder-roden.de\/?page_id=6853\"><img decoding=\"async\" width=\"791\" height=\"560\" src=\"https:\/\/heimatverein-nieder-roden.de\/wp-content\/uploads\/2022\/02\/AKHNR_Kalender2022_v1.2_Symbolbild.png\" alt=\"\" class=\"wp-image-3585\" style=\"width:309px;height:219px\" srcset=\"https:\/\/heimatverein-nieder-roden.de\/wp-content\/uploads\/2022\/02\/AKHNR_Kalender2022_v1.2_Symbolbild.png 791w, https:\/\/heimatverein-nieder-roden.de\/wp-content\/uploads\/2022\/02\/AKHNR_Kalender2022_v1.2_Symbolbild-300x212.png 300w, https:\/\/heimatverein-nieder-roden.de\/wp-content\/uploads\/2022\/02\/AKHNR_Kalender2022_v1.2_Symbolbild-768x544.png 768w, https:\/\/heimatverein-nieder-roden.de\/wp-content\/uploads\/2022\/02\/AKHNR_Kalender2022_v1.2_Symbolbild-560x396.png 560w\" sizes=\"(max-width: 791px) 100vw, 791px\" \/><\/a><figcaption class=\"wp-element-caption\">Jahreskalender &#8211; Symbolbild \u00a9 AKHNR<\/figcaption><\/figure>\n<\/div>\n\n\n<h3 class=\"wp-block-heading\">\u00c4nderungshistorie<\/h3>\n\n\n\n<figure class=\"wp-block-table\"><table><thead><tr><th>Version<\/th><th>\u00c4nderungen<\/th><\/tr><\/thead><tbody><tr><td>AKHNR_Kalender2024_v1.7<\/td><td>Neu:<br>&#8211; 27.06. DRK-Blutspendetermin (nur online)<br>&#8211; 29.06. 85 Jahre B\u00e4ckerei Spahn<br>&#8211; 01.07. Rathaus vor Ort, Puiseauxplatz (nur online und intern)<br>&#8211; 05.07. F\u00fchrung Waldkunstpfad mit Winno Sahm (nur online)<br>&#8211; 07.07. Kindergottesdienst 9:30 Uhr Pfarrheim (nur online)<br>&#8211; 10.07. B\u00fcrgergespr\u00e4ch CDU 19 Uhr Gudes (nur online und intern)<br>&#8211; 14.07. F\u00fchrung Waldkunstpfad mit Gerarhd Steinle (nur online)<br>&#8211; 20.07. F\u00fchrung Waldkunstpfad mit Winno Sahm (nur online)<\/td><\/tr><tr><td>AKHNR_Kalender2024_v1.6<\/td><td>Neu:<br>&#8211; 23.06. NABU Sommerfest 2024<br>&#8211; 23.06. Public Viewing Puiseauxplatz (nur online)<br>&#8211; 29.06. EM Achtelfinale mit Deutschland<br>&#8211; 30.06. Dankamt zur Diamantenen Hochzeit von Ilse und Dieter Sch\u00fcler (nur online)<br>&#8211; 03.07. 2. Jugendversammlung St. Matthias (nur online)<br>&#8211; 06.07. 1. Elfmeter-Cup f\u00fcr Jederfrau\/Jedermann der SGN<br>&#8211; 08.07. Kolpingsfamilie &#8211; Gartenfest Unter den Linden<br>&#8211; 06.07. Musik verbindet &#8211; 40 Jahre Freie Musikschule Rodgau<br>&#8211; 17.07. Seniorennachmittag mit Firmlingen (nur online)<\/td><\/tr><tr><td>AKHNR_Kalender2024_v1.5<\/td><td>Neu:<br>09.06. Europawahl<\/td><\/tr><\/tbody><\/table><\/figure>\n\n\n\n<hr class=\"wp-block-separator has-alpha-channel-opacity is-style-wide\"\/>\n\n\nBeitrag 0 mal aufgerufen in den letzten 365 Tagen.\n","protected":false},"excerpt":{"rendered":"<p>Wir haben den Jahreskalender auf den aktuellen Stand gebracht.<br \/>\nHier gibt es die \u00c4nderungen&#8230;<\/p><p><a class=\"more-link btn\" href=\"https:\/\/heimatverein-nieder-roden.de\/?p=6926\">Weiterlesen<\/a><\/p>\n","protected":false},"author":1,"featured_media":6478,"comment_status":"closed","ping_status":"closed","sticky":false,"template":"","format":"standard","meta":{"_coblocks_attr":"","_coblocks_dimensions":"","_coblocks_responsive_height":"","_coblocks_accordion_ie_support":"","footnotes":"","_share_on_mastodon":"0"},"categories":[6,337,97],"tags":[34,35,143,142,144],"class_list":["post-6926","post","type-post","status-publish","format-standard","has-post-thumbnail","hentry","category-aktuell","category-jahreskalender","category-slider","tag-akhnr","tag-arbeitskreis-fuer-heimatkunde-nieder-roden-e-v","tag-jahreskalender","tag-kalender","tag-kuechenkalender","nodate"],"share_on_mastodon":{"url":"","error":""},"publishpress_future_action":{"enabled":false,"date":"2026-05-06 23:26:00","action":"category-remove","newStatus":"draft","terms":[],"taxonomy":"category","extraData":[]},"publishpress_future_workflow_manual_trigger":{"enabledWorkflows":[]},"_links":{"self":[{"href":"https:\/\/heimatverein-nieder-roden.de\/index.php?rest_route=\/wp\/v2\/posts\/6926","targetHints":{"allow":["GET"]}}],"collection":[{"href":"https:\/\/heimatverein-nieder-roden.de\/index.php?rest_route=\/wp\/v2\/posts"}],"about":[{"href":"https:\/\/heimatverein-nieder-roden.de\/index.php?rest_route=\/wp\/v2\/types\/post"}],"author":[{"embeddable":true,"href":"https:\/\/heimatverein-nieder-roden.de\/index.php?rest_route=\/wp\/v2\/users\/1"}],"replies":[{"embeddable":true,"href":"https:\/\/heimatverein-nieder-roden.de\/index.php?rest_route=%2Fwp%2Fv2%2Fcomments&post=6926"}],"version-history":[{"count":1,"href":"https:\/\/heimatverein-nieder-roden.de\/index.php?rest_route=\/wp\/v2\/posts\/6926\/revisions"}],"predecessor-version":[{"id":6933,"href":"https:\/\/heimatverein-nieder-roden.de\/index.php?rest_route=\/wp\/v2\/posts\/6926\/revisions\/6933"}],"wp:featuredmedia":[{"embeddable":true,"href":"https:\/\/heimatverein-nieder-roden.de\/index.php?rest_route=\/wp\/v2\/media\/6478"}],"wp:attachment":[{"href":"https:\/\/heimatverein-nieder-roden.de\/index.php?rest_route=%2Fwp%2Fv2%2Fmedia&parent=6926"}],"wp:term":[{"taxonomy":"category","embeddable":true,"href":"https:\/\/heimatverein-nieder-roden.de\/index.php?rest_route=%2Fwp%2Fv2%2Fcategories&post=6926"},{"taxonomy":"post_tag","embeddable":true,"href":"https:\/\/heimatverein-nieder-roden.de\/index.php?rest_route=%2Fwp%2Fv2%2Ftags&post=6926"}],"curies":[{"name":"wp","href":"https:\/\/api.w.org\/{rel}","templated":true}]}}