{"id":6907,"date":"2024-06-19T12:46:22","date_gmt":"2024-06-19T10:46:22","guid":{"rendered":"https:\/\/heimatverein-nieder-roden.de\/?p=6907"},"modified":"2024-06-19T12:46:22","modified_gmt":"2024-06-19T10:46:22","slug":"sommerfest-beim-nabu-rodgau","status":"publish","type":"post","link":"https:\/\/heimatverein-nieder-roden.de\/?p=6907","title":{"rendered":"Sommerfest beim NABU Rodgau"},"content":{"rendered":"\n<p>Der NABU Rodgau l\u00e4dt ein zu seinem traditionellen Sommerfest am 23.06.2024 an der NABU-H\u00fctte am H\u00f6rnersgraben im Rollwald von 11 bis 18 Uhr.<\/p>\n\n\n\n<p>Zahlreiche kulinarische K\u00f6stlichkeiten und nat\u00fcrlich wird auch der neue beim Kelterfest gekelterte\u00a0Apfelwein ausgeschenkt.<\/p>\n\n\n\n<figure class=\"wp-block-image size-large\"><img decoding=\"async\" width=\"1024\" height=\"683\" src=\"https:\/\/heimatverein-nieder-roden.de\/wp-content\/uploads\/2024\/04\/NABU-Rodgau_Symbolbild_Garten_pulwey_1080-1024x683.jpg\" alt=\"\" class=\"wp-image-6685\" srcset=\"https:\/\/heimatverein-nieder-roden.de\/wp-content\/uploads\/2024\/04\/NABU-Rodgau_Symbolbild_Garten_pulwey_1080-1024x683.jpg 1024w, https:\/\/heimatverein-nieder-roden.de\/wp-content\/uploads\/2024\/04\/NABU-Rodgau_Symbolbild_Garten_pulwey_1080-300x200.jpg 300w, https:\/\/heimatverein-nieder-roden.de\/wp-content\/uploads\/2024\/04\/NABU-Rodgau_Symbolbild_Garten_pulwey_1080-768x512.jpg 768w, https:\/\/heimatverein-nieder-roden.de\/wp-content\/uploads\/2024\/04\/NABU-Rodgau_Symbolbild_Garten_pulwey_1080-1536x1024.jpg 1536w, https:\/\/heimatverein-nieder-roden.de\/wp-content\/uploads\/2024\/04\/NABU-Rodgau_Symbolbild_Garten_pulwey_1080-836x557.jpg 836w, https:\/\/heimatverein-nieder-roden.de\/wp-content\/uploads\/2024\/04\/NABU-Rodgau_Symbolbild_Garten_pulwey_1080-560x373.jpg 560w, https:\/\/heimatverein-nieder-roden.de\/wp-content\/uploads\/2024\/04\/NABU-Rodgau_Symbolbild_Garten_pulwey_1080-272x182.jpg 272w, https:\/\/heimatverein-nieder-roden.de\/wp-content\/uploads\/2024\/04\/NABU-Rodgau_Symbolbild_Garten_pulwey_1080.jpg 1620w\" sizes=\"(max-width: 1024px) 100vw, 1024px\" \/><figcaption class=\"wp-element-caption\">Der NABU-Garten am H\u00f6rnersgraben. \u00a9Pulwey\/NABU-Rodgau<\/figcaption><\/figure>\n\n\n\n<p>Um 14 Uhr gibt es eine F\u00fchrung duch den allseits beliebten, naturnahen NABU Garten zum Anschauen, Genie\u00dfen und zum Anregungen holen. Nachmachen ist ausdr\u00fccklich erlaubt und erw\u00fcnscht.<\/p>\n\n\n\n<p>Also gleich notieren, denn das sollten Sie sich nicht entgehen lassen.<\/p>\n\n\n\n<p>Alle Mitglieder werden um weitere Kuchenspenden gebeten.<\/p>\n\n\n\n<p class=\"is-style-info\">Beitrag erstellt mit freundlicher Unterst\u00fctzung des NABU-Rodgau. Vielen Dank!<\/p>\n","protected":false},"excerpt":{"rendered":"<p>Der NABU Rodgau l\u00e4dt ein zu seinem traditionellen Sommerfest am 23.06.2024 an der NABU-H\u00fctte am H\u00f6rnersgraben im Rollwald von 11 bis 18 Uhr. Zahlreiche kulinarische K\u00f6stlichkeiten und nat\u00fcrlich wird auch der neue beim Kelterfest gekelterte\u00a0Apfelwein ausgeschenkt. Um 14 Uhr gibt es eine F\u00fchrung duch den allseits beliebten, naturnahen NABU Garten zum Anschauen, Genie\u00dfen und zum &hellip; <\/p>\n<p><a class=\"more-link btn\" href=\"https:\/\/heimatverein-nieder-roden.de\/?p=6907\">Weiterlesen<\/a><\/p>\n","protected":false},"author":1,"featured_media":6685,"comment_status":"closed","ping_status":"closed","sticky":false,"template":"","format":"standard","meta":{"_coblocks_attr":"","_coblocks_dimensions":"","_coblocks_responsive_height":"","_coblocks_accordion_ie_support":"","footnotes":"","_share_on_mastodon":"0"},"categories":[418,97],"tags":[355],"class_list":["post-6907","post","type-post","status-publish","format-standard","has-post-thumbnail","hentry","category-nabu","category-slider","tag-nabu-rodgau","nodate"],"share_on_mastodon":{"url":"","error":""},"publishpress_future_action":{"enabled":false,"date":"2026-05-07 02:15:26","action":"category-remove","newStatus":"draft","terms":[],"taxonomy":"category","extraData":[]},"publishpress_future_workflow_manual_trigger":{"enabledWorkflows":[]},"_links":{"self":[{"href":"https:\/\/heimatverein-nieder-roden.de\/index.php?rest_route=\/wp\/v2\/posts\/6907","targetHints":{"allow":["GET"]}}],"collection":[{"href":"https:\/\/heimatverein-nieder-roden.de\/index.php?rest_route=\/wp\/v2\/posts"}],"about":[{"href":"https:\/\/heimatverein-nieder-roden.de\/index.php?rest_route=\/wp\/v2\/types\/post"}],"author":[{"embeddable":true,"href":"https:\/\/heimatverein-nieder-roden.de\/index.php?rest_route=\/wp\/v2\/users\/1"}],"replies":[{"embeddable":true,"href":"https:\/\/heimatverein-nieder-roden.de\/index.php?rest_route=%2Fwp%2Fv2%2Fcomments&post=6907"}],"version-history":[{"count":1,"href":"https:\/\/heimatverein-nieder-roden.de\/index.php?rest_route=\/wp\/v2\/posts\/6907\/revisions"}],"predecessor-version":[{"id":6908,"href":"https:\/\/heimatverein-nieder-roden.de\/index.php?rest_route=\/wp\/v2\/posts\/6907\/revisions\/6908"}],"wp:featuredmedia":[{"embeddable":true,"href":"https:\/\/heimatverein-nieder-roden.de\/index.php?rest_route=\/wp\/v2\/media\/6685"}],"wp:attachment":[{"href":"https:\/\/heimatverein-nieder-roden.de\/index.php?rest_route=%2Fwp%2Fv2%2Fmedia&parent=6907"}],"wp:term":[{"taxonomy":"category","embeddable":true,"href":"https:\/\/heimatverein-nieder-roden.de\/index.php?rest_route=%2Fwp%2Fv2%2Fcategories&post=6907"},{"taxonomy":"post_tag","embeddable":true,"href":"https:\/\/heimatverein-nieder-roden.de\/index.php?rest_route=%2Fwp%2Fv2%2Ftags&post=6907"}],"curies":[{"name":"wp","href":"https:\/\/api.w.org\/{rel}","templated":true}]}}