{"id":6738,"date":"2024-05-22T00:00:41","date_gmt":"2024-05-21T22:00:41","guid":{"rendered":"https:\/\/heimatverein-nieder-roden.de\/?p=6738"},"modified":"2024-04-15T16:04:40","modified_gmt":"2024-04-15T14:04:40","slug":"nieder-roden-in-bildern-folge-97","status":"publish","type":"post","link":"https:\/\/heimatverein-nieder-roden.de\/?p=6738","title":{"rendered":"Nieder-Roden in Bildern &#8211; Folge 97"},"content":{"rendered":"\n<figure class=\"wp-block-image size-large is-resized\"><img decoding=\"async\" width=\"1024\" height=\"560\" src=\"https:\/\/heimatverein-nieder-roden.de\/wp-content\/uploads\/2024\/04\/2020-05-03_Gemaelde-am-Huehnerzuchtverein-am-Eicheleck_Kalender2023-05_EGE_Huehnerverein-1024x560.jpg\" alt=\"\" class=\"wp-image-6736\" style=\"width:837px;height:auto\" srcset=\"https:\/\/heimatverein-nieder-roden.de\/wp-content\/uploads\/2024\/04\/2020-05-03_Gemaelde-am-Huehnerzuchtverein-am-Eicheleck_Kalender2023-05_EGE_Huehnerverein-1024x560.jpg 1024w, https:\/\/heimatverein-nieder-roden.de\/wp-content\/uploads\/2024\/04\/2020-05-03_Gemaelde-am-Huehnerzuchtverein-am-Eicheleck_Kalender2023-05_EGE_Huehnerverein-300x164.jpg 300w, https:\/\/heimatverein-nieder-roden.de\/wp-content\/uploads\/2024\/04\/2020-05-03_Gemaelde-am-Huehnerzuchtverein-am-Eicheleck_Kalender2023-05_EGE_Huehnerverein-768x420.jpg 768w, https:\/\/heimatverein-nieder-roden.de\/wp-content\/uploads\/2024\/04\/2020-05-03_Gemaelde-am-Huehnerzuchtverein-am-Eicheleck_Kalender2023-05_EGE_Huehnerverein-1536x841.jpg 1536w, https:\/\/heimatverein-nieder-roden.de\/wp-content\/uploads\/2024\/04\/2020-05-03_Gemaelde-am-Huehnerzuchtverein-am-Eicheleck_Kalender2023-05_EGE_Huehnerverein-2048x1121.jpg 2048w, https:\/\/heimatverein-nieder-roden.de\/wp-content\/uploads\/2024\/04\/2020-05-03_Gemaelde-am-Huehnerzuchtverein-am-Eicheleck_Kalender2023-05_EGE_Huehnerverein-836x458.jpg 836w, https:\/\/heimatverein-nieder-roden.de\/wp-content\/uploads\/2024\/04\/2020-05-03_Gemaelde-am-Huehnerzuchtverein-am-Eicheleck_Kalender2023-05_EGE_Huehnerverein-560x307.jpg 560w\" sizes=\"(max-width: 1024px) 100vw, 1024px\" \/><\/figure>\n\n\n\n<p><em>Gem\u00e4lde am Vereinsgel\u00e4nde der &#8222;Hinkeler&#8220; (H\u00fchnerzuchtverein) am Eicheleck&#8220;, 03.05.2020, EGE, (c) AKHNR<\/em><\/p>\n\n\n\n<p><\/p>\n\n\n\n<div class=\"wp-block-button aligncenter\"><a class=\"wp-block-button__link\" href=\"https:\/\/heimatverein-nieder-roden.de\/?page_id=1531\">Alle Folgen<\/a><\/div>\n","protected":false},"excerpt":{"rendered":"<p>Gem\u00e4lde am Vereinsgel\u00e4nde der &#8222;Hinkeler&#8220; (H\u00fchnerzuchtverein) am Eicheleck&#8220;, 03.05.2020, EGE, (c) AKHNR<\/p>\n","protected":false},"author":3,"featured_media":6736,"comment_status":"closed","ping_status":"closed","sticky":false,"template":"","format":"standard","meta":{"_coblocks_attr":"","_coblocks_dimensions":"","_coblocks_responsive_height":"","_coblocks_accordion_ie_support":"","footnotes":"","_share_on_mastodon":"0"},"categories":[5,97],"tags":[456,142,172],"class_list":["post-6738","post","type-post","status-publish","format-standard","has-post-thumbnail","hentry","category-nieder-roden-in-bildern","category-slider","tag-huehnerzuchtverein","tag-kalender","tag-nieder-roden-in-bildern","nodate"],"share_on_mastodon":{"url":"","error":""},"publishpress_future_action":{"enabled":false,"date":"2026-05-07 07:49:20","action":"category-remove","newStatus":"draft","terms":[],"taxonomy":"category","extraData":[]},"publishpress_future_workflow_manual_trigger":{"enabledWorkflows":[]},"_links":{"self":[{"href":"https:\/\/heimatverein-nieder-roden.de\/index.php?rest_route=\/wp\/v2\/posts\/6738","targetHints":{"allow":["GET"]}}],"collection":[{"href":"https:\/\/heimatverein-nieder-roden.de\/index.php?rest_route=\/wp\/v2\/posts"}],"about":[{"href":"https:\/\/heimatverein-nieder-roden.de\/index.php?rest_route=\/wp\/v2\/types\/post"}],"author":[{"embeddable":true,"href":"https:\/\/heimatverein-nieder-roden.de\/index.php?rest_route=\/wp\/v2\/users\/3"}],"replies":[{"embeddable":true,"href":"https:\/\/heimatverein-nieder-roden.de\/index.php?rest_route=%2Fwp%2Fv2%2Fcomments&post=6738"}],"version-history":[{"count":2,"href":"https:\/\/heimatverein-nieder-roden.de\/index.php?rest_route=\/wp\/v2\/posts\/6738\/revisions"}],"predecessor-version":[{"id":6743,"href":"https:\/\/heimatverein-nieder-roden.de\/index.php?rest_route=\/wp\/v2\/posts\/6738\/revisions\/6743"}],"wp:featuredmedia":[{"embeddable":true,"href":"https:\/\/heimatverein-nieder-roden.de\/index.php?rest_route=\/wp\/v2\/media\/6736"}],"wp:attachment":[{"href":"https:\/\/heimatverein-nieder-roden.de\/index.php?rest_route=%2Fwp%2Fv2%2Fmedia&parent=6738"}],"wp:term":[{"taxonomy":"category","embeddable":true,"href":"https:\/\/heimatverein-nieder-roden.de\/index.php?rest_route=%2Fwp%2Fv2%2Fcategories&post=6738"},{"taxonomy":"post_tag","embeddable":true,"href":"https:\/\/heimatverein-nieder-roden.de\/index.php?rest_route=%2Fwp%2Fv2%2Ftags&post=6738"}],"curies":[{"name":"wp","href":"https:\/\/api.w.org\/{rel}","templated":true}]}}