{"id":6700,"date":"2024-04-12T22:37:20","date_gmt":"2024-04-12T20:37:20","guid":{"rendered":"https:\/\/heimatverein-nieder-roden.de\/?p=6700"},"modified":"2026-04-20T20:53:57","modified_gmt":"2026-04-20T18:53:57","slug":"70-jahre-schuetzenclub-gamsbock","status":"publish","type":"post","link":"https:\/\/heimatverein-nieder-roden.de\/?p=6700","title":{"rendered":"&#8222;70 Jahre Sch\u00fctzenclub Gamsbock&#8220;"},"content":{"rendered":"\n<h3 class=\"wp-block-heading has-text-align-left\">Die Jahresausstellung 2024<\/h3>\n\n\n\n<p>Am 18. Februar 1954 kamen 22 Rollw\u00e4lder im Lokal des Johann Stelzm\u00fcller zusammen um die Gr\u00fcndungsurkunde eines neuen Vereins zu unterzeichnen. Es sollte der erste &#8222;eigene&#8220; Rollw\u00e4lder Verein sein, der geselliges Leben auch direkt am Ort erm\u00f6glichen sollte, ohne  dass man daf\u00fcr nach Nieder-Roden oder noch weiter weg musste. Ein Sch\u00fctzenverein wurde es, weil dieser Sport allen Alterklassen M\u00f6glichkeiten der Beteiligung bot.<\/p>\n\n\n\n<div class=\"wp-block-columns is-layout-flex wp-container-core-columns-is-layout-9d6595d7 wp-block-columns-is-layout-flex\">\n<div class=\"wp-block-column is-layout-flow wp-block-column-is-layout-flow\" style=\"flex-basis:50%\"><div class=\"wp-block-image\">\n<figure class=\"aligncenter size-large is-resized\"><img decoding=\"async\" width=\"787\" height=\"1024\" src=\"https:\/\/heimatverein-nieder-roden.de\/wp-content\/uploads\/2024\/04\/scg_johann-stelzmueller-787x1024.png\" alt=\"\" class=\"wp-image-6701\" style=\"width:277px;height:auto\" srcset=\"https:\/\/heimatverein-nieder-roden.de\/wp-content\/uploads\/2024\/04\/scg_johann-stelzmueller-787x1024.png 787w, https:\/\/heimatverein-nieder-roden.de\/wp-content\/uploads\/2024\/04\/scg_johann-stelzmueller-230x300.png 230w, https:\/\/heimatverein-nieder-roden.de\/wp-content\/uploads\/2024\/04\/scg_johann-stelzmueller-768x1000.png 768w, https:\/\/heimatverein-nieder-roden.de\/wp-content\/uploads\/2024\/04\/scg_johann-stelzmueller-1180x1536.png 1180w, https:\/\/heimatverein-nieder-roden.de\/wp-content\/uploads\/2024\/04\/scg_johann-stelzmueller-1573x2048.png 1573w, https:\/\/heimatverein-nieder-roden.de\/wp-content\/uploads\/2024\/04\/scg_johann-stelzmueller-836x1088.png 836w, https:\/\/heimatverein-nieder-roden.de\/wp-content\/uploads\/2024\/04\/scg_johann-stelzmueller-560x729.png 560w\" sizes=\"(max-width: 787px) 100vw, 787px\" \/><figcaption class=\"wp-element-caption\">Johann Stelzm\u00fcller, Wirt des Gr\u00fcndungslokals <br>\u00a9Familie Stelzm\u00fcller\/Slg. SCG<\/figcaption><\/figure>\n<\/div><\/div>\n\n\n\n<div class=\"wp-block-column is-layout-flow wp-block-column-is-layout-flow\" style=\"flex-basis:50%\"><div class=\"wp-block-image\">\n<figure class=\"aligncenter size-large is-resized\"><img decoding=\"async\" width=\"892\" height=\"1024\" src=\"https:\/\/heimatverein-nieder-roden.de\/wp-content\/uploads\/2024\/01\/Schuetzenclub-Gamsbock_Logo-2018-892x1024.png\" alt=\"\" class=\"wp-image-6425\" style=\"width:301px;height:auto\" srcset=\"https:\/\/heimatverein-nieder-roden.de\/wp-content\/uploads\/2024\/01\/Schuetzenclub-Gamsbock_Logo-2018-892x1024.png 892w, https:\/\/heimatverein-nieder-roden.de\/wp-content\/uploads\/2024\/01\/Schuetzenclub-Gamsbock_Logo-2018-261x300.png 261w, https:\/\/heimatverein-nieder-roden.de\/wp-content\/uploads\/2024\/01\/Schuetzenclub-Gamsbock_Logo-2018-768x882.png 768w, https:\/\/heimatverein-nieder-roden.de\/wp-content\/uploads\/2024\/01\/Schuetzenclub-Gamsbock_Logo-2018-1338x1536.png 1338w, https:\/\/heimatverein-nieder-roden.de\/wp-content\/uploads\/2024\/01\/Schuetzenclub-Gamsbock_Logo-2018-1784x2048.png 1784w, https:\/\/heimatverein-nieder-roden.de\/wp-content\/uploads\/2024\/01\/Schuetzenclub-Gamsbock_Logo-2018-836x960.png 836w, https:\/\/heimatverein-nieder-roden.de\/wp-content\/uploads\/2024\/01\/Schuetzenclub-Gamsbock_Logo-2018-560x643.png 560w\" sizes=\"(max-width: 892px) 100vw, 892px\" \/><figcaption class=\"wp-element-caption\">Logo des Sch\u00fctzenclubs Gamsbock.<br>\u00a9SCG<\/figcaption><\/figure>\n<\/div><\/div>\n<\/div>\n\n\n<div class=\"align wp-block-icb-image-compare\" id='icbImageCompare-1' data-attributes='{&quot;cId&quot;:&quot;fe0b7d64-3&quot;,&quot;width&quot;:&quot;100%&quot;,&quot;beforeImg&quot;:{&quot;id&quot;:6702,&quot;url&quot;:&quot;https:\\\/\\\/heimatverein-nieder-roden.de\\\/wp-content\\\/uploads\\\/2024\\\/04\\\/scg_rhoenstrasse-19-1955-gasthaus-stelzmueller-2.jpg&quot;,&quot;alt&quot;:&quot;&quot;,&quot;title&quot;:&quot;Rhoenstrasse-19-1955-Gasthaus-Stelzmueller-2&quot;},&quot;afterImg&quot;:{&quot;id&quot;:6703,&quot;url&quot;:&quot;https:\\\/\\\/heimatverein-nieder-roden.de\\\/wp-content\\\/uploads\\\/2024\\\/04\\\/scg_rhoenstrasse-19-2022-07-12-wst-scaled.jpg&quot;,&quot;alt&quot;:&quot;&quot;,&quot;title&quot;:&quot;Rhoenstrasse-19-2022-07-12-WSt&quot;},&quot;beforeLabel&quot;:&quot;1955&quot;,&quot;afterLabel&quot;:&quot;2022&quot;,&quot;labelPadding&quot;:{&quot;vertical&quot;:&quot;10px&quot;,&quot;horizontal&quot;:&quot;15px&quot;,&quot;side&quot;:4,&quot;top&quot;:&quot;10px&quot;,&quot;right&quot;:&quot;15px&quot;,&quot;bottom&quot;:&quot;10px&quot;,&quot;left&quot;:&quot;15px&quot;},&quot;cap&quot;:&quot;Das Lokal Stelzm\\u00fcller in den 50er und den 2020er Jahren. Ziehen Sie den Regler in der Mitte um die Entwicklung des Standortes zu vergleichen. &lt;br&gt;\\u00a9Rollwald-Dokumentation\\\/Stolzenburg&quot;,&quot;align&quot;:&quot;&quot;,&quot;alignment&quot;:&quot;center&quot;,&quot;theme&quot;:&quot;default&quot;,&quot;border&quot;:[],&quot;orientation&quot;:&quot;horizontal&quot;,&quot;isSwap&quot;:false,&quot;isLabel&quot;:true,&quot;label&quot;:{&quot;hAlign&quot;:&quot;bottom&quot;,&quot;vAlign&quot;:&quot;center&quot;,&quot;isShowHover&quot;:false},&quot;labelTypo&quot;:{&quot;fontSize&quot;:{&quot;desktop&quot;:15,&quot;tablet&quot;:15,&quot;mobile&quot;:15}},&quot;labelColors&quot;:{&quot;color&quot;:&quot;#fff&quot;,&quot;bg&quot;:&quot;#00000080&quot;},&quot;isCap&quot;:true,&quot;capAlign&quot;:&quot;center&quot;,&quot;capTypo&quot;:{&quot;fontSize&quot;:{&quot;desktop&quot;:14,&quot;tablet&quot;:14,&quot;mobile&quot;:14}},&quot;capColors&quot;:{&quot;color&quot;:&quot;#333&quot;,&quot;bg&quot;:&quot;#f4f4f4&quot;},&quot;capPadding&quot;:{&quot;vertical&quot;:&quot;10px&quot;,&quot;horizontal&quot;:&quot;15px&quot;},&quot;dragg&quot;:{&quot;handleType&quot;:&quot;default&quot;,&quot;shapeType&quot;:&quot;default&quot;},&quot;styles&quot;:{&quot;container&quot;:{&quot;height&quot;:{&quot;desktop&quot;:&quot;&quot;,&quot;tablet&quot;:&quot;&quot;,&quot;mobile&quot;:&quot;&quot;}},&quot;dragg&quot;:{&quot;line&quot;:{&quot;bg&quot;:{&quot;color&quot;:&quot;#fff&quot;},&quot;size&quot;:2},&quot;icon&quot;:{&quot;color&quot;:&quot;&quot;},&quot;handler&quot;:{&quot;color&quot;:&quot;&quot;}}},&quot;options&quot;:{&quot;defaultOffset&quot;:0.5,&quot;moveMouseOver&quot;:false,&quot;isMoveClick&quot;:false,&quot;autoSlide&quot;:{&quot;isAutoSlide&quot;:false,&quot;speed&quot;:5,&quot;isHoverStop&quot;:true}},&quot;sliderOptions&quot;:{&quot;arrowType&quot;:&quot;style1&quot;,&quot;height&quot;:{&quot;desktop&quot;:&quot;400px&quot;,&quot;tablet&quot;:&quot;400px&quot;,&quot;mobile&quot;:&quot;400px&quot;},&quot;autoplay&quot;:true,&quot;dots&quot;:false,&quot;speed&quot;:500,&quot;autoplaySpeed&quot;:2500,&quot;pauseOnHover&quot;:true,&quot;infinite&quot;:true,&quot;arrows&quot;:true,&quot;slidesView&quot;:{&quot;desktop&quot;:1,&quot;tablet&quot;:1,&quot;mobile&quot;:1}},&quot;sliderStyle&quot;:{&quot;pagination&quot;:{&quot;active&quot;:&quot;#4527a4&quot;},&quot;navigation&quot;:{&quot;icon&quot;:{&quot;normal&quot;:{&quot;color&quot;:&quot;#000&quot;,&quot;size&quot;:&quot;22px&quot;},&quot;hover&quot;:{&quot;color&quot;:&quot;&quot;,&quot;size&quot;:&quot;22px&quot;}},&quot;container&quot;:{&quot;height&quot;:&quot;&quot;,&quot;width&quot;:&quot;&quot;,&quot;normal&quot;:{&quot;bg&quot;:{&quot;color&quot;:&quot;#fff&quot;},&quot;border&quot;:[],&quot;radius&quot;:{&quot;left&quot;:&quot;30px&quot;,&quot;right&quot;:&quot;30px&quot;,&quot;top&quot;:&quot;30px&quot;,&quot;bottom&quot;:&quot;30px&quot;}},&quot;hover&quot;:{&quot;bg&quot;:{&quot;color&quot;:&quot;#fff&quot;},&quot;border&quot;:[],&quot;radius&quot;:[]}}}},&quot;slider&quot;:[{&quot;beforeImg&quot;:{&quot;img&quot;:{&quot;url&quot;:&quot;https:\\\/\\\/templates.bplugins.com\\\/wp-content\\\/uploads\\\/2025\\\/03\\\/beafImg.jpg&quot;},&quot;beforeLabel&quot;:&quot;Before Label&quot;},&quot;afterImg&quot;:{&quot;img&quot;:{&quot;url&quot;:&quot;https:\\\/\\\/templates.bplugins.com\\\/wp-content\\\/uploads\\\/2025\\\/03\\\/beafImg2.jpg&quot;},&quot;afterLabel&quot;:&quot;After Label&quot;},&quot;caption&quot;:&quot;Before After Image Caption&quot;},{&quot;beforeImg&quot;:{&quot;img&quot;:{&quot;url&quot;:&quot;https:\\\/\\\/templates.bplugins.com\\\/wp-content\\\/uploads\\\/2025\\\/03\\\/beafImg.jpg&quot;},&quot;beforeLabel&quot;:&quot;Before Label&quot;},&quot;afterImg&quot;:{&quot;img&quot;:{&quot;url&quot;:&quot;https:\\\/\\\/templates.bplugins.com\\\/wp-content\\\/uploads\\\/2025\\\/03\\\/beafImg2.jpg&quot;},&quot;afterLabel&quot;:&quot;After Label&quot;},&quot;caption&quot;:&quot;Before After Image Caption&quot;},{&quot;beforeImg&quot;:{&quot;img&quot;:{&quot;url&quot;:&quot;https:\\\/\\\/templates.bplugins.com\\\/wp-content\\\/uploads\\\/2025\\\/03\\\/beafImg.jpg&quot;},&quot;beforeLabel&quot;:&quot;Before Label&quot;},&quot;afterImg&quot;:{&quot;img&quot;:{&quot;url&quot;:&quot;https:\\\/\\\/templates.bplugins.com\\\/wp-content\\\/uploads\\\/2025\\\/03\\\/beafImg2.jpg&quot;},&quot;afterLabel&quot;:&quot;After Label&quot;},&quot;caption&quot;:&quot;Before After Image Caption&quot;}]}' data-icbchecker='false'><\/div>\n\n\n<p>Zu seinem 70. Geburtstag l\u00e4sst diese Ausstellung die Entwicklung des Vereins Revue passieren. Gezeigt werden die Gr\u00fcndungszeit mit ihren fr\u00fchen Vorsitzenden, das Jubil\u00e4um im Jahr 1964, wichtige Ereignisse aus dem Vereinsleben wie die Ortsvereine- und K\u00f6nigsschie\u00dfen, die Entwicklung des Vereinsheims am H\u00f6rnersgraben und den Verein heute, mit dem Sch\u00fctzensport im Mittelpunkt. <\/p>\n\n\n\n<figure class=\"wp-block-image size-large\"><a href=\"https:\/\/heimatverein-nieder-roden.de\/wp-content\/uploads\/2024\/04\/scg_kk-liegend-scaled.jpg\"><img decoding=\"async\" src=\"https:\/\/heimatverein-nieder-roden.de\/wp-content\/uploads\/2024\/04\/scg_kk-liegend-1024x768.jpg\" alt=\"\" class=\"wp-image-6704\"\/><\/a><figcaption class=\"wp-element-caption\">Der KK-Stand im Vereinsheim heute. <br>\u00a9SCG<\/figcaption><\/figure>\n\n\n\n<figure class=\"wp-block-image size-large\"><a href=\"https:\/\/heimatverein-nieder-roden.de\/wp-content\/uploads\/2024\/04\/scg_festumzug-1964.png\"><img decoding=\"async\" width=\"1024\" height=\"697\" src=\"https:\/\/heimatverein-nieder-roden.de\/wp-content\/uploads\/2024\/04\/scg_festumzug-1964-1024x697.png\" alt=\"\" class=\"wp-image-6706\" srcset=\"https:\/\/heimatverein-nieder-roden.de\/wp-content\/uploads\/2024\/04\/scg_festumzug-1964-1024x697.png 1024w, https:\/\/heimatverein-nieder-roden.de\/wp-content\/uploads\/2024\/04\/scg_festumzug-1964-300x204.png 300w, https:\/\/heimatverein-nieder-roden.de\/wp-content\/uploads\/2024\/04\/scg_festumzug-1964-768x523.png 768w, https:\/\/heimatverein-nieder-roden.de\/wp-content\/uploads\/2024\/04\/scg_festumzug-1964-1536x1046.png 1536w, https:\/\/heimatverein-nieder-roden.de\/wp-content\/uploads\/2024\/04\/scg_festumzug-1964-2048x1395.png 2048w, https:\/\/heimatverein-nieder-roden.de\/wp-content\/uploads\/2024\/04\/scg_festumzug-1964-836x569.png 836w, https:\/\/heimatverein-nieder-roden.de\/wp-content\/uploads\/2024\/04\/scg_festumzug-1964-560x381.png 560w\" sizes=\"(max-width: 1024px) 100vw, 1024px\" \/><\/a><figcaption class=\"wp-element-caption\">Aufstellung zum Festumzug im Jahr 1964.<br>\u00a9SCG<\/figcaption><\/figure>\n\n\n\n<p>Es gibt viel zu entdecken und Neues zu lernen \u00fcber den Verein und seinen Sport, der auch Nieder-Roden und seinen Ortsteil Rollwald miteinander verbindet. Gro\u00dfformatige Ausstellungstafeln werden erg\u00e4nzt durch digitale, animierte Inhalte und reale Exponate.<\/p>\n\n\n\n<p>Wir freuen uns auf Ihren Besuch.<br><a href=\"https:\/\/heimatverein-nieder-roden.de\/?page_id=23\">Die \u00d6ffnungstermine finden Sie rechts bzw. unten und auf unserer Seite &#8222;Termine&#8220;<\/a>.<\/p>\n\n\n\n<div class=\"wp-block-button aligncenter\"><a class=\"wp-block-button__link wp-element-button\" href=\"https:\/\/heimatverein-nieder-roden.de\/?page_id=352\">Weitere Infos zum Heimatmuseum<\/a><\/div>\n\n\n\n<hr class=\"wp-block-separator has-alpha-channel-opacity is-style-wide\"\/>\n\n\nBeitrag 0 mal aufgerufen in den letzten 365 Tagen.\n","protected":false},"excerpt":{"rendered":"<p>Thema der Jahresausstellung 2024<\/p><p><a class=\"more-link btn\" href=\"https:\/\/heimatverein-nieder-roden.de\/?p=6700\">Weiterlesen<\/a><\/p>\n","protected":false},"author":1,"featured_media":6725,"comment_status":"closed","ping_status":"closed","sticky":false,"template":"","format":"standard","meta":{"_coblocks_attr":"","_coblocks_dimensions":"","_coblocks_responsive_height":"","_coblocks_accordion_ie_support":"","footnotes":"","_share_on_mastodon":"0"},"categories":[138,139,97],"tags":[34,35,27,124,453,123],"class_list":["post-6700","post","type-post","status-publish","format-standard","has-post-thumbnail","hentry","category-jahresausstellung","category-jahresausstellung-hauptartikel","category-slider","tag-akhnr","tag-arbeitskreis-fuer-heimatkunde-nieder-roden-e-v","tag-jahresausstellung","tag-rollwald","tag-scg","tag-schuetzenclub-gamsbock-1954-e-v","nodate"],"share_on_mastodon":{"url":"","error":""},"publishpress_future_action":{"enabled":false,"date":"2026-05-06 22:50:53","action":"category-remove","newStatus":"draft","terms":[],"taxonomy":"category","extraData":[]},"publishpress_future_workflow_manual_trigger":{"enabledWorkflows":[]},"_links":{"self":[{"href":"https:\/\/heimatverein-nieder-roden.de\/index.php?rest_route=\/wp\/v2\/posts\/6700","targetHints":{"allow":["GET"]}}],"collection":[{"href":"https:\/\/heimatverein-nieder-roden.de\/index.php?rest_route=\/wp\/v2\/posts"}],"about":[{"href":"https:\/\/heimatverein-nieder-roden.de\/index.php?rest_route=\/wp\/v2\/types\/post"}],"author":[{"embeddable":true,"href":"https:\/\/heimatverein-nieder-roden.de\/index.php?rest_route=\/wp\/v2\/users\/1"}],"replies":[{"embeddable":true,"href":"https:\/\/heimatverein-nieder-roden.de\/index.php?rest_route=%2Fwp%2Fv2%2Fcomments&post=6700"}],"version-history":[{"count":11,"href":"https:\/\/heimatverein-nieder-roden.de\/index.php?rest_route=\/wp\/v2\/posts\/6700\/revisions"}],"predecessor-version":[{"id":7544,"href":"https:\/\/heimatverein-nieder-roden.de\/index.php?rest_route=\/wp\/v2\/posts\/6700\/revisions\/7544"}],"wp:featuredmedia":[{"embeddable":true,"href":"https:\/\/heimatverein-nieder-roden.de\/index.php?rest_route=\/wp\/v2\/media\/6725"}],"wp:attachment":[{"href":"https:\/\/heimatverein-nieder-roden.de\/index.php?rest_route=%2Fwp%2Fv2%2Fmedia&parent=6700"}],"wp:term":[{"taxonomy":"category","embeddable":true,"href":"https:\/\/heimatverein-nieder-roden.de\/index.php?rest_route=%2Fwp%2Fv2%2Fcategories&post=6700"},{"taxonomy":"post_tag","embeddable":true,"href":"https:\/\/heimatverein-nieder-roden.de\/index.php?rest_route=%2Fwp%2Fv2%2Ftags&post=6700"}],"curies":[{"name":"wp","href":"https:\/\/api.w.org\/{rel}","templated":true}]}}