{"id":6647,"date":"2024-03-30T12:23:54","date_gmt":"2024-03-30T11:23:54","guid":{"rendered":"https:\/\/heimatverein-nieder-roden.de\/?p=6647"},"modified":"2024-04-06T18:21:23","modified_gmt":"2024-04-06T16:21:23","slug":"nabu-rodgau-vortrag-wassersparen-im-garten","status":"publish","type":"post","link":"https:\/\/heimatverein-nieder-roden.de\/?p=6647","title":{"rendered":"NABU Rodgau &#8211; Vortrag &#8222;Wassersparen im Garten&#8220;"},"content":{"rendered":"\n<p>Deutschland war sehr lange Zeit ein Land, in dem man sich kaum Gedanken \u00fcber eine zuverl\u00e4ssige Versorgung mit Wasser machen brauchte. Aufgrund von klimatischen Ver\u00e4nderungen steigen zwar die j\u00e4hrlichen Niederschlagsmengen, aber deren Verteilung \u00fcber das Jahr wird immer ungleichm\u00e4\u00dfiger. Vor allem in den Sommermonaten kommt es immer \u00f6fter zu langen Trockenphasen oder Starkregenereignissen. Deshalb wird es immer wichtiger vor allem Trinkwasser zu sparen.<\/p>\n\n\n\n<blockquote class=\"wp-block-quote has-text-align-center is-layout-flow wp-block-quote-is-layout-flow\">\n<p>Zeit und Ort:<br><br>Dienstag 09.04.2024 <br>19:30 Uhr<br>Sozialzentrum Nieder-Roden<br>am Puiseauxplatz<br><\/p>\n<\/blockquote>\n\n\n\n<p>Der Vortrag: Wasser sparen im Garten, beleuchtet verschiedene Aspekte, die jeder Einzelne einfach umsetzen kann. Hierbei ist neben einer trockenresistenten Bepflanzung, vor allem der Zeitpunkt und die Menge der Bew\u00e4sserung entscheidend. Zus\u00e4tzlich gibt es Vorschl\u00e4ge zur Bodenverbesserung, da ein lockerer und gesunder Boden viel mehr Wasser aufnehmen kann, aber auch um die Verdunstung zu reduzieren.<\/p>\n\n\n\n<p>Die Veranstaltung findet am Dienstag 09.04.2024 um 19:30 Uhr im Sozialzentrum Nieder Roden statt. Der NABU Rodgau l\u00e4dt alle Interessierte recht herzlich ein.<\/p>\n\n\n<div class=\"wp-block-image\">\n<figure class=\"aligncenter size-large is-resized\"><img decoding=\"async\" width=\"1024\" height=\"681\" src=\"https:\/\/heimatverein-nieder-roden.de\/wp-content\/uploads\/2023\/07\/nabu-rodgau_nieder-roden-vogelhuette_garten_pulweyandreas-1024x681.png\" alt=\"\" class=\"wp-image-5299\" style=\"width:675px;height:auto\" srcset=\"https:\/\/heimatverein-nieder-roden.de\/wp-content\/uploads\/2023\/07\/nabu-rodgau_nieder-roden-vogelhuette_garten_pulweyandreas-1024x681.png 1024w, https:\/\/heimatverein-nieder-roden.de\/wp-content\/uploads\/2023\/07\/nabu-rodgau_nieder-roden-vogelhuette_garten_pulweyandreas-300x200.png 300w, https:\/\/heimatverein-nieder-roden.de\/wp-content\/uploads\/2023\/07\/nabu-rodgau_nieder-roden-vogelhuette_garten_pulweyandreas-768x511.png 768w, https:\/\/heimatverein-nieder-roden.de\/wp-content\/uploads\/2023\/07\/nabu-rodgau_nieder-roden-vogelhuette_garten_pulweyandreas-836x556.png 836w, https:\/\/heimatverein-nieder-roden.de\/wp-content\/uploads\/2023\/07\/nabu-rodgau_nieder-roden-vogelhuette_garten_pulweyandreas-560x372.png 560w, https:\/\/heimatverein-nieder-roden.de\/wp-content\/uploads\/2023\/07\/nabu-rodgau_nieder-roden-vogelhuette_garten_pulweyandreas-272x182.png 272w, https:\/\/heimatverein-nieder-roden.de\/wp-content\/uploads\/2023\/07\/nabu-rodgau_nieder-roden-vogelhuette_garten_pulweyandreas.png 1200w\" sizes=\"(max-width: 1024px) 100vw, 1024px\" \/><figcaption class=\"wp-element-caption\">Der NABU-Garten auf dem Vereinsgel\u00e4nde am H\u00f6rnersgraben in Nieder-Roden. \u00a9NABU-Rodgau\/Pulwey<\/figcaption><\/figure>\n<\/div>\n\n\n<p>Weitere Infos gibt es direkt beim NABU Rodgau:<\/p>\n\n\n<div class=\"wp-block-image\">\n<figure class=\"aligncenter size-full is-resized\"><a href=\"https:\/\/www.nabu-rodgau.de\/\" target=\"_blank\" rel=\"noreferrer noopener\"><img decoding=\"async\" width=\"556\" height=\"432\" src=\"https:\/\/heimatverein-nieder-roden.de\/wp-content\/uploads\/2024\/01\/grafik-3.png\" alt=\"\" class=\"wp-image-6423\" style=\"width:356px;height:auto\" srcset=\"https:\/\/heimatverein-nieder-roden.de\/wp-content\/uploads\/2024\/01\/grafik-3.png 556w, https:\/\/heimatverein-nieder-roden.de\/wp-content\/uploads\/2024\/01\/grafik-3-300x233.png 300w\" sizes=\"(max-width: 556px) 100vw, 556px\" \/><\/a><figcaption class=\"wp-element-caption\">Klicken Sie auf das Logo um zur Website des NABU Rodgau zu gelangen. \u00a9NABU Rodgau<\/figcaption><\/figure>\n<\/div>\n\n\n<p class=\"is-style-info\">Beitrag erstellt mit freundlicher Unterst\u00fctzung und Genehmigung des NABU Rodgau. <br>Vielen Dank!<\/p>\n","protected":false},"excerpt":{"rendered":"<p>Der Vortrag: Wasser sparen im Garten, beleuchtet verschiedene Aspekte, die jeder Einzelne einfach umsetzen kann. Zeit und Ort: Dienstag 09.04.2024 um 19:30 Uhr im Sozialzentrum Nieder Roden.<\/p><p><a class=\"more-link btn\" href=\"https:\/\/heimatverein-nieder-roden.de\/?p=6647\">Weiterlesen<\/a><\/p>\n","protected":false},"author":1,"featured_media":6694,"comment_status":"closed","ping_status":"closed","sticky":false,"template":"","format":"standard","meta":{"_coblocks_attr":"","_coblocks_dimensions":"","_coblocks_responsive_height":"","_coblocks_accordion_ie_support":"","footnotes":"","_share_on_mastodon":"0"},"categories":[6,418,242],"tags":[354,355],"class_list":["post-6647","post","type-post","status-publish","format-standard","has-post-thumbnail","hentry","category-aktuell","category-nabu","category-partner","tag-nabu","tag-nabu-rodgau","nodate"],"share_on_mastodon":{"url":"","error":""},"publishpress_future_action":{"enabled":false,"date":"2026-05-07 02:15:02","action":"category-remove","newStatus":"draft","terms":[],"taxonomy":"category","extraData":[]},"publishpress_future_workflow_manual_trigger":{"enabledWorkflows":[]},"_links":{"self":[{"href":"https:\/\/heimatverein-nieder-roden.de\/index.php?rest_route=\/wp\/v2\/posts\/6647","targetHints":{"allow":["GET"]}}],"collection":[{"href":"https:\/\/heimatverein-nieder-roden.de\/index.php?rest_route=\/wp\/v2\/posts"}],"about":[{"href":"https:\/\/heimatverein-nieder-roden.de\/index.php?rest_route=\/wp\/v2\/types\/post"}],"author":[{"embeddable":true,"href":"https:\/\/heimatverein-nieder-roden.de\/index.php?rest_route=\/wp\/v2\/users\/1"}],"replies":[{"embeddable":true,"href":"https:\/\/heimatverein-nieder-roden.de\/index.php?rest_route=%2Fwp%2Fv2%2Fcomments&post=6647"}],"version-history":[{"count":1,"href":"https:\/\/heimatverein-nieder-roden.de\/index.php?rest_route=\/wp\/v2\/posts\/6647\/revisions"}],"predecessor-version":[{"id":6648,"href":"https:\/\/heimatverein-nieder-roden.de\/index.php?rest_route=\/wp\/v2\/posts\/6647\/revisions\/6648"}],"wp:featuredmedia":[{"embeddable":true,"href":"https:\/\/heimatverein-nieder-roden.de\/index.php?rest_route=\/wp\/v2\/media\/6694"}],"wp:attachment":[{"href":"https:\/\/heimatverein-nieder-roden.de\/index.php?rest_route=%2Fwp%2Fv2%2Fmedia&parent=6647"}],"wp:term":[{"taxonomy":"category","embeddable":true,"href":"https:\/\/heimatverein-nieder-roden.de\/index.php?rest_route=%2Fwp%2Fv2%2Fcategories&post=6647"},{"taxonomy":"post_tag","embeddable":true,"href":"https:\/\/heimatverein-nieder-roden.de\/index.php?rest_route=%2Fwp%2Fv2%2Ftags&post=6647"}],"curies":[{"name":"wp","href":"https:\/\/api.w.org\/{rel}","templated":true}]}}